{"id":26391,"date":"2023-01-09T09:28:02","date_gmt":"2023-01-09T12:28:02","guid":{"rendered":"https:\/\/radiorevelacionfm.cl\/?p=26391"},"modified":"2023-01-09T09:28:02","modified_gmt":"2023-01-09T12:28:02","slug":"senador-sandoval-insiste-en-necesidad-de-conocer-detalles-de-plan-de-conectividad-anunciado-por-el-mop","status":"publish","type":"post","link":"https:\/\/radiorevelacionfm.cl\/?p=26391","title":{"rendered":"Senador Sandoval insiste en necesidad de conocer detalles de Plan de Conectividad anunciado por el MOP"},"content":{"rendered":"<div class=\"flex_column av_one_full  flex_column_div av-zero-column-padding first  avia-builder-el-0  el_before_av_one_full  avia-builder-el-first  \" style='border-radius:0px; '><div  class='avia-image-container  av-styling-    avia-builder-el-1  avia-builder-el-no-sibling  avia-align-center '  itemprop=\"image\" itemscope=\"itemscope\" itemtype=\"https:\/\/schema.org\/ImageObject\"  ><div class='avia-image-container-inner'><div class='avia-image-overlay-wrap'><img decoding=\"async\" class='wp-image-26392 avia-img-lazy-loading-not-26392 avia_image' src=\"https:\/\/radiorevelacionfm.cl\/wp-content\/uploads\/2023\/01\/SENADOR-SANDOVAL-16-1-1.jpg\" alt='' title='SENADOR SANDOVAL (16) (1) (1)' height=\"600\" width=\"1019\"  itemprop=\"thumbnailUrl\" srcset=\"https:\/\/radiorevelacionfm.cl\/wp-content\/uploads\/2023\/01\/SENADOR-SANDOVAL-16-1-1.jpg 1019w, https:\/\/radiorevelacionfm.cl\/wp-content\/uploads\/2023\/01\/SENADOR-SANDOVAL-16-1-1-300x177.jpg 300w, https:\/\/radiorevelacionfm.cl\/wp-content\/uploads\/2023\/01\/SENADOR-SANDOVAL-16-1-1-768x452.jpg 768w, https:\/\/radiorevelacionfm.cl\/wp-content\/uploads\/2023\/01\/SENADOR-SANDOVAL-16-1-1-705x415.jpg 705w, https:\/\/radiorevelacionfm.cl\/wp-content\/uploads\/2023\/01\/SENADOR-SANDOVAL-16-1-1-600x353.jpg 600w\" sizes=\"(max-width: 1019px) 100vw, 1019px\" \/><\/div><\/div><\/div><\/div><div class=\"flex_column av_one_full  flex_column_div av-zero-column-padding first  avia-builder-el-2  el_after_av_one_full  el_before_av_one_full  column-top-margin\" style='border-radius:0px; '><section class=\"av_textblock_section \"  itemscope=\"itemscope\" itemtype=\"https:\/\/schema.org\/BlogPosting\" itemprop=\"blogPost\" ><div class='avia_textblock  '   itemprop=\"text\" ><p style=\"text-align: center;\"><span style=\"font-size: 18pt;\"><strong>Senador Sandoval insiste en necesidad de conocer detalles de Plan de Conectividad anunciado por el MOP <\/strong><\/span><\/p>\n<div id=\"gtx-trans\" style=\"position: absolute; left: -50px; top: 4.31534px;\">\n<div class=\"gtx-trans-icon\"><\/div>\n<\/div>\n<\/div><\/section><\/div><div class=\"flex_column av_one_full  flex_column_div av-zero-column-padding first  avia-builder-el-4  el_after_av_one_full  el_before_av_hr  column-top-margin\" style='border-radius:0px; '><section class=\"av_textblock_section \"  itemscope=\"itemscope\" itemtype=\"https:\/\/schema.org\/BlogPosting\" itemprop=\"blogPost\" ><div class='avia_textblock  '   itemprop=\"text\" ><p style=\"text-align: justify;\">Parlamentario record\u00f3 que en la reciente visita del ministro Juan Carlos Garc\u00eda, si bien se ratific\u00f3 que la ruta 7 ser\u00e1 objetivo de Estado, hasta ahora no se conoce c\u00f3mo se llevar\u00e1 adelante el mencionado plan.<\/p>\n<p style=\"text-align: justify;\">Su inquietud manifest\u00f3 en los \u00faltimos d\u00edas el senador David Sandoval, luego de que, en la visita realizada a fines de diciembre pasado por el ministro de Obras P\u00fablicas, Juan Carlos Garc\u00eda, no se diera a conocer detalles respecto de los alcances y la forma en que se ejecutar\u00e1 el anunciado nuevo plan de Conectividad para la regi\u00f3n de Ays\u00e9n.<\/p>\n<p style=\"text-align: justify;\">El parlamentario record\u00f3 que, en septiembre del a\u00f1o pasado, en una reuni\u00f3n con el secretario de Estado donde participaron parlamentarios, alcaldes , concejales y cores, se dio a conocer esta iniciativa, de la cual hasta ahora no se han dado a conocer sus alcances. \u201cNos se\u00f1al\u00f3 (el ministro) que en dos meses estar\u00eda listo el plan de conectividad, para venir a la regi\u00f3n para rubricar el compromiso. Termina viniendo en diciembre, donde estuvimos todos los parlamentarios, el consejo regional, algunas organizaciones, y todos quedamos esperando el anuncio del detalle del plan de conectividad, pero no lo hubo. Todos quedamos marcando ocupado\u201d, indic\u00f3.<\/p>\n<p style=\"text-align: justify;\">Por lo mismo, Sandoval hizo un llamado a \u201cque esta situaci\u00f3n se corrija, porque a eso ven\u00eda el ministro\u201d, si bien reconoci\u00f3 que lo \u00fanico que qued\u00f3 claro, y que es trascendente para la regi\u00f3n, es que la ruta 7 va a ser un compromiso de financiamiento del ministerio de Obras P\u00fablicas. \u201cAl final fue lo \u00fanico que ratific\u00f3 de todo lo que hab\u00edamos hablado con anterioridad, porque eso hab\u00eda sido un compromiso que se hab\u00eda suscrito con la realizaci\u00f3n del Presupuesto. Eso significa miles de millones de pesos liberados para la regi\u00f3n de Ays\u00e9n, que ahora deber\u00e1 poner el Gobierno\u201d, puntualiz\u00f3.<\/p>\n<p style=\"text-align: justify;\">\u201cDe aqu\u00ed para adelante el gobierno regional, para la ruta 7, ya no va a poner ning\u00fan peso, que ya lo hab\u00edamos informado y que el ministro lo ratific\u00f3 p\u00fablicamente\u201d, agreg\u00f3, lamentando que no haya mayor informaci\u00f3n sobre \u201cqu\u00e9 es lo que se va a hacer\u201d.<\/p>\n<p style=\"text-align: justify;\">Lo anterior es relevante, concluy\u00f3 el legislador, por las necesidades que existen en materia de conectividad en distintos sectores de la regi\u00f3n, por ejemplo, en situaciones como las que viven las familias del sector Pangal, en la comuna de Ays\u00e9n, las que esperan poder resolver sus problemas de conectividad tanto en materia caminera como en infraestructura, a trav\u00e9s de la construcci\u00f3n de un puente.<\/p>\n<\/div><\/section><\/div><div  style='height:50px' class='hr hr-invisible   avia-builder-el-6  el_after_av_one_full  el_before_av_social_share '><span class='hr-inner ' ><span class='hr-inner-style'><\/span><\/span><\/div><\/p>\n<div  class='av-social-sharing-box  avia-builder-el-7  el_after_av_hr  el_before_av_hr  '><div class='av-share-box'><h5 class='av-share-link-description av-no-toc '>Compartir esta noticia<\/h5><ul class='av-share-box-list noLightbox'><li class='av-share-link av-social-link-facebook' ><a target=\"_blank\" aria-label=\"Compartir en Facebook\" href='https:\/\/www.facebook.com\/sharer.php?u=https:\/\/radiorevelacionfm.cl\/?p=26391&#038;t=Senador%20Sandoval%20insiste%20en%20necesidad%20de%20conocer%20detalles%20de%20Plan%20de%20Conectividad%20anunciado%20por%20el%20MOP' aria-hidden='false' data-av_icon='\ue8f3' data-av_iconfont='entypo-fontello' title='' data-avia-related-tooltip='Compartir en Facebook' rel=\"noopener\"><span class='avia_hidden_link_text'>Compartir en Facebook<\/span><\/a><\/li><li class='av-share-link av-social-link-twitter' ><a target=\"_blank\" aria-label=\"Compartir en Twitter\" href='https:\/\/twitter.com\/share?text=Senador%20Sandoval%20insiste%20en%20necesidad%20de%20conocer%20detalles%20de%20Plan%20de%20Conectividad%20anunciado%20por%20el%20MOP&#038;url=https:\/\/radiorevelacionfm.cl\/?p=26391' aria-hidden='false' data-av_icon='\ue8f1' data-av_iconfont='entypo-fontello' title='' data-avia-related-tooltip='Compartir en Twitter' rel=\"noopener\"><span class='avia_hidden_link_text'>Compartir en Twitter<\/span><\/a><\/li><li class='av-share-link av-social-link-whatsapp' ><a target=\"_blank\" aria-label=\"Compartir en Whatsapp\" href='https:\/\/api.whatsapp.com\/send?text=https:\/\/radiorevelacionfm.cl\/?p=26391' aria-hidden='false' data-av_icon='\uf232' data-av_iconfont='entypo-fontello' title='' data-avia-related-tooltip='Compartir en Whatsapp' rel=\"noopener\"><span class='avia_hidden_link_text'>Compartir en Whatsapp<\/span><\/a><\/li><li class='av-share-link av-social-link-linkedin' ><a target=\"_blank\" aria-label=\"Compartir en LinkedIn\" href='https:\/\/linkedin.com\/shareArticle?mini=true&#038;title=Senador%20Sandoval%20insiste%20en%20necesidad%20de%20conocer%20detalles%20de%20Plan%20de%20Conectividad%20anunciado%20por%20el%20MOP&#038;url=https:\/\/radiorevelacionfm.cl\/?p=26391' aria-hidden='false' data-av_icon='\ue8fc' data-av_iconfont='entypo-fontello' title='' data-avia-related-tooltip='Compartir en LinkedIn' rel=\"noopener\"><span class='avia_hidden_link_text'>Compartir en LinkedIn<\/span><\/a><\/li><li class='av-share-link av-social-link-mail' ><a  aria-label=\"Compartir por correo\" href='mailto:?subject=Senador%20Sandoval%20insiste%20en%20necesidad%20de%20conocer%20detalles%20de%20Plan%20de%20Conectividad%20anunciado%20por%20el%20MOP&#038;body=https:\/\/radiorevelacionfm.cl\/?p=26391' aria-hidden='false' data-av_icon='\ue805' data-av_iconfont='entypo-fontello' title='' data-avia-related-tooltip='Compartir por correo'><span class='avia_hidden_link_text'>Compartir por correo<\/span><\/a><\/li><\/ul><\/div><\/div>\n<div  style='height:50px' class='hr hr-invisible   avia-builder-el-8  el_after_av_social_share  el_before_av_comments_list '><span class='hr-inner ' ><span class='hr-inner-style'><\/span><\/span><\/div>\n<div  class='av-buildercomment  av-blog-meta-html-info-disabled av-blog-meta-tag-disabled  '><\/div>\n","protected":false},"excerpt":{"rendered":"","protected":false},"author":1,"featured_media":26392,"comment_status":"open","ping_status":"open","sticky":false,"template":"","format":"standard","meta":{"footnotes":""},"categories":[35],"tags":[],"class_list":["post-26391","post","type-post","status-publish","format-standard","has-post-thumbnail","hentry","category-politica"],"jetpack_featured_media_url":"https:\/\/radiorevelacionfm.cl\/wp-content\/uploads\/2023\/01\/SENADOR-SANDOVAL-16-1-1.jpg","_links":{"self":[{"href":"https:\/\/radiorevelacionfm.cl\/index.php?rest_route=\/wp\/v2\/posts\/26391","targetHints":{"allow":["GET"]}}],"collection":[{"href":"https:\/\/radiorevelacionfm.cl\/index.php?rest_route=\/wp\/v2\/posts"}],"about":[{"href":"https:\/\/radiorevelacionfm.cl\/index.php?rest_route=\/wp\/v2\/types\/post"}],"author":[{"embeddable":true,"href":"https:\/\/radiorevelacionfm.cl\/index.php?rest_route=\/wp\/v2\/users\/1"}],"replies":[{"embeddable":true,"href":"https:\/\/radiorevelacionfm.cl\/index.php?rest_route=%2Fwp%2Fv2%2Fcomments&post=26391"}],"version-history":[{"count":2,"href":"https:\/\/radiorevelacionfm.cl\/index.php?rest_route=\/wp\/v2\/posts\/26391\/revisions"}],"predecessor-version":[{"id":26394,"href":"https:\/\/radiorevelacionfm.cl\/index.php?rest_route=\/wp\/v2\/posts\/26391\/revisions\/26394"}],"wp:featuredmedia":[{"embeddable":true,"href":"https:\/\/radiorevelacionfm.cl\/index.php?rest_route=\/wp\/v2\/media\/26392"}],"wp:attachment":[{"href":"https:\/\/radiorevelacionfm.cl\/index.php?rest_route=%2Fwp%2Fv2%2Fmedia&parent=26391"}],"wp:term":[{"taxonomy":"category","embeddable":true,"href":"https:\/\/radiorevelacionfm.cl\/index.php?rest_route=%2Fwp%2Fv2%2Fcategories&post=26391"},{"taxonomy":"post_tag","embeddable":true,"href":"https:\/\/radiorevelacionfm.cl\/index.php?rest_route=%2Fwp%2Fv2%2Ftags&post=26391"}],"curies":[{"name":"wp","href":"https:\/\/api.w.org\/{rel}","templated":true}]}}