{"id":26386,"date":"2023-01-08T16:05:05","date_gmt":"2023-01-08T19:05:05","guid":{"rendered":"https:\/\/radiorevelacionfm.cl\/?p=26386"},"modified":"2023-01-08T16:05:05","modified_gmt":"2023-01-08T19:05:05","slug":"playa-medialuna-de-puerto-cisnes-unica-playa-apta-para-el-bano-en-la-region-de-aysen","status":"publish","type":"post","link":"https:\/\/radiorevelacionfm.cl\/?p=26386","title":{"rendered":"Playa \u201cMedialuna\u201d de Puerto Cisnes \u00fanica playa apta para el ba\u00f1o en la regi\u00f3n de Ays\u00e9n"},"content":{"rendered":"<div class=\"flex_column av_one_full  flex_column_div av-zero-column-padding first  avia-builder-el-0  el_before_av_one_full  avia-builder-el-first  \" style='border-radius:0px; '><div  class='avia-image-container  av-styling-    avia-builder-el-1  avia-builder-el-no-sibling  avia-align-center '  itemprop=\"image\" itemscope=\"itemscope\" itemtype=\"https:\/\/schema.org\/ImageObject\"  ><div class='avia-image-container-inner'><div class='avia-image-overlay-wrap'><img decoding=\"async\" class='wp-image-26387 avia-img-lazy-loading-not-26387 avia_image' src=\"https:\/\/radiorevelacionfm.cl\/wp-content\/uploads\/2023\/01\/Playa-medialuna-1-1.jpg\" alt='' title='Playa-medialuna (1) (1)' height=\"600\" width=\"1067\"  itemprop=\"thumbnailUrl\" srcset=\"https:\/\/radiorevelacionfm.cl\/wp-content\/uploads\/2023\/01\/Playa-medialuna-1-1.jpg 1067w, https:\/\/radiorevelacionfm.cl\/wp-content\/uploads\/2023\/01\/Playa-medialuna-1-1-300x169.jpg 300w, https:\/\/radiorevelacionfm.cl\/wp-content\/uploads\/2023\/01\/Playa-medialuna-1-1-1030x579.jpg 1030w, https:\/\/radiorevelacionfm.cl\/wp-content\/uploads\/2023\/01\/Playa-medialuna-1-1-768x432.jpg 768w, https:\/\/radiorevelacionfm.cl\/wp-content\/uploads\/2023\/01\/Playa-medialuna-1-1-705x396.jpg 705w, https:\/\/radiorevelacionfm.cl\/wp-content\/uploads\/2023\/01\/Playa-medialuna-1-1-600x337.jpg 600w\" sizes=\"(max-width: 1067px) 100vw, 1067px\" \/><\/div><\/div><\/div><\/div><div class=\"flex_column av_one_full  flex_column_div av-zero-column-padding first  avia-builder-el-2  el_after_av_one_full  el_before_av_one_full  column-top-margin\" style='border-radius:0px; '><section class=\"av_textblock_section \"  itemscope=\"itemscope\" itemtype=\"https:\/\/schema.org\/BlogPosting\" itemprop=\"blogPost\" ><div class='avia_textblock  '   itemprop=\"text\" ><p style=\"text-align: center;\"><strong><span style=\"font-size: 18pt;\">Playa \u201cMedialuna\u201d de Puerto Cisnes \u00fanica playa apta para el ba\u00f1o en la regi\u00f3n de Ays\u00e9n<\/span><\/strong><\/p>\n<div id=\"gtx-trans\" style=\"position: absolute; left: -50px; top: 4.31534px;\">\n<div class=\"gtx-trans-icon\"><\/div>\n<\/div>\n<\/div><\/section><\/div><div class=\"flex_column av_one_full  flex_column_div av-zero-column-padding first  avia-builder-el-4  el_after_av_one_full  el_before_av_hr  column-top-margin\" style='border-radius:0px; '><section class=\"av_textblock_section \"  itemscope=\"itemscope\" itemtype=\"https:\/\/schema.org\/BlogPosting\" itemprop=\"blogPost\" ><div class='avia_textblock  '   itemprop=\"text\" ><p style=\"text-align: justify;\">La Autoridad Mar\u00edtima se refiri\u00f3 a los sectores habilitados para el ba\u00f1o en la regi\u00f3n de Ays\u00e9n, siendo hasta ahora, la playa \u201cMedialuna\u201d de Puerto Cisnes, la \u00fanica que se encuentra en proceso de habilitaci\u00f3n. En Puerto Ays\u00e9n, Bah\u00eda Acantilada, al momento, no cuenta con las autorizaciones para funcionar como \u00e1rea habilitada.<span id=\"more-107673\"><\/span><\/p>\n<p style=\"text-align: justify;\">\u201cHasta el momento la \u00fanica playa que est\u00e1 en proceso de habilitaci\u00f3n, como playa apta para el ba\u00f1o, es la playa Medialuna ubicada en Puerto Cisnes, esta ser\u00eda la \u00fanica en la regi\u00f3n de Ays\u00e9n, donde la gente podr\u00e1 acudir y ba\u00f1arse, ya que, contar\u00e1 con las medidas de seguridad, salvavidas y va a estar delimitada, donde la gente podr\u00e1 hacer uso de este espacio\u201d, se\u00f1al\u00f3 el Gobernador Mar\u00edtimo (s) de Ays\u00e9n, Capit\u00e1n H\u00e9ctor Rojas.<\/p>\n<p style=\"text-align: justify;\">La autoridad mar\u00edtima, a\u00f1adi\u00f3 que el resto de las playas que hay en la regi\u00f3n, podr\u00e1n ser ocupadas como \u201csolaneras\u201d, al no estar aptas para el ba\u00f1o.<\/p>\n<p style=\"text-align: justify;\">\u201cEl resto de las playas, solamente van a poder ser ocupadas como solaneras, van a ser playas no aptas para el ba\u00f1o, debido a que no se han habilitado como tal, no cuentan con salvavidas ni medidas de seguridad. Por lo tanto, es importante, hacer un llamado a las medidas de autoprotecci\u00f3n, es importante que los padres est\u00e9n constantemente supervisando a sus ni\u00f1os que no se ba\u00f1en en r\u00edos, lagos o en el mar, donde no hay playas habilitadas, debido a las fuertes corrientes, sobre todo en los r\u00edos de esta regi\u00f3n\u201d.<\/p>\n<p style=\"text-align: justify;\">El capit\u00e1n Rojas, afirm\u00f3 tambi\u00e9n que, \u201ces importante que se informen en todas las aplicaciones que tenemos, existe la p\u00e1gina www.137.cl, donde salen una serie de medidas de seguridad que pueden salvarles las vidas. Hay gente que va a vacacionar a otras regiones del pa\u00eds, por lo tanto, estas medidas tambi\u00e9n son v\u00e1lidas. Adem\u00e1s, existe una aplicaci\u00f3n que se llama, playas habilitadas, donde pueden ver a lo largo de todo Chile las playas que se encuentran habilitadas en la costa de nuestro pa\u00eds. En \u00faltimo t\u00e9rmino, tambi\u00e9n es importante se\u00f1alar, el uso del chaleco salvavidas para las actividades n\u00e1utico recreativas\u201d.<\/p>\n<p style=\"text-align: justify;\">Respecto al sector de Bah\u00eda Acantilada, ubica en las cercan\u00edas de Puerto Ays\u00e9n, playa que el verano del a\u00f1o 2022 estuvo operativa, este a\u00f1o no ocurri\u00f3 as\u00ed. Al respecto, el Gobernador Mar\u00edtimo (s), dijo que, \u201cesta es una playa que cuenta con las caracter\u00edsticas naturales para que pueda ser habilitada, sin embargo, este a\u00f1o no hubo interesados para este efecto. Por lo tanto, Bah\u00eda Acantilada, solo va a ser utilizada como playa solanera, no estar\u00eda apta para el ba\u00f1o y volvemos al tema de la autoprotecci\u00f3n\u201d.<\/p>\n<p style=\"text-align: justify;\">Finalmente, el Capit\u00e1n H\u00e9ctor Rojas, se\u00f1al\u00f3 que como autoridad mar\u00edtima estar\u00e1n atentos a colaborar las emergencias que puedan sucintarse en alg\u00fan afluente de la regi\u00f3n.<\/p>\n<\/div><\/section><\/div><div  style='height:50px' class='hr hr-invisible   avia-builder-el-6  el_after_av_one_full  el_before_av_social_share '><span class='hr-inner ' ><span class='hr-inner-style'><\/span><\/span><\/div><\/p>\n<div  class='av-social-sharing-box  avia-builder-el-7  el_after_av_hr  el_before_av_hr  '><div class='av-share-box'><h5 class='av-share-link-description av-no-toc '>Compartir esta noticia<\/h5><ul class='av-share-box-list noLightbox'><li class='av-share-link av-social-link-facebook' ><a target=\"_blank\" aria-label=\"Compartir en Facebook\" href='https:\/\/www.facebook.com\/sharer.php?u=https:\/\/radiorevelacionfm.cl\/?p=26386&#038;t=Playa%20%E2%80%9CMedialuna%E2%80%9D%20de%20Puerto%20Cisnes%20%C3%BAnica%20playa%20apta%20para%20el%20ba%C3%B1o%20en%20la%20regi%C3%B3n%20de%20Ays%C3%A9n' aria-hidden='false' data-av_icon='\ue8f3' data-av_iconfont='entypo-fontello' title='' data-avia-related-tooltip='Compartir en Facebook' rel=\"noopener\"><span class='avia_hidden_link_text'>Compartir en Facebook<\/span><\/a><\/li><li class='av-share-link av-social-link-twitter' ><a target=\"_blank\" aria-label=\"Compartir en Twitter\" href='https:\/\/twitter.com\/share?text=Playa%20%E2%80%9CMedialuna%E2%80%9D%20de%20Puerto%20Cisnes%20%C3%BAnica%20playa%20apta%20para%20el%20ba%C3%B1o%20en%20la%20regi%C3%B3n%20de%20Ays%C3%A9n&#038;url=https:\/\/radiorevelacionfm.cl\/?p=26386' aria-hidden='false' data-av_icon='\ue8f1' data-av_iconfont='entypo-fontello' title='' data-avia-related-tooltip='Compartir en Twitter' rel=\"noopener\"><span class='avia_hidden_link_text'>Compartir en Twitter<\/span><\/a><\/li><li class='av-share-link av-social-link-whatsapp' ><a target=\"_blank\" aria-label=\"Compartir en Whatsapp\" href='https:\/\/api.whatsapp.com\/send?text=https:\/\/radiorevelacionfm.cl\/?p=26386' aria-hidden='false' data-av_icon='\uf232' data-av_iconfont='entypo-fontello' title='' data-avia-related-tooltip='Compartir en Whatsapp' rel=\"noopener\"><span class='avia_hidden_link_text'>Compartir en Whatsapp<\/span><\/a><\/li><li class='av-share-link av-social-link-linkedin' ><a target=\"_blank\" aria-label=\"Compartir en LinkedIn\" href='https:\/\/linkedin.com\/shareArticle?mini=true&#038;title=Playa%20%E2%80%9CMedialuna%E2%80%9D%20de%20Puerto%20Cisnes%20%C3%BAnica%20playa%20apta%20para%20el%20ba%C3%B1o%20en%20la%20regi%C3%B3n%20de%20Ays%C3%A9n&#038;url=https:\/\/radiorevelacionfm.cl\/?p=26386' aria-hidden='false' data-av_icon='\ue8fc' data-av_iconfont='entypo-fontello' title='' data-avia-related-tooltip='Compartir en LinkedIn' rel=\"noopener\"><span class='avia_hidden_link_text'>Compartir en LinkedIn<\/span><\/a><\/li><li class='av-share-link av-social-link-mail' ><a  aria-label=\"Compartir por correo\" href='mailto:?subject=Playa%20%E2%80%9CMedialuna%E2%80%9D%20de%20Puerto%20Cisnes%20%C3%BAnica%20playa%20apta%20para%20el%20ba%C3%B1o%20en%20la%20regi%C3%B3n%20de%20Ays%C3%A9n&#038;body=https:\/\/radiorevelacionfm.cl\/?p=26386' aria-hidden='false' data-av_icon='\ue805' data-av_iconfont='entypo-fontello' title='' data-avia-related-tooltip='Compartir por correo'><span class='avia_hidden_link_text'>Compartir por correo<\/span><\/a><\/li><\/ul><\/div><\/div>\n<div  style='height:50px' class='hr hr-invisible   avia-builder-el-8  el_after_av_social_share  el_before_av_comments_list '><span class='hr-inner ' ><span class='hr-inner-style'><\/span><\/span><\/div>\n<div  class='av-buildercomment  av-blog-meta-html-info-disabled av-blog-meta-tag-disabled  '><\/div>\n","protected":false},"excerpt":{"rendered":"","protected":false},"author":1,"featured_media":26387,"comment_status":"open","ping_status":"open","sticky":false,"template":"","format":"standard","meta":{"footnotes":""},"categories":[38],"tags":[],"class_list":["post-26386","post","type-post","status-publish","format-standard","has-post-thumbnail","hentry","category-regional"],"jetpack_featured_media_url":"https:\/\/radiorevelacionfm.cl\/wp-content\/uploads\/2023\/01\/Playa-medialuna-1-1.jpg","_links":{"self":[{"href":"https:\/\/radiorevelacionfm.cl\/index.php?rest_route=\/wp\/v2\/posts\/26386","targetHints":{"allow":["GET"]}}],"collection":[{"href":"https:\/\/radiorevelacionfm.cl\/index.php?rest_route=\/wp\/v2\/posts"}],"about":[{"href":"https:\/\/radiorevelacionfm.cl\/index.php?rest_route=\/wp\/v2\/types\/post"}],"author":[{"embeddable":true,"href":"https:\/\/radiorevelacionfm.cl\/index.php?rest_route=\/wp\/v2\/users\/1"}],"replies":[{"embeddable":true,"href":"https:\/\/radiorevelacionfm.cl\/index.php?rest_route=%2Fwp%2Fv2%2Fcomments&post=26386"}],"version-history":[{"count":2,"href":"https:\/\/radiorevelacionfm.cl\/index.php?rest_route=\/wp\/v2\/posts\/26386\/revisions"}],"predecessor-version":[{"id":26389,"href":"https:\/\/radiorevelacionfm.cl\/index.php?rest_route=\/wp\/v2\/posts\/26386\/revisions\/26389"}],"wp:featuredmedia":[{"embeddable":true,"href":"https:\/\/radiorevelacionfm.cl\/index.php?rest_route=\/wp\/v2\/media\/26387"}],"wp:attachment":[{"href":"https:\/\/radiorevelacionfm.cl\/index.php?rest_route=%2Fwp%2Fv2%2Fmedia&parent=26386"}],"wp:term":[{"taxonomy":"category","embeddable":true,"href":"https:\/\/radiorevelacionfm.cl\/index.php?rest_route=%2Fwp%2Fv2%2Fcategories&post=26386"},{"taxonomy":"post_tag","embeddable":true,"href":"https:\/\/radiorevelacionfm.cl\/index.php?rest_route=%2Fwp%2Fv2%2Ftags&post=26386"}],"curies":[{"name":"wp","href":"https:\/\/api.w.org\/{rel}","templated":true}]}}