{"id":26383,"date":"2023-01-09T10:06:04","date_gmt":"2023-01-09T13:06:04","guid":{"rendered":"https:\/\/radiorevelacionfm.cl\/?p=26383"},"modified":"2023-01-09T10:06:04","modified_gmt":"2023-01-09T13:06:04","slug":"con-enfasis-en-el-quiebre-democratico-de-1973-el-partido-comunista-de-aysen-efectuo-la-fiesta-de-los-abrazos","status":"publish","type":"post","link":"https:\/\/radiorevelacionfm.cl\/?p=26383","title":{"rendered":"Con \u00e9nfasis en el quiebre democr\u00e1tico de 1973 el Partido Comunista de Ays\u00e9n efectu\u00f3 la Fiesta de los Abrazos"},"content":{"rendered":"<div class=\"flex_column av_one_full  flex_column_div av-zero-column-padding first  avia-builder-el-0  el_before_av_one_full  avia-builder-el-first  \" style='border-radius:0px; '><div  class='avia-image-container  av-styling-    avia-builder-el-1  avia-builder-el-no-sibling  avia-align-center '  itemprop=\"image\" itemscope=\"itemscope\" itemtype=\"https:\/\/schema.org\/ImageObject\"  ><div class='avia-image-container-inner'><div class='avia-image-overlay-wrap'><img decoding=\"async\" class='wp-image-26384 avia-img-lazy-loading-not-26384 avia_image' src=\"https:\/\/radiorevelacionfm.cl\/wp-content\/uploads\/2023\/01\/img-FiestaAbrazos-ptoaysen2-1-1.jpeg\" alt='' title='img-FiestaAbrazos-ptoaysen2 (1) (1)' height=\"600\" width=\"800\"  itemprop=\"thumbnailUrl\" srcset=\"https:\/\/radiorevelacionfm.cl\/wp-content\/uploads\/2023\/01\/img-FiestaAbrazos-ptoaysen2-1-1.jpeg 800w, https:\/\/radiorevelacionfm.cl\/wp-content\/uploads\/2023\/01\/img-FiestaAbrazos-ptoaysen2-1-1-300x225.jpeg 300w, https:\/\/radiorevelacionfm.cl\/wp-content\/uploads\/2023\/01\/img-FiestaAbrazos-ptoaysen2-1-1-768x576.jpeg 768w, https:\/\/radiorevelacionfm.cl\/wp-content\/uploads\/2023\/01\/img-FiestaAbrazos-ptoaysen2-1-1-705x529.jpeg 705w, https:\/\/radiorevelacionfm.cl\/wp-content\/uploads\/2023\/01\/img-FiestaAbrazos-ptoaysen2-1-1-600x450.jpeg 600w\" sizes=\"(max-width: 800px) 100vw, 800px\" \/><\/div><\/div><\/div><\/div><div class=\"flex_column av_one_full  flex_column_div av-zero-column-padding first  avia-builder-el-2  el_after_av_one_full  el_before_av_one_full  column-top-margin\" style='border-radius:0px; '><section class=\"av_textblock_section \"  itemscope=\"itemscope\" itemtype=\"https:\/\/schema.org\/BlogPosting\" itemprop=\"blogPost\" ><div class='avia_textblock  '   itemprop=\"text\" ><p style=\"text-align: center;\"><strong><span style=\"font-size: 18pt;\">Con \u00e9nfasis en el quiebre democr\u00e1tico de 1973 el Partido Comunista de Ays\u00e9n efectu\u00f3 la Fiesta de los Abrazos<\/span><\/strong><\/p>\n<div id=\"gtx-trans\" style=\"position: absolute; left: -50px; top: 4.31534px;\">\n<div class=\"gtx-trans-icon\"><\/div>\n<\/div>\n<\/div><\/section><\/div><div class=\"flex_column av_one_full  flex_column_div av-zero-column-padding first  avia-builder-el-4  el_after_av_one_full  el_before_av_hr  column-top-margin\" style='border-radius:0px; '><section class=\"av_textblock_section \"  itemscope=\"itemscope\" itemtype=\"https:\/\/schema.org\/BlogPosting\" itemprop=\"blogPost\" ><div class='avia_textblock  '   itemprop=\"text\" ><p style=\"text-align: justify;\">Una tradicional actividad que re\u00fane a las distintas corrientes de la Izquierda nacional para conmemorar un hito hist\u00f3rico en las filas del partido de Luis Emilio Recabarren.<\/p>\n<p style=\"text-align: justify;\">Al son de diversos artistas y con la asistencia de varios militantes de los pactos Apruebo Dignidad y Socialismo Democr\u00e1tico. El Partido Comunista de Ays\u00e9n efectu\u00f3 la cuarta versi\u00f3n local del encuentro \u201cFiesta de los Abrazos\u201d, una instancia que la colectividad desarrolla tradicionalmente desde 1988 con epicentro en la capital nacional y que, en esta oportunidad, permiti\u00f3 no tan s\u00f3lo el debate de ideas y la entrega de carnet a los militantes, sino que cont\u00f3 con una din\u00e1mica participativa para cocrear lo que ser\u00e1n las actividades de conmemoraci\u00f3n a 50 a\u00f1os del Golpe de Estado contra el Presidente Salvador Allende y la Unidad popular.<\/p>\n<p style=\"text-align: justify;\">Al respecto, Pedro \u00c1lvarez, secretario pol\u00edtico de la C\u00e9lula Edita Ampuero en Puerto Ays\u00e9n destac\u00f3 que \u201cFue un acto que tiene su historia, que tiene una serie de hitos que marc\u00f3 un momento determinado en la dictadura desde la clandestinidad del Partido Comunista cuando se inician estas fiestas de los abrazos. En el caso de Ays\u00e9n es la cuarta versi\u00f3n y nos sentimos tranquilos y orgullosos de que este acto sali\u00f3 hermoso hubo gente que viaj\u00f3 desde Chile Chico, tuvimos a los partidos que forman parte de los pactos de gobierno, contamos con la presencia del delegado presidencial provincial y del representante del municipio de Ays\u00e9n. Nos sentimos satisfechos y agradecidos de la participaci\u00f3n de muchos de nuestros los militantes\u201d.<\/p>\n<p style=\"text-align: justify;\">A\u00f1adiendo que, esta instancia tambi\u00e9n se enmarca en el \u201ccontexto de lo que significan los 50 a\u00f1os del Golpe de Estado, por lo tanto, se hizo un trabajo de reflexi\u00f3n y an\u00e1lisis para abordar los impactos que esto a\u00fan tiene en la poblaci\u00f3n, con las victimas de lo que signific\u00f3 tambi\u00e9n el terrorismo de Estado. Hoy es importante llegar a los j\u00f3venes y yo en mi caso particular, al ser un viejo militante, soy un poco ajeno a las redes sociales y hoy estamos viendo c\u00f3mo interesamos a los j\u00f3venes a conocer la historia y esto que est\u00e1n hermoso como la Pol\u00edtica\u201d.<\/p>\n<p style=\"text-align: justify;\">En tanto, Nicol\u00e1s Quilodr\u00e1n, integrante de la directiva regional de Convergencia Social (CS) agradeci\u00f3 la invitaci\u00f3n formulada por el Partido Comunista e indic\u00f3 que la jornada sirvi\u00f3 como punto de encuentro tras la pandemia de covid-19 y tambi\u00e9n recalc\u00f3 el car\u00e1cter hist\u00f3rico que conlleva la Fiesta de los Abrazos. Con ello, Quilodr\u00e1n expres\u00f3 el deseo de que las materias conversadas en la instancia puedan llegar a \u201cbuen puerto\u201d con la positiva disposici\u00f3n a trabar y colaborar en la visibilizaci\u00f3n, respecto a los 50 a\u00f1os del quiebre democr\u00e1tico.<\/p>\n<p style=\"text-align: justify;\">Finalmente, Sebasti\u00e1n Manchi, militante del Partido Por la Democracia (PPD) felicit\u00f3 al PC local por generar esta instancia en la cual tambi\u00e9n asisten corrientes pol\u00edticas de distintos partidos, considerando, adem\u00e1s, el rol activo que estos poseen en el gobierno \u201ctenemos que estar atentos a las acciones en las cuales podamos contribuir a desarrollar un apoyo al gobierno\u201d, sentenci\u00f3 el militante aysenino.<\/p>\n<\/div><\/section><\/div><div  style='height:50px' class='hr hr-invisible   avia-builder-el-6  el_after_av_one_full  el_before_av_social_share '><span class='hr-inner ' ><span class='hr-inner-style'><\/span><\/span><\/div><\/p>\n<div  class='av-social-sharing-box  avia-builder-el-7  el_after_av_hr  el_before_av_hr  '><div class='av-share-box'><h5 class='av-share-link-description av-no-toc '>Compartir esta noticia<\/h5><ul class='av-share-box-list noLightbox'><li class='av-share-link av-social-link-facebook' ><a target=\"_blank\" aria-label=\"Compartir en Facebook\" href='https:\/\/www.facebook.com\/sharer.php?u=https:\/\/radiorevelacionfm.cl\/?p=26383&#038;t=Con%20%C3%A9nfasis%20en%20el%20quiebre%20democr%C3%A1tico%20de%201973%20el%20Partido%20Comunista%20de%20Ays%C3%A9n%20efectu%C3%B3%20la%20Fiesta%20de%20los%20Abrazos' aria-hidden='false' data-av_icon='\ue8f3' data-av_iconfont='entypo-fontello' title='' data-avia-related-tooltip='Compartir en Facebook' rel=\"noopener\"><span class='avia_hidden_link_text'>Compartir en Facebook<\/span><\/a><\/li><li class='av-share-link av-social-link-twitter' ><a target=\"_blank\" aria-label=\"Compartir en Twitter\" href='https:\/\/twitter.com\/share?text=Con%20%C3%A9nfasis%20en%20el%20quiebre%20democr%C3%A1tico%20de%201973%20el%20Partido%20Comunista%20de%20Ays%C3%A9n%20efectu%C3%B3%20la%20Fiesta%20de%20los%20Abrazos&#038;url=https:\/\/radiorevelacionfm.cl\/?p=26383' aria-hidden='false' data-av_icon='\ue8f1' data-av_iconfont='entypo-fontello' title='' data-avia-related-tooltip='Compartir en Twitter' rel=\"noopener\"><span class='avia_hidden_link_text'>Compartir en Twitter<\/span><\/a><\/li><li class='av-share-link av-social-link-whatsapp' ><a target=\"_blank\" aria-label=\"Compartir en Whatsapp\" href='https:\/\/api.whatsapp.com\/send?text=https:\/\/radiorevelacionfm.cl\/?p=26383' aria-hidden='false' data-av_icon='\uf232' data-av_iconfont='entypo-fontello' title='' data-avia-related-tooltip='Compartir en Whatsapp' rel=\"noopener\"><span class='avia_hidden_link_text'>Compartir en Whatsapp<\/span><\/a><\/li><li class='av-share-link av-social-link-linkedin' ><a target=\"_blank\" aria-label=\"Compartir en LinkedIn\" href='https:\/\/linkedin.com\/shareArticle?mini=true&#038;title=Con%20%C3%A9nfasis%20en%20el%20quiebre%20democr%C3%A1tico%20de%201973%20el%20Partido%20Comunista%20de%20Ays%C3%A9n%20efectu%C3%B3%20la%20Fiesta%20de%20los%20Abrazos&#038;url=https:\/\/radiorevelacionfm.cl\/?p=26383' aria-hidden='false' data-av_icon='\ue8fc' data-av_iconfont='entypo-fontello' title='' data-avia-related-tooltip='Compartir en LinkedIn' rel=\"noopener\"><span class='avia_hidden_link_text'>Compartir en LinkedIn<\/span><\/a><\/li><li class='av-share-link av-social-link-mail' ><a  aria-label=\"Compartir por correo\" href='mailto:?subject=Con%20%C3%A9nfasis%20en%20el%20quiebre%20democr%C3%A1tico%20de%201973%20el%20Partido%20Comunista%20de%20Ays%C3%A9n%20efectu%C3%B3%20la%20Fiesta%20de%20los%20Abrazos&#038;body=https:\/\/radiorevelacionfm.cl\/?p=26383' aria-hidden='false' data-av_icon='\ue805' data-av_iconfont='entypo-fontello' title='' data-avia-related-tooltip='Compartir por correo'><span class='avia_hidden_link_text'>Compartir por correo<\/span><\/a><\/li><\/ul><\/div><\/div>\n<div  style='height:50px' class='hr hr-invisible   avia-builder-el-8  el_after_av_social_share  el_before_av_comments_list '><span class='hr-inner ' ><span class='hr-inner-style'><\/span><\/span><\/div>\n<div  class='av-buildercomment  av-blog-meta-html-info-disabled av-blog-meta-tag-disabled  '><\/div>\n","protected":false},"excerpt":{"rendered":"","protected":false},"author":1,"featured_media":26384,"comment_status":"open","ping_status":"open","sticky":false,"template":"","format":"standard","meta":{"footnotes":""},"categories":[38],"tags":[],"class_list":["post-26383","post","type-post","status-publish","format-standard","has-post-thumbnail","hentry","category-regional"],"jetpack_featured_media_url":"https:\/\/radiorevelacionfm.cl\/wp-content\/uploads\/2023\/01\/img-FiestaAbrazos-ptoaysen2-1-1.jpeg","_links":{"self":[{"href":"https:\/\/radiorevelacionfm.cl\/index.php?rest_route=\/wp\/v2\/posts\/26383","targetHints":{"allow":["GET"]}}],"collection":[{"href":"https:\/\/radiorevelacionfm.cl\/index.php?rest_route=\/wp\/v2\/posts"}],"about":[{"href":"https:\/\/radiorevelacionfm.cl\/index.php?rest_route=\/wp\/v2\/types\/post"}],"author":[{"embeddable":true,"href":"https:\/\/radiorevelacionfm.cl\/index.php?rest_route=\/wp\/v2\/users\/1"}],"replies":[{"embeddable":true,"href":"https:\/\/radiorevelacionfm.cl\/index.php?rest_route=%2Fwp%2Fv2%2Fcomments&post=26383"}],"version-history":[{"count":2,"href":"https:\/\/radiorevelacionfm.cl\/index.php?rest_route=\/wp\/v2\/posts\/26383\/revisions"}],"predecessor-version":[{"id":26395,"href":"https:\/\/radiorevelacionfm.cl\/index.php?rest_route=\/wp\/v2\/posts\/26383\/revisions\/26395"}],"wp:featuredmedia":[{"embeddable":true,"href":"https:\/\/radiorevelacionfm.cl\/index.php?rest_route=\/wp\/v2\/media\/26384"}],"wp:attachment":[{"href":"https:\/\/radiorevelacionfm.cl\/index.php?rest_route=%2Fwp%2Fv2%2Fmedia&parent=26383"}],"wp:term":[{"taxonomy":"category","embeddable":true,"href":"https:\/\/radiorevelacionfm.cl\/index.php?rest_route=%2Fwp%2Fv2%2Fcategories&post=26383"},{"taxonomy":"post_tag","embeddable":true,"href":"https:\/\/radiorevelacionfm.cl\/index.php?rest_route=%2Fwp%2Fv2%2Ftags&post=26383"}],"curies":[{"name":"wp","href":"https:\/\/api.w.org\/{rel}","templated":true}]}}