{"id":2638,"date":"2021-02-16T10:22:29","date_gmt":"2021-02-16T13:22:29","guid":{"rendered":"https:\/\/radiorevelacionfm.cl\/?p=2638"},"modified":"2021-02-16T10:22:29","modified_gmt":"2021-02-16T13:22:29","slug":"en-cerro-castillo-se-realizo-cicletada-familiar-en-el-marco-de-la-campana-verano-consciente-de-senda","status":"publish","type":"post","link":"https:\/\/radiorevelacionfm.cl\/?p=2638","title":{"rendered":"En Cerro Castillo se realiz\u00f3 cicletada familiar en el marco de la campa\u00f1a \u201cVerano Consciente\u201d de Senda"},"content":{"rendered":"<div class=\"flex_column av_one_full  flex_column_div av-zero-column-padding first  avia-builder-el-0  el_before_av_one_full  avia-builder-el-first  \" style='border-radius:0px; '><div  class='avia-image-container  av-styling-    avia-builder-el-1  avia-builder-el-no-sibling  avia-align-center '  itemprop=\"image\" itemscope=\"itemscope\" itemtype=\"https:\/\/schema.org\/ImageObject\"  ><div class='avia-image-container-inner'><div class='avia-image-overlay-wrap'><img decoding=\"async\" class='wp-image-0 avia-img-lazy-loading-not-0 avia_image' src=\"https:\/\/radiorevelacionfm.cl\/wp-content\/uploads\/2021\/02\/8-3-1.jpg\" alt='' title=''   itemprop=\"thumbnailUrl\"  \/><\/div><\/div><\/div><\/div><div class=\"flex_column av_one_full  flex_column_div av-zero-column-padding first  avia-builder-el-2  el_after_av_one_full  el_before_av_one_full  column-top-margin\" style='border-radius:0px; '><section class=\"av_textblock_section \"  itemscope=\"itemscope\" itemtype=\"https:\/\/schema.org\/BlogPosting\" itemprop=\"blogPost\" ><div class='avia_textblock  '   itemprop=\"text\" ><p style=\"text-align: center;\"><span style=\"font-size: 18pt;\"><strong>En Cerro Castillo se realiz\u00f3 cicletada familiar en el marco de la campa\u00f1a \u201cVerano Consciente\u201d de Senda<\/strong><\/span><\/p>\n<div id=\"gtx-trans\" style=\"position: absolute; left: -50px; top: 4.31534px;\">\n<div class=\"gtx-trans-icon\"><\/div>\n<\/div>\n<\/div><\/section><\/div><div class=\"flex_column av_one_full  flex_column_div av-zero-column-padding first  avia-builder-el-4  el_after_av_one_full  el_before_av_hr  column-top-margin\" style='border-radius:0px; '><section class=\"av_textblock_section \"  itemscope=\"itemscope\" itemtype=\"https:\/\/schema.org\/BlogPosting\" itemprop=\"blogPost\" ><div class='avia_textblock  '   itemprop=\"text\" ><p style=\"text-align: justify;\"><em>En el frontis de la Casa Comunitaria de dicha localidad y cumpliendo con todos los protocolos sanitarios correspondientes se dio inicio a esta actividad.<\/em><\/p>\n<p style=\"text-align: justify;\">Este s\u00e1bado 13 de febrero de 2021 en la localidad de Cerro Castillo, el Servicio Nacional para la Prevenci\u00f3n y Rehabilitaci\u00f3n del Consumo de Drogas y Alcohol y la Mesa de trabajo Territorial de la comuna de R\u00edo Ib\u00e1\u00f1ez, desarrollaron una actividad deportiva denominada \u201cCicletada Familiar\u201d, la que se moviliz\u00f3 por los alrededores de la localidad de Villa Cerro Castillo, desplaz\u00e1ndose los competidores por una totalidad de 5 kil\u00f3metros, teniendo un nivel de dificultad m\u00ednimo.<\/p>\n<p style=\"text-align: justify;\">En este evento deportivo participaron personas de la comunidad, turistas, adultos, j\u00f3venes y ni\u00f1os desde los 4 a\u00f1os, quienes junto a sus padres fueron acompa\u00f1ados durante toda la ruta, siendo custodiados por Carabineros de Chile y los profesionales de la OPD de la Ilustre Municipalidad de R\u00edo Ib\u00e1\u00f1ez. Al t\u00e9rmino de esta actividad se desarrollaron juegos y concurso para los participantes, quienes recibieron varios premios, terminando una tarde muy participativa por la comunidad.<\/p>\n<p style=\"text-align: justify;\">Esta actividad se enmarc\u00f3 en la campa\u00f1a un \u201cVerano Consciente\u201d de SENDA, la cual busca generar conciencia en el cuidado de las personas con respecto a las Drogas y la Pandemia COVID-19, a la hora de salir de vacaciones durante esta \u00e9poca estival. Cabe recordar que SENDA trabaja con el Plan Nacional \u201cELIGE VIVIR SIN DROGAS\u201d, el cual fue impulsado por el Presidente Sebasti\u00e1n Pi\u00f1era y se basa en cuatro pilares, siendo uno de ellos el \u201cTiempo Libre\u201d. Este pilar se trabaja junto a la Seremi del Deporte y el Instituto Nacional del Deporte, con los cuales se realizan actividades sanas y deportivas de manera de generar conciencia en las personas a trav\u00e9s del deporte y as\u00ed generar una prevenci\u00f3n en el consumo de alcohol y otras drogas.<\/p>\n<p style=\"text-align: justify;\">Por su parte, la Directora Regional Annie Katherine Hunter Guti\u00e9rrez se\u00f1al\u00f3: \u201c La actividad result\u00f3 y con participaci\u00f3n de un n\u00famero importante de personas de todas las edades e incluso de grupos familiares, lo que nos alegra much\u00edsimo como SENDA y como Mesa Territorial, ya que buscamos hacer prevenci\u00f3n del consumo de sustancias por medio de actividades de promoci\u00f3n del deporte a toda edad\u00a0 y ojal\u00e1 en familia, haciendo uso sano del tiempo libre como factor protector ante el consumo de alcohol y otras drogas. Hemos demostrado que con ganas se pueden realizar este tipo de actividades respetando la normativa sanitaria, claramente se puede tener entretenci\u00f3n sana a\u00fan en pandemia, cuando se hace al aire libre, inform\u00e1ndose y respetando lo dispuesto por la autoridad\u00bb.<\/p>\n<\/div><\/section><\/div><div  style='height:50px' class='hr hr-invisible   avia-builder-el-6  el_after_av_one_full  el_before_av_social_share '><span class='hr-inner ' ><span class='hr-inner-style'><\/span><\/span><\/div><\/p>\n<div  class='av-social-sharing-box  avia-builder-el-7  el_after_av_hr  el_before_av_hr  '><div class='av-share-box'><h5 class='av-share-link-description av-no-toc '>Compartir esta noticia<\/h5><ul class='av-share-box-list noLightbox'><li class='av-share-link av-social-link-facebook' ><a target=\"_blank\" aria-label=\"Compartir en Facebook\" href='https:\/\/www.facebook.com\/sharer.php?u=https:\/\/radiorevelacionfm.cl\/?p=2638&#038;t=En%20Cerro%20Castillo%20se%20realiz%C3%B3%20cicletada%20familiar%20en%20el%20marco%20de%20la%20campa%C3%B1a%20%E2%80%9CVerano%20Consciente%E2%80%9D%20de%20Senda' aria-hidden='false' data-av_icon='\ue8f3' data-av_iconfont='entypo-fontello' title='' data-avia-related-tooltip='Compartir en Facebook' rel=\"noopener\"><span class='avia_hidden_link_text'>Compartir en Facebook<\/span><\/a><\/li><li class='av-share-link av-social-link-twitter' ><a target=\"_blank\" aria-label=\"Compartir en Twitter\" href='https:\/\/twitter.com\/share?text=En%20Cerro%20Castillo%20se%20realiz%C3%B3%20cicletada%20familiar%20en%20el%20marco%20de%20la%20campa%C3%B1a%20%E2%80%9CVerano%20Consciente%E2%80%9D%20de%20Senda&#038;url=https:\/\/radiorevelacionfm.cl\/?p=2638' aria-hidden='false' data-av_icon='\ue8f1' data-av_iconfont='entypo-fontello' title='' data-avia-related-tooltip='Compartir en Twitter' rel=\"noopener\"><span class='avia_hidden_link_text'>Compartir en Twitter<\/span><\/a><\/li><li class='av-share-link av-social-link-whatsapp' ><a target=\"_blank\" aria-label=\"Compartir en Whatsapp\" href='https:\/\/api.whatsapp.com\/send?text=https:\/\/radiorevelacionfm.cl\/?p=2638' aria-hidden='false' data-av_icon='\uf232' data-av_iconfont='entypo-fontello' title='' data-avia-related-tooltip='Compartir en Whatsapp' rel=\"noopener\"><span class='avia_hidden_link_text'>Compartir en Whatsapp<\/span><\/a><\/li><li class='av-share-link av-social-link-linkedin' ><a target=\"_blank\" aria-label=\"Compartir en LinkedIn\" href='https:\/\/linkedin.com\/shareArticle?mini=true&#038;title=En%20Cerro%20Castillo%20se%20realiz%C3%B3%20cicletada%20familiar%20en%20el%20marco%20de%20la%20campa%C3%B1a%20%E2%80%9CVerano%20Consciente%E2%80%9D%20de%20Senda&#038;url=https:\/\/radiorevelacionfm.cl\/?p=2638' aria-hidden='false' data-av_icon='\ue8fc' data-av_iconfont='entypo-fontello' title='' data-avia-related-tooltip='Compartir en LinkedIn' rel=\"noopener\"><span class='avia_hidden_link_text'>Compartir en LinkedIn<\/span><\/a><\/li><li class='av-share-link av-social-link-mail' ><a  aria-label=\"Compartir por correo\" href='mailto:?subject=En%20Cerro%20Castillo%20se%20realiz%C3%B3%20cicletada%20familiar%20en%20el%20marco%20de%20la%20campa%C3%B1a%20%E2%80%9CVerano%20Consciente%E2%80%9D%20de%20Senda&#038;body=https:\/\/radiorevelacionfm.cl\/?p=2638' aria-hidden='false' data-av_icon='\ue805' data-av_iconfont='entypo-fontello' title='' data-avia-related-tooltip='Compartir por correo'><span class='avia_hidden_link_text'>Compartir por correo<\/span><\/a><\/li><\/ul><\/div><\/div>\n<div  style='height:50px' class='hr hr-invisible   avia-builder-el-8  el_after_av_social_share  el_before_av_comments_list '><span class='hr-inner ' ><span class='hr-inner-style'><\/span><\/span><\/div>\n<div  class='av-buildercomment  av-blog-meta-html-info-disabled av-blog-meta-tag-disabled  '><\/div>\n","protected":false},"excerpt":{"rendered":"","protected":false},"author":1,"featured_media":0,"comment_status":"open","ping_status":"open","sticky":false,"template":"","format":"standard","meta":{"footnotes":""},"categories":[40],"tags":[],"class_list":["post-2638","post","type-post","status-publish","format-standard","hentry","category-deportes"],"jetpack_featured_media_url":"","_links":{"self":[{"href":"https:\/\/radiorevelacionfm.cl\/index.php?rest_route=\/wp\/v2\/posts\/2638","targetHints":{"allow":["GET"]}}],"collection":[{"href":"https:\/\/radiorevelacionfm.cl\/index.php?rest_route=\/wp\/v2\/posts"}],"about":[{"href":"https:\/\/radiorevelacionfm.cl\/index.php?rest_route=\/wp\/v2\/types\/post"}],"author":[{"embeddable":true,"href":"https:\/\/radiorevelacionfm.cl\/index.php?rest_route=\/wp\/v2\/users\/1"}],"replies":[{"embeddable":true,"href":"https:\/\/radiorevelacionfm.cl\/index.php?rest_route=%2Fwp%2Fv2%2Fcomments&post=2638"}],"version-history":[{"count":1,"href":"https:\/\/radiorevelacionfm.cl\/index.php?rest_route=\/wp\/v2\/posts\/2638\/revisions"}],"predecessor-version":[{"id":2642,"href":"https:\/\/radiorevelacionfm.cl\/index.php?rest_route=\/wp\/v2\/posts\/2638\/revisions\/2642"}],"wp:attachment":[{"href":"https:\/\/radiorevelacionfm.cl\/index.php?rest_route=%2Fwp%2Fv2%2Fmedia&parent=2638"}],"wp:term":[{"taxonomy":"category","embeddable":true,"href":"https:\/\/radiorevelacionfm.cl\/index.php?rest_route=%2Fwp%2Fv2%2Fcategories&post=2638"},{"taxonomy":"post_tag","embeddable":true,"href":"https:\/\/radiorevelacionfm.cl\/index.php?rest_route=%2Fwp%2Fv2%2Ftags&post=2638"}],"curies":[{"name":"wp","href":"https:\/\/api.w.org\/{rel}","templated":true}]}}