{"id":26379,"date":"2023-01-08T15:20:09","date_gmt":"2023-01-08T18:20:09","guid":{"rendered":"https:\/\/radiorevelacionfm.cl\/?p=26379"},"modified":"2023-01-08T15:20:09","modified_gmt":"2023-01-08T18:20:09","slug":"ministerio-de-agricultura-refuerza-llamado-a-la-prevencion-ante-influencia-aviar","status":"publish","type":"post","link":"https:\/\/radiorevelacionfm.cl\/?p=26379","title":{"rendered":"Ministerio de Agricultura refuerza llamado a la prevenci\u00f3n ante Influencia Aviar"},"content":{"rendered":"<div class=\"flex_column av_one_full  flex_column_div av-zero-column-padding first  avia-builder-el-0  el_before_av_one_full  avia-builder-el-first  \" style='border-radius:0px; '><div  class='avia-image-container  av-styling-    avia-builder-el-1  avia-builder-el-no-sibling  avia-align-center '  itemprop=\"image\" itemscope=\"itemscope\" itemtype=\"https:\/\/schema.org\/ImageObject\"  ><div class='avia-image-container-inner'><div class='avia-image-overlay-wrap'><img decoding=\"async\" class='wp-image-26380 avia-img-lazy-loading-not-26380 avia_image' src=\"https:\/\/radiorevelacionfm.cl\/wp-content\/uploads\/2023\/01\/agricultura-2023-01-06-1_optimized-1.jpeg\" alt='' title='agricultura-2023-01-06-(1)_optimized (1)' height=\"600\" width=\"995\"  itemprop=\"thumbnailUrl\" srcset=\"https:\/\/radiorevelacionfm.cl\/wp-content\/uploads\/2023\/01\/agricultura-2023-01-06-1_optimized-1.jpeg 995w, https:\/\/radiorevelacionfm.cl\/wp-content\/uploads\/2023\/01\/agricultura-2023-01-06-1_optimized-1-300x181.jpeg 300w, https:\/\/radiorevelacionfm.cl\/wp-content\/uploads\/2023\/01\/agricultura-2023-01-06-1_optimized-1-768x463.jpeg 768w, https:\/\/radiorevelacionfm.cl\/wp-content\/uploads\/2023\/01\/agricultura-2023-01-06-1_optimized-1-705x425.jpeg 705w, https:\/\/radiorevelacionfm.cl\/wp-content\/uploads\/2023\/01\/agricultura-2023-01-06-1_optimized-1-600x362.jpeg 600w\" sizes=\"(max-width: 995px) 100vw, 995px\" \/><\/div><\/div><\/div><\/div><div class=\"flex_column av_one_full  flex_column_div av-zero-column-padding first  avia-builder-el-2  el_after_av_one_full  el_before_av_one_full  column-top-margin\" style='border-radius:0px; '><section class=\"av_textblock_section \"  itemscope=\"itemscope\" itemtype=\"https:\/\/schema.org\/BlogPosting\" itemprop=\"blogPost\" ><div class='avia_textblock  '   itemprop=\"text\" ><p class=\"v1MsoNormal v1FluidPluginCopy\" style=\"text-align: center;\" align=\"center\"><span style=\"font-size: 18pt;\"><b><span class=\"v1ContentPasted0\">Ministerio de Agricultura refuerza llamado a la prevenci\u00f3n ante Influencia Aviar\u00a0<\/span><\/b><\/span><\/p>\n<p class=\"v1MsoNormal v1FluidPluginCopy\" align=\"center\"><b>\u00a0<\/b><\/p>\n<div id=\"gtx-trans\" style=\"position: absolute; left: -50px; top: 4.31534px;\">\n<div class=\"gtx-trans-icon\"><\/div>\n<\/div>\n<\/div><\/section><\/div><div class=\"flex_column av_one_full  flex_column_div av-zero-column-padding first  avia-builder-el-4  el_after_av_one_full  el_before_av_hr  column-top-margin\" style='border-radius:0px; '><section class=\"av_textblock_section \"  itemscope=\"itemscope\" itemtype=\"https:\/\/schema.org\/BlogPosting\" itemprop=\"blogPost\" ><div class='avia_textblock  '   itemprop=\"text\" ><p class=\"v1MsoNormal v1FluidPluginCopy\" style=\"text-align: justify;\"><span class=\"v1ContentPasted0\">Recomendaciones y acciones preventivas ante eventuales casos de Influencia Aviar, han entregado a productores agropecuarios de la Regi\u00f3n de Ays\u00e9n, un equipo del Ministerio de Agricultura, encabezado por el seremi Alan Espinoza Ortiz junto a profesionales del Servicio Agr\u00edcola y Ganadero (SAG).\u00a0<\/span><\/p>\n<p class=\"v1MsoNormal v1FluidPluginCopy\" style=\"text-align: justify;\"><span class=\"v1ContentPasted0\">Se trata de acciones de comunicaci\u00f3n de riesgo y educaci\u00f3n sanitaria<\/span><span class=\"v1ContentPasted0\">\u00a0dirigidas al segmento de la peque\u00f1a y mediana avicultura, en el marco de la presencia de casos a nivel nacional en aves silvestres.\u00a0\u00a0<\/span><\/p>\n<p class=\"v1MsoNormal v1FluidPluginCopy\" style=\"text-align: justify;\"><span class=\"v1ContentPasted0\">Entre los predios visitados est\u00e1 el Fundo\u00a0El Carancho en el sector Lago Elizalde, de Mariana Holzapfel.\u00a0<\/span><\/p>\n<p class=\"v1MsoNormal v1FluidPluginCopy\" style=\"text-align: justify;\"><span class=\"v1ContentPasted0\">\u00abVinimos a contar todo lo que estamos haciendo en nuestra regi\u00f3n a trav\u00e9s del SAG para la prevenci\u00f3n de la gripe aviar. Hoy d\u00eda estamos junto con Mariana, la due\u00f1a del plantel m\u00e1s grande de nuestra regi\u00f3n que tiene\u00a01.600 gallinas y estamos haciendo una invitaci\u00f3n al cuidado y la prevenci\u00f3n. Estamos libres de esta enfermedad y queremos seguir manteniendo esa situaci\u00f3n\u00bb, se\u00f1al\u00f3 el seremi Alan Espinoza Ortiz.\u00a0<\/span><\/p>\n<p class=\"v1MsoNormal v1FluidPluginCopy\" style=\"text-align: justify;\"><span class=\"v1ContentPasted0\">La\u00a0avicultura de postura ha tenido un importante incremento,\u00a0dado el inter\u00e9s de los consumidores por alimentarse con huevos de campo, de gallinas libre y de origen local.\u00a0<\/span><\/p>\n<p class=\"v1MsoNormal v1FluidPluginCopy\" style=\"text-align: justify;\"><span class=\"v1ContentPasted0\">\u00abActualmente tenemos cerca de 900 gallinas en postura, m\u00e1s el recambio que est\u00e1 en crecimiento. Tenemos mucha visita de aves silvestres en este tipo de sistema, por ende, estamos muy expuestos a cualquier infecci\u00f3n. Es importante esta comunicaci\u00f3n con el SAG, porque si bien somos profesionales, ante este tipo de alerta necesitamos mantenernos al corriente\u00bb, se\u00f1al\u00f3 Mariana Holzapfel.\u00a0<\/span><\/p>\n<p class=\"v1MsoNormal v1FluidPluginCopy\" style=\"text-align: justify;\"><span class=\"v1ContentPasted0\">Las medidas consideradas por el SAG, se complementan con aumento de la vigilancia y atenci\u00f3n de denuncias por mortalidad de aves silvestres en humedales y cuerpos de agua clasificados como de riesgo.\u00a0\u00a0<\/span><\/p>\n<p class=\"v1MsoNormal v1FluidPluginCopy\" style=\"text-align: justify;\"><span class=\"v1ContentPasted0\">\u00abExplicarles de qu\u00e9 se trata la infecci\u00f3n ya que es un tema que nos interesa como pa\u00eds, siendo un pa\u00eds libre de influenza aviar y tenemos que seguir trabajando mancomunadamente con los productores. Por lo tanto, ese es el mensaje, estar muy atentos al comportamiento de sus aves, saber si tus aves est\u00e1n sanas, si tienen alg\u00fan cambio en la conducta y tambi\u00e9n el avistamiento de aves silvestres en las explotaciones\u00bb, se\u00f1al\u00f3 la Jefa (S) de la Oficina Coyhaique del SAG, Paula Naranjo.\u00a0<\/span><\/p>\n<p class=\"v1MsoNormal v1FluidPluginCopy\" style=\"text-align: justify;\"><span class=\"v1ContentPasted0\">En esta l\u00ednea, se enfatiz\u00f3 el llamado a que las y los productores av\u00edcolas, observen las siguientes recomendaciones:\u00a0<\/span><\/p>\n<p class=\"v1MsoNormal v1FluidPluginCopy\" style=\"text-align: justify;\"><span class=\"v1ContentPasted0\">&#8211; Mantenga a sus aves en un lugar protegido, aislado de animales, personas y aves silvestres.<\/span><br class=\"v1ContentPasted0\" \/><span class=\"v1ContentPasted0\">&#8211; Proteja el agua y alimentos, estos atraen a las aves silvestres.\u00a0\u00a0<\/span><\/p>\n<p class=\"v1MsoNormal v1FluidPluginCopy\" style=\"text-align: justify;\"><span class=\"v1ContentPasted0\">&#8211; Limpie y desinfecte las instalaciones de las aves en forma peri\u00f3dica.<\/span><\/p>\n<p class=\"v1MsoNormal v1FluidPluginCopy\" style=\"text-align: justify;\"><span class=\"v1ContentPasted0\">&#8211; Al ingresar aves de otros or\u00edgenes, mant\u00e9ngalas separadas de sus aves por 21 d\u00edas.<\/span><br class=\"v1ContentPasted0\" \/><span class=\"v1ContentPasted0\">&#8211; Controle el ingreso de personas, utensilios, animales y veh\u00edculos a su gallinero.<\/span><\/p>\n<p class=\"v1MsoNormal v1FluidPluginCopy\" style=\"text-align: justify;\"><span class=\"v1ContentPasted0\">&#8211; Ante cualquier observaci\u00f3n de aves enfermas deben comunicarlo a los canales disponibles del SAG.\u00a0<b class=\"v1ContentPasted0\">No manipular aves enfermas o muertas en ning\u00fan caso<\/b><\/span><b class=\"v1ContentPasted0\">.<\/b><\/p>\n<\/div><\/section><\/div><div  style='height:50px' class='hr hr-invisible   avia-builder-el-6  el_after_av_one_full  el_before_av_social_share '><span class='hr-inner ' ><span class='hr-inner-style'><\/span><\/span><\/div><\/p>\n<div  class='av-social-sharing-box  avia-builder-el-7  el_after_av_hr  el_before_av_hr  '><div class='av-share-box'><h5 class='av-share-link-description av-no-toc '>Compartir esta noticia<\/h5><ul class='av-share-box-list noLightbox'><li class='av-share-link av-social-link-facebook' ><a target=\"_blank\" aria-label=\"Compartir en Facebook\" href='https:\/\/www.facebook.com\/sharer.php?u=https:\/\/radiorevelacionfm.cl\/?p=26379&#038;t=Ministerio%20de%20Agricultura%20refuerza%20llamado%20a%20la%20prevenci%C3%B3n%20ante%20Influencia%20Aviar' aria-hidden='false' data-av_icon='\ue8f3' data-av_iconfont='entypo-fontello' title='' data-avia-related-tooltip='Compartir en Facebook' rel=\"noopener\"><span class='avia_hidden_link_text'>Compartir en Facebook<\/span><\/a><\/li><li class='av-share-link av-social-link-twitter' ><a target=\"_blank\" aria-label=\"Compartir en Twitter\" href='https:\/\/twitter.com\/share?text=Ministerio%20de%20Agricultura%20refuerza%20llamado%20a%20la%20prevenci%C3%B3n%20ante%20Influencia%20Aviar&#038;url=https:\/\/radiorevelacionfm.cl\/?p=26379' aria-hidden='false' data-av_icon='\ue8f1' data-av_iconfont='entypo-fontello' title='' data-avia-related-tooltip='Compartir en Twitter' rel=\"noopener\"><span class='avia_hidden_link_text'>Compartir en Twitter<\/span><\/a><\/li><li class='av-share-link av-social-link-whatsapp' ><a target=\"_blank\" aria-label=\"Compartir en Whatsapp\" href='https:\/\/api.whatsapp.com\/send?text=https:\/\/radiorevelacionfm.cl\/?p=26379' aria-hidden='false' data-av_icon='\uf232' data-av_iconfont='entypo-fontello' title='' data-avia-related-tooltip='Compartir en Whatsapp' rel=\"noopener\"><span class='avia_hidden_link_text'>Compartir en Whatsapp<\/span><\/a><\/li><li class='av-share-link av-social-link-linkedin' ><a target=\"_blank\" aria-label=\"Compartir en LinkedIn\" href='https:\/\/linkedin.com\/shareArticle?mini=true&#038;title=Ministerio%20de%20Agricultura%20refuerza%20llamado%20a%20la%20prevenci%C3%B3n%20ante%20Influencia%20Aviar&#038;url=https:\/\/radiorevelacionfm.cl\/?p=26379' aria-hidden='false' data-av_icon='\ue8fc' data-av_iconfont='entypo-fontello' title='' data-avia-related-tooltip='Compartir en LinkedIn' rel=\"noopener\"><span class='avia_hidden_link_text'>Compartir en LinkedIn<\/span><\/a><\/li><li class='av-share-link av-social-link-mail' ><a  aria-label=\"Compartir por correo\" href='mailto:?subject=Ministerio%20de%20Agricultura%20refuerza%20llamado%20a%20la%20prevenci%C3%B3n%20ante%20Influencia%20Aviar&#038;body=https:\/\/radiorevelacionfm.cl\/?p=26379' aria-hidden='false' data-av_icon='\ue805' data-av_iconfont='entypo-fontello' title='' data-avia-related-tooltip='Compartir por correo'><span class='avia_hidden_link_text'>Compartir por correo<\/span><\/a><\/li><\/ul><\/div><\/div>\n<div  style='height:50px' class='hr hr-invisible   avia-builder-el-8  el_after_av_social_share  el_before_av_comments_list '><span class='hr-inner ' ><span class='hr-inner-style'><\/span><\/span><\/div>\n<div  class='av-buildercomment  av-blog-meta-html-info-disabled av-blog-meta-tag-disabled  '><\/div>\n","protected":false},"excerpt":{"rendered":"","protected":false},"author":1,"featured_media":26380,"comment_status":"open","ping_status":"open","sticky":false,"template":"","format":"standard","meta":{"footnotes":""},"categories":[58],"tags":[],"class_list":["post-26379","post","type-post","status-publish","format-standard","has-post-thumbnail","hentry","category-agricultura"],"jetpack_featured_media_url":"https:\/\/radiorevelacionfm.cl\/wp-content\/uploads\/2023\/01\/agricultura-2023-01-06-1_optimized-1.jpeg","_links":{"self":[{"href":"https:\/\/radiorevelacionfm.cl\/index.php?rest_route=\/wp\/v2\/posts\/26379","targetHints":{"allow":["GET"]}}],"collection":[{"href":"https:\/\/radiorevelacionfm.cl\/index.php?rest_route=\/wp\/v2\/posts"}],"about":[{"href":"https:\/\/radiorevelacionfm.cl\/index.php?rest_route=\/wp\/v2\/types\/post"}],"author":[{"embeddable":true,"href":"https:\/\/radiorevelacionfm.cl\/index.php?rest_route=\/wp\/v2\/users\/1"}],"replies":[{"embeddable":true,"href":"https:\/\/radiorevelacionfm.cl\/index.php?rest_route=%2Fwp%2Fv2%2Fcomments&post=26379"}],"version-history":[{"count":2,"href":"https:\/\/radiorevelacionfm.cl\/index.php?rest_route=\/wp\/v2\/posts\/26379\/revisions"}],"predecessor-version":[{"id":26382,"href":"https:\/\/radiorevelacionfm.cl\/index.php?rest_route=\/wp\/v2\/posts\/26379\/revisions\/26382"}],"wp:featuredmedia":[{"embeddable":true,"href":"https:\/\/radiorevelacionfm.cl\/index.php?rest_route=\/wp\/v2\/media\/26380"}],"wp:attachment":[{"href":"https:\/\/radiorevelacionfm.cl\/index.php?rest_route=%2Fwp%2Fv2%2Fmedia&parent=26379"}],"wp:term":[{"taxonomy":"category","embeddable":true,"href":"https:\/\/radiorevelacionfm.cl\/index.php?rest_route=%2Fwp%2Fv2%2Fcategories&post=26379"},{"taxonomy":"post_tag","embeddable":true,"href":"https:\/\/radiorevelacionfm.cl\/index.php?rest_route=%2Fwp%2Fv2%2Ftags&post=26379"}],"curies":[{"name":"wp","href":"https:\/\/api.w.org\/{rel}","templated":true}]}}