{"id":26377,"date":"2023-01-08T18:41:20","date_gmt":"2023-01-08T21:41:20","guid":{"rendered":"https:\/\/radiorevelacionfm.cl\/?p=26377"},"modified":"2023-01-08T18:41:20","modified_gmt":"2023-01-08T21:41:20","slug":"corporacion-chelenko-ante-propuesta-del-gore-aysen-una-corporacion-de-desarrollo-del-gobierno-regional-con-todos-los-actores-seria-una-potente-senal-de-unidad","status":"publish","type":"post","link":"https:\/\/radiorevelacionfm.cl\/?p=26377","title":{"rendered":"Corporaci\u00f3n Chelenko ante propuesta del Gore Ays\u00e9n: \u00abUna corporaci\u00f3n de desarrollo del Gobierno Regional con todos los actores ser\u00eda una potente se\u00f1al de unidad\u00bb"},"content":{"rendered":"<div class=\"flex_column av_one_full  flex_column_div av-zero-column-padding first  avia-builder-el-0  el_before_av_one_full  avia-builder-el-first  \" style='border-radius:0px; '><div  class='avia-image-container  av-styling-    avia-builder-el-1  avia-builder-el-no-sibling  avia-align-center '  itemprop=\"image\" itemscope=\"itemscope\" itemtype=\"https:\/\/schema.org\/ImageObject\"  ><div class='avia-image-container-inner'><div class='avia-image-overlay-wrap'><img decoding=\"async\" class='wp-image-23710 avia-img-lazy-loading-not-23710 avia_image' src=\"https:\/\/radiorevelacionfm.cl\/wp-content\/uploads\/2022\/11\/asamblea-corporacion-chelenko-2022-2024-1_optimized-1.jpg\" alt='' title='asamblea-corporaci\u00f3n-chelenko-2022-2024-(1)_optimized (1)' height=\"600\" width=\"865\"  itemprop=\"thumbnailUrl\" srcset=\"https:\/\/radiorevelacionfm.cl\/wp-content\/uploads\/2022\/11\/asamblea-corporacion-chelenko-2022-2024-1_optimized-1.jpg 865w, https:\/\/radiorevelacionfm.cl\/wp-content\/uploads\/2022\/11\/asamblea-corporacion-chelenko-2022-2024-1_optimized-1-300x208.jpg 300w, https:\/\/radiorevelacionfm.cl\/wp-content\/uploads\/2022\/11\/asamblea-corporacion-chelenko-2022-2024-1_optimized-1-768x533.jpg 768w, https:\/\/radiorevelacionfm.cl\/wp-content\/uploads\/2022\/11\/asamblea-corporacion-chelenko-2022-2024-1_optimized-1-705x489.jpg 705w, https:\/\/radiorevelacionfm.cl\/wp-content\/uploads\/2022\/11\/asamblea-corporacion-chelenko-2022-2024-1_optimized-1-600x416.jpg 600w\" sizes=\"(max-width: 865px) 100vw, 865px\" \/><\/div><\/div><\/div><\/div><div class=\"flex_column av_one_full  flex_column_div av-zero-column-padding first  avia-builder-el-2  el_after_av_one_full  el_before_av_one_full  column-top-margin\" style='border-radius:0px; '><section class=\"av_textblock_section \"  itemscope=\"itemscope\" itemtype=\"https:\/\/schema.org\/BlogPosting\" itemprop=\"blogPost\" ><div class='avia_textblock  '   itemprop=\"text\" ><p style=\"text-align: center;\"><strong><span style=\"font-size: 18pt;\">Corporaci\u00f3n Chelenko ante propuesta del Gore Ays\u00e9n: \u00abUna corporaci\u00f3n de desarrollo del Gobierno Regional con todos los actores ser\u00eda una potente se\u00f1al de unidad\u00bb<\/span><\/strong><\/p>\n<div id=\"gtx-trans\" style=\"position: absolute; left: -50px; top: 4.31534px;\">\n<div class=\"gtx-trans-icon\"><\/div>\n<\/div>\n<\/div><\/section><\/div><div class=\"flex_column av_one_full  flex_column_div av-zero-column-padding first  avia-builder-el-4  el_after_av_one_full  el_before_av_hr  column-top-margin\" style='border-radius:0px; '><section class=\"av_textblock_section \"  itemscope=\"itemscope\" itemtype=\"https:\/\/schema.org\/BlogPosting\" itemprop=\"blogPost\" ><div class='avia_textblock  '   itemprop=\"text\" ><p class=\"v1gmail-MsoListParagraph\" style=\"text-align: justify;\"><span lang=\"ES\">La entidad, que representa a m\u00e1s de 200 peque\u00f1as empresas tur\u00edsticas de la cuenca del lago General Carrera, manifest<\/span><span lang=\"X-NONE\">\u00f3 que esto permitir\u00eda, adem\u00e1s de agilizar el uso de los recursos, \u00absuperar el paradigma de que el desarrollo s\u00f3lo tiene que ser llevado adelante por las empresas.\u00a0<span class=\"v1gmail-Apple-converted-space\">\u00a0<\/span>En la Corporaci\u00f3n Chelenko somos cientos de empresas familiares, pero tambi\u00e9n somos habitantes, actores sociales y culturales, somos parte de la comunidad\u00bb<\/span><span lang=\"X-NONE\">.\u00a0<\/span><\/p>\n<p class=\"v1MsoNormal\" style=\"text-align: justify;\"><span lang=\"ES\">Como una \u00abinnovadora y potente se\u00f1al de unidad regional\u00bb<span class=\"v1gmail-Apple-converted-space\">\u00a0<\/span><\/span><span lang=\"X-NONE\">calificaron desde la Corporaci\u00f3n Chelenko la idea de conformar una corporaci\u00f3n de desarrollo en que participe el Gobierno Regional de Ays\u00e9n junto a empresas, sindicatos, sociedad civil, organizaciones territoriales y municipios.\u00a0<span class=\"v1gmail-Apple-converted-space\">\u00a0<\/span>Fue a fines de diciembre que la propuesta iba a ser puesta en tabla en el Consejo Regional de Ays\u00e9n, donde necesita 2\/3 de los votos, sin embargo ante cr\u00edticas de algunos cores y de la Multigremial, se decidi\u00f3 postergar la definici\u00f3n.<\/span><\/p>\n<p class=\"v1MsoNormal\" style=\"text-align: justify;\"><span lang=\"X-NONE\">Es en este contexto que Jasmia Y\u00e1\u00f1ez Henr\u00edquez, presidenta de la Corporaci\u00f3n Chelenko, que representa a m\u00e1s de 200 peque\u00f1as empresas tur\u00edsticas de la cuenca del lago General Carrera, expres\u00f3 que la propuesta es muy positiva, \u00abtoda vez que permite institucionalizar y dar mayor musculatura a un proceso que se viene desarrollando desde hace mucho: la articulaci\u00f3n p\u00fablico privada\u00bb.<\/span><\/p>\n<p class=\"v1MsoNormal\" style=\"text-align: justify;\"><span lang=\"X-NONE\">A los beneficios en t\u00e9rminos de agilizaci\u00f3n de la inversi\u00f3n del Gore, sum\u00f3 Y\u00e1\u00f1ez el que se avance hacia una mirada\u00bbque supere el paradigma de que el desarrollo s\u00f3lo tiene que ser llevado adelante por las empresas.\u00a0<span class=\"v1gmail-Apple-converted-space\">\u00a0<\/span>En la Corporaci\u00f3n Chelenko somos cientos de empresas familiares, pero tambi\u00e9n somos habitantes, actores sociales y culturales, somos parte de la comunidad\u00bb.\u00a0<\/span><\/p>\n<p class=\"v1MsoNormal\" style=\"text-align: justify;\"><span lang=\"X-NONE\">Apunt\u00f3 as\u00ed a la idea de dar un paso adelante, \u00abcon una innovadora y potente se\u00f1al de unidad regional\u00bb entre municipios, empresas, organizaciones territoriales, sindicatos, organizaciones de la sociedad civil, academia, pensando en conjunto en el desarrollo de Ays\u00e9n, \u00ablo cual es parte de la sustentabilidad, trabajar sobre los puntos de encuentro y transversalmente\u00bb.\u00a0<span class=\"v1gmail-Apple-converted-space\">\u00a0<\/span>\u00abY actuando, ya que al ser el Gobierno Regional parte de la estructura org\u00e1nica, permite acceder a recursos directos de las partidas de dicha entidad, lo cual es muy positivo\u00bb.<\/span><\/p>\n<p class=\"v1MsoNormal\" style=\"text-align: justify;\"><span lang=\"X-NONE\">Por su parte, la vicepresidenta de la organizaci\u00f3n Miriam Chible Contreras, apunt\u00f3 a que \u00abdesde hace tiempo hac\u00eda falta este espacio, donde podamos conversar sobre el desarrollo no s\u00f3lo los sectores productivos sino tambi\u00e9n el sindical, social, cultural, territorial.\u00a0<span class=\"v1gmail-Apple-converted-space\">\u00a0<\/span>Hubo varios intentos, y tras un proceso de maduraci\u00f3n vemos que ahora es el momento ideal y necesario.\u00a0<span class=\"v1gmail-Apple-converted-space\">\u00a0<\/span>Algo fundamental para enfrentar conjuntamente los desaf\u00edos econ\u00f3micos y sociales que se requieren\u00bb.<\/span><\/p>\n<p class=\"v1MsoNormal\" style=\"text-align: justify;\"><span lang=\"X-NONE\">Agreg\u00f3 que la corporaci\u00f3n del Gobierno Regional \u00abser\u00eda una potente se\u00f1al de articulaci\u00f3n p\u00fablico-privada, que incentive y atraiga inversiones en los \u00e1mbitos priorizados por la propia regi\u00f3n, seg\u00fan su propia estrategia de desarrollo.\u00a0<span class=\"v1gmail-Apple-converted-space\">\u00a0<\/span>Y el hecho que ejecute directamente iniciativas mejorar\u00e1 la eficiencia en las inversiones, en un trabajo conjunto con el sector privado, municipios y organizaciones territoriales, lo cual ser\u00eda un tremendo aporte a la descentralizaci\u00f3n\u00bb.<\/span><\/p>\n<p class=\"v1MsoNormal\" style=\"text-align: justify;\"><span lang=\"X-NONE\">Por \u00faltimo, indic\u00f3 la dirigenta que esta iniciativa de la gobernadora Andrea Mac\u00edas va en sinton\u00eda con las corporaciones de este tipo que ya se han conformado en \u00abcatorce regiones del pa\u00eds, s\u00f3lo faltando nosotros y Los Lagos.\u00a0<span class=\"v1gmail-Apple-converted-space\">\u00a0<\/span>Por eso esperamos que esta iniciativa se apruebe por todos los sectores<span class=\"v1gmail-Apple-converted-space\">\u00a0<\/span>\u00ab.<\/span><\/p>\n<\/div><\/section><\/div><div  style='height:50px' class='hr hr-invisible   avia-builder-el-6  el_after_av_one_full  el_before_av_social_share '><span class='hr-inner ' ><span class='hr-inner-style'><\/span><\/span><\/div><\/p>\n<div  class='av-social-sharing-box  avia-builder-el-7  el_after_av_hr  el_before_av_hr  '><div class='av-share-box'><h5 class='av-share-link-description av-no-toc '>Compartir esta noticia<\/h5><ul class='av-share-box-list noLightbox'><li class='av-share-link av-social-link-facebook' ><a target=\"_blank\" aria-label=\"Compartir en Facebook\" href='https:\/\/www.facebook.com\/sharer.php?u=https:\/\/radiorevelacionfm.cl\/?p=26377&#038;t=Corporaci%C3%B3n%20Chelenko%20ante%20propuesta%20del%20Gore%20Ays%C3%A9n%3A%20%C2%ABUna%20corporaci%C3%B3n%20de%20desarrollo%20del%20Gobierno%20Regional%20con%20todos%20los%20actores%20ser%C3%ADa%20una%20potente%20se%C3%B1al%20de%20unidad%C2%BB' aria-hidden='false' data-av_icon='\ue8f3' data-av_iconfont='entypo-fontello' title='' data-avia-related-tooltip='Compartir en Facebook' rel=\"noopener\"><span class='avia_hidden_link_text'>Compartir en Facebook<\/span><\/a><\/li><li class='av-share-link av-social-link-twitter' ><a target=\"_blank\" aria-label=\"Compartir en Twitter\" href='https:\/\/twitter.com\/share?text=Corporaci%C3%B3n%20Chelenko%20ante%20propuesta%20del%20Gore%20Ays%C3%A9n%3A%20%C2%ABUna%20corporaci%C3%B3n%20de%20desarrollo%20del%20Gobierno%20Regional%20con%20todos%20los%20actores%20ser%C3%ADa%20una%20potente%20se%C3%B1al%20de%20unidad%C2%BB&#038;url=https:\/\/radiorevelacionfm.cl\/?p=26377' aria-hidden='false' data-av_icon='\ue8f1' data-av_iconfont='entypo-fontello' title='' data-avia-related-tooltip='Compartir en Twitter' rel=\"noopener\"><span class='avia_hidden_link_text'>Compartir en Twitter<\/span><\/a><\/li><li class='av-share-link av-social-link-whatsapp' ><a target=\"_blank\" aria-label=\"Compartir en Whatsapp\" href='https:\/\/api.whatsapp.com\/send?text=https:\/\/radiorevelacionfm.cl\/?p=26377' aria-hidden='false' data-av_icon='\uf232' data-av_iconfont='entypo-fontello' title='' data-avia-related-tooltip='Compartir en Whatsapp' rel=\"noopener\"><span class='avia_hidden_link_text'>Compartir en Whatsapp<\/span><\/a><\/li><li class='av-share-link av-social-link-linkedin' ><a target=\"_blank\" aria-label=\"Compartir en LinkedIn\" href='https:\/\/linkedin.com\/shareArticle?mini=true&#038;title=Corporaci%C3%B3n%20Chelenko%20ante%20propuesta%20del%20Gore%20Ays%C3%A9n%3A%20%C2%ABUna%20corporaci%C3%B3n%20de%20desarrollo%20del%20Gobierno%20Regional%20con%20todos%20los%20actores%20ser%C3%ADa%20una%20potente%20se%C3%B1al%20de%20unidad%C2%BB&#038;url=https:\/\/radiorevelacionfm.cl\/?p=26377' aria-hidden='false' data-av_icon='\ue8fc' data-av_iconfont='entypo-fontello' title='' data-avia-related-tooltip='Compartir en LinkedIn' rel=\"noopener\"><span class='avia_hidden_link_text'>Compartir en LinkedIn<\/span><\/a><\/li><li class='av-share-link av-social-link-mail' ><a  aria-label=\"Compartir por correo\" href='mailto:?subject=Corporaci%C3%B3n%20Chelenko%20ante%20propuesta%20del%20Gore%20Ays%C3%A9n%3A%20%C2%ABUna%20corporaci%C3%B3n%20de%20desarrollo%20del%20Gobierno%20Regional%20con%20todos%20los%20actores%20ser%C3%ADa%20una%20potente%20se%C3%B1al%20de%20unidad%C2%BB&#038;body=https:\/\/radiorevelacionfm.cl\/?p=26377' aria-hidden='false' data-av_icon='\ue805' data-av_iconfont='entypo-fontello' title='' data-avia-related-tooltip='Compartir por correo'><span class='avia_hidden_link_text'>Compartir por correo<\/span><\/a><\/li><\/ul><\/div><\/div>\n<div  style='height:50px' class='hr hr-invisible   avia-builder-el-8  el_after_av_social_share  el_before_av_comments_list '><span class='hr-inner ' ><span class='hr-inner-style'><\/span><\/span><\/div>\n<div  class='av-buildercomment  av-blog-meta-html-info-disabled av-blog-meta-tag-disabled  '><\/div>\n","protected":false},"excerpt":{"rendered":"","protected":false},"author":1,"featured_media":23710,"comment_status":"open","ping_status":"open","sticky":false,"template":"","format":"standard","meta":{"footnotes":""},"categories":[38],"tags":[],"class_list":["post-26377","post","type-post","status-publish","format-standard","has-post-thumbnail","hentry","category-regional"],"jetpack_featured_media_url":"https:\/\/radiorevelacionfm.cl\/wp-content\/uploads\/2022\/11\/asamblea-corporacion-chelenko-2022-2024-1_optimized-1.jpg","_links":{"self":[{"href":"https:\/\/radiorevelacionfm.cl\/index.php?rest_route=\/wp\/v2\/posts\/26377","targetHints":{"allow":["GET"]}}],"collection":[{"href":"https:\/\/radiorevelacionfm.cl\/index.php?rest_route=\/wp\/v2\/posts"}],"about":[{"href":"https:\/\/radiorevelacionfm.cl\/index.php?rest_route=\/wp\/v2\/types\/post"}],"author":[{"embeddable":true,"href":"https:\/\/radiorevelacionfm.cl\/index.php?rest_route=\/wp\/v2\/users\/1"}],"replies":[{"embeddable":true,"href":"https:\/\/radiorevelacionfm.cl\/index.php?rest_route=%2Fwp%2Fv2%2Fcomments&post=26377"}],"version-history":[{"count":2,"href":"https:\/\/radiorevelacionfm.cl\/index.php?rest_route=\/wp\/v2\/posts\/26377\/revisions"}],"predecessor-version":[{"id":26390,"href":"https:\/\/radiorevelacionfm.cl\/index.php?rest_route=\/wp\/v2\/posts\/26377\/revisions\/26390"}],"wp:featuredmedia":[{"embeddable":true,"href":"https:\/\/radiorevelacionfm.cl\/index.php?rest_route=\/wp\/v2\/media\/23710"}],"wp:attachment":[{"href":"https:\/\/radiorevelacionfm.cl\/index.php?rest_route=%2Fwp%2Fv2%2Fmedia&parent=26377"}],"wp:term":[{"taxonomy":"category","embeddable":true,"href":"https:\/\/radiorevelacionfm.cl\/index.php?rest_route=%2Fwp%2Fv2%2Fcategories&post=26377"},{"taxonomy":"post_tag","embeddable":true,"href":"https:\/\/radiorevelacionfm.cl\/index.php?rest_route=%2Fwp%2Fv2%2Ftags&post=26377"}],"curies":[{"name":"wp","href":"https:\/\/api.w.org\/{rel}","templated":true}]}}