{"id":26372,"date":"2023-01-08T13:10:13","date_gmt":"2023-01-08T16:10:13","guid":{"rendered":"https:\/\/radiorevelacionfm.cl\/?p=26372"},"modified":"2023-01-08T13:10:13","modified_gmt":"2023-01-08T16:10:13","slug":"armada-coordina-rescate-de-30-pasajeros-y-3-tripulantes-desde-catamaran-en-laguna-san-rafael","status":"publish","type":"post","link":"https:\/\/radiorevelacionfm.cl\/?p=26372","title":{"rendered":"Armada coordina rescate de 30 pasajeros y 3 tripulantes desde catamar\u00e1n en Laguna San Rafael"},"content":{"rendered":"<div class=\"flex_column av_one_full  flex_column_div av-zero-column-padding first  avia-builder-el-0  el_before_av_one_full  avia-builder-el-first  \" style='border-radius:0px; '><div  class='avia-image-container  av-styling-    avia-builder-el-1  avia-builder-el-no-sibling  avia-align-center '  itemprop=\"image\" itemscope=\"itemscope\" itemtype=\"https:\/\/schema.org\/ImageObject\"  ><div class='avia-image-container-inner'><div class='avia-image-overlay-wrap'><img decoding=\"async\" class='wp-image-26373 avia-img-lazy-loading-not-26373 avia_image' src=\"https:\/\/radiorevelacionfm.cl\/wp-content\/uploads\/2023\/01\/Fl87oj0XwAM_1bJ-1-1.jpg\" alt='' title='Fl87oj0XwAM_1bJ (1) (1)' height=\"600\" width=\"1300\"  itemprop=\"thumbnailUrl\" srcset=\"https:\/\/radiorevelacionfm.cl\/wp-content\/uploads\/2023\/01\/Fl87oj0XwAM_1bJ-1-1.jpg 1300w, https:\/\/radiorevelacionfm.cl\/wp-content\/uploads\/2023\/01\/Fl87oj0XwAM_1bJ-1-1-300x138.jpg 300w, https:\/\/radiorevelacionfm.cl\/wp-content\/uploads\/2023\/01\/Fl87oj0XwAM_1bJ-1-1-1030x475.jpg 1030w, https:\/\/radiorevelacionfm.cl\/wp-content\/uploads\/2023\/01\/Fl87oj0XwAM_1bJ-1-1-768x354.jpg 768w, https:\/\/radiorevelacionfm.cl\/wp-content\/uploads\/2023\/01\/Fl87oj0XwAM_1bJ-1-1-705x325.jpg 705w, https:\/\/radiorevelacionfm.cl\/wp-content\/uploads\/2023\/01\/Fl87oj0XwAM_1bJ-1-1-600x277.jpg 600w\" sizes=\"(max-width: 1300px) 100vw, 1300px\" \/><\/div><\/div><\/div><\/div><div class=\"flex_column av_one_full  flex_column_div av-zero-column-padding first  avia-builder-el-2  el_after_av_one_full  el_before_av_one_full  column-top-margin\" style='border-radius:0px; '><section class=\"av_textblock_section \"  itemscope=\"itemscope\" itemtype=\"https:\/\/schema.org\/BlogPosting\" itemprop=\"blogPost\" ><div class='avia_textblock  '   itemprop=\"text\" ><p style=\"text-align: center;\"><strong><span style=\"font-size: 18pt;\">Armada coordina rescate de 30 pasajeros y 3 tripulantes desde catamar\u00e1n en Laguna San Rafael<\/span><\/strong><\/p>\n<div id=\"gtx-trans\" style=\"position: absolute; left: -50px; top: 4.31534px;\">\n<div class=\"gtx-trans-icon\"><\/div>\n<\/div>\n<\/div><\/section><\/div><div class=\"flex_column av_one_full  flex_column_div av-zero-column-padding first  avia-builder-el-4  el_after_av_one_full  el_before_av_hr  column-top-margin\" style='border-radius:0px; '><section class=\"av_textblock_section \"  itemscope=\"itemscope\" itemtype=\"https:\/\/schema.org\/BlogPosting\" itemprop=\"blogPost\" ><div class='avia_textblock  '   itemprop=\"text\" ><p style=\"text-align: justify;\">Fue este s\u00e1bado 7 de enero pasadas las 15:00 horas, cuando la Autoridad Mar\u00edtima de Ays\u00e9n, recibi\u00f3 un llamado indicando que el Catamar\u00e1n \u201cMaguellan Spirit\u201d matr\u00edcula de Valdivia, momentos que navegaba en \u00e1rea de Laguna San Rafael, habr\u00eda golpeado hielo sumergido, lo que ocasion\u00f3 v\u00edas de agua en sector proa.<\/p>\n<p style=\"text-align: justify;\">Al respecto el Capit\u00e1n de Puerto de Puerto Ays\u00e9n suplente, Teniente Primero Litoral Gonzalo Jim\u00e9nez precis\u00f3 \u201cla nave se encontraba sin autorizaci\u00f3n de zarpe, con 30 pasajeros a bordo y 3 tripulantes. Luego recibimos informaci\u00f3n que el patr\u00f3n decidi\u00f3 vararse en fondeadero Laguna San Rafael. Por lo anterior, de inmediato desviamos el Catamar\u00e1n \u201cAys\u00e9n\u201d al \u00e1rea para el rescate de los 30 pasajeros, los cuales fueron evacuados sin novedad a Puerto Chacabuco\u201d.<\/p>\n<p style=\"text-align: justify;\">Por lo anterior, el oficial destac\u00f3 \u201cgracias al apoyo del Catamar\u00e1n Ays\u00e9n el rescate y posterior traslado hasta Puerto Chacabuco la operaci\u00f3n de b\u00fasqueda y Salvamento fue desactivado con \u00e9xito\u201d.<\/p>\n<p style=\"text-align: justify;\">Por su parte, la Lancha Patrullera Mar\u00edtima \u00a0LPM 4411 zarp\u00f3 en demanda de Laguna San Rafael, con el objetivo de verificar \u00a0la reparaci\u00f3n del Catamar\u00e1n afectado.<\/p>\n<\/div><\/section><\/div><div  style='height:50px' class='hr hr-invisible   avia-builder-el-6  el_after_av_one_full  el_before_av_social_share '><span class='hr-inner ' ><span class='hr-inner-style'><\/span><\/span><\/div><\/p>\n<div  class='av-social-sharing-box  avia-builder-el-7  el_after_av_hr  el_before_av_hr  '><div class='av-share-box'><h5 class='av-share-link-description av-no-toc '>Compartir esta noticia<\/h5><ul class='av-share-box-list noLightbox'><li class='av-share-link av-social-link-facebook' ><a target=\"_blank\" aria-label=\"Compartir en Facebook\" href='https:\/\/www.facebook.com\/sharer.php?u=https:\/\/radiorevelacionfm.cl\/?p=26372&#038;t=Armada%20coordina%20rescate%20de%2030%20pasajeros%20y%203%20tripulantes%20desde%20catamar%C3%A1n%20en%20Laguna%20San%20Rafael' aria-hidden='false' data-av_icon='\ue8f3' data-av_iconfont='entypo-fontello' title='' data-avia-related-tooltip='Compartir en Facebook' rel=\"noopener\"><span class='avia_hidden_link_text'>Compartir en Facebook<\/span><\/a><\/li><li class='av-share-link av-social-link-twitter' ><a target=\"_blank\" aria-label=\"Compartir en Twitter\" href='https:\/\/twitter.com\/share?text=Armada%20coordina%20rescate%20de%2030%20pasajeros%20y%203%20tripulantes%20desde%20catamar%C3%A1n%20en%20Laguna%20San%20Rafael&#038;url=https:\/\/radiorevelacionfm.cl\/?p=26372' aria-hidden='false' data-av_icon='\ue8f1' data-av_iconfont='entypo-fontello' title='' data-avia-related-tooltip='Compartir en Twitter' rel=\"noopener\"><span class='avia_hidden_link_text'>Compartir en Twitter<\/span><\/a><\/li><li class='av-share-link av-social-link-whatsapp' ><a target=\"_blank\" aria-label=\"Compartir en Whatsapp\" href='https:\/\/api.whatsapp.com\/send?text=https:\/\/radiorevelacionfm.cl\/?p=26372' aria-hidden='false' data-av_icon='\uf232' data-av_iconfont='entypo-fontello' title='' data-avia-related-tooltip='Compartir en Whatsapp' rel=\"noopener\"><span class='avia_hidden_link_text'>Compartir en Whatsapp<\/span><\/a><\/li><li class='av-share-link av-social-link-linkedin' ><a target=\"_blank\" aria-label=\"Compartir en LinkedIn\" href='https:\/\/linkedin.com\/shareArticle?mini=true&#038;title=Armada%20coordina%20rescate%20de%2030%20pasajeros%20y%203%20tripulantes%20desde%20catamar%C3%A1n%20en%20Laguna%20San%20Rafael&#038;url=https:\/\/radiorevelacionfm.cl\/?p=26372' aria-hidden='false' data-av_icon='\ue8fc' data-av_iconfont='entypo-fontello' title='' data-avia-related-tooltip='Compartir en LinkedIn' rel=\"noopener\"><span class='avia_hidden_link_text'>Compartir en LinkedIn<\/span><\/a><\/li><li class='av-share-link av-social-link-mail' ><a  aria-label=\"Compartir por correo\" href='mailto:?subject=Armada%20coordina%20rescate%20de%2030%20pasajeros%20y%203%20tripulantes%20desde%20catamar%C3%A1n%20en%20Laguna%20San%20Rafael&#038;body=https:\/\/radiorevelacionfm.cl\/?p=26372' aria-hidden='false' data-av_icon='\ue805' data-av_iconfont='entypo-fontello' title='' data-avia-related-tooltip='Compartir por correo'><span class='avia_hidden_link_text'>Compartir por correo<\/span><\/a><\/li><\/ul><\/div><\/div>\n<div  style='height:50px' class='hr hr-invisible   avia-builder-el-8  el_after_av_social_share  el_before_av_comments_list '><span class='hr-inner ' ><span class='hr-inner-style'><\/span><\/span><\/div>\n<div  class='av-buildercomment  av-blog-meta-html-info-disabled av-blog-meta-tag-disabled  '><\/div>\n","protected":false},"excerpt":{"rendered":"","protected":false},"author":1,"featured_media":26373,"comment_status":"open","ping_status":"open","sticky":false,"template":"","format":"standard","meta":{"footnotes":""},"categories":[38],"tags":[],"class_list":["post-26372","post","type-post","status-publish","format-standard","has-post-thumbnail","hentry","category-regional"],"jetpack_featured_media_url":"https:\/\/radiorevelacionfm.cl\/wp-content\/uploads\/2023\/01\/Fl87oj0XwAM_1bJ-1-1.jpg","_links":{"self":[{"href":"https:\/\/radiorevelacionfm.cl\/index.php?rest_route=\/wp\/v2\/posts\/26372","targetHints":{"allow":["GET"]}}],"collection":[{"href":"https:\/\/radiorevelacionfm.cl\/index.php?rest_route=\/wp\/v2\/posts"}],"about":[{"href":"https:\/\/radiorevelacionfm.cl\/index.php?rest_route=\/wp\/v2\/types\/post"}],"author":[{"embeddable":true,"href":"https:\/\/radiorevelacionfm.cl\/index.php?rest_route=\/wp\/v2\/users\/1"}],"replies":[{"embeddable":true,"href":"https:\/\/radiorevelacionfm.cl\/index.php?rest_route=%2Fwp%2Fv2%2Fcomments&post=26372"}],"version-history":[{"count":2,"href":"https:\/\/radiorevelacionfm.cl\/index.php?rest_route=\/wp\/v2\/posts\/26372\/revisions"}],"predecessor-version":[{"id":26375,"href":"https:\/\/radiorevelacionfm.cl\/index.php?rest_route=\/wp\/v2\/posts\/26372\/revisions\/26375"}],"wp:featuredmedia":[{"embeddable":true,"href":"https:\/\/radiorevelacionfm.cl\/index.php?rest_route=\/wp\/v2\/media\/26373"}],"wp:attachment":[{"href":"https:\/\/radiorevelacionfm.cl\/index.php?rest_route=%2Fwp%2Fv2%2Fmedia&parent=26372"}],"wp:term":[{"taxonomy":"category","embeddable":true,"href":"https:\/\/radiorevelacionfm.cl\/index.php?rest_route=%2Fwp%2Fv2%2Fcategories&post=26372"},{"taxonomy":"post_tag","embeddable":true,"href":"https:\/\/radiorevelacionfm.cl\/index.php?rest_route=%2Fwp%2Fv2%2Ftags&post=26372"}],"curies":[{"name":"wp","href":"https:\/\/api.w.org\/{rel}","templated":true}]}}