{"id":26368,"date":"2023-01-08T12:18:21","date_gmt":"2023-01-08T15:18:21","guid":{"rendered":"https:\/\/radiorevelacionfm.cl\/?p=26368"},"modified":"2023-01-08T12:18:21","modified_gmt":"2023-01-08T15:18:21","slug":"festival-internacional-de-musica-en-la-patagonia-se-realizara-del-4-al-10-de-febrero","status":"publish","type":"post","link":"https:\/\/radiorevelacionfm.cl\/?p=26368","title":{"rendered":"Festival Internacional de M\u00fasica en la Patagonia se realizar\u00e1 del 4 al 10 de febrero"},"content":{"rendered":"<div class=\"flex_column av_one_full  flex_column_div av-zero-column-padding first  avia-builder-el-0  el_before_av_one_full  avia-builder-el-first  \" style='border-radius:0px; '><div  class='avia-image-container  av-styling-    avia-builder-el-1  avia-builder-el-no-sibling  avia-align-center '  itemprop=\"image\" itemscope=\"itemscope\" itemtype=\"https:\/\/schema.org\/ImageObject\"  ><div class='avia-image-container-inner'><div class='avia-image-overlay-wrap'><img decoding=\"async\" class='wp-image-26369 avia-img-lazy-loading-not-26369 avia_image' src=\"https:\/\/radiorevelacionfm.cl\/wp-content\/uploads\/2023\/01\/DSC05129-1-1.jpg\" alt='' title='DSC05129 (1) (1)' height=\"600\" width=\"1070\"  itemprop=\"thumbnailUrl\" srcset=\"https:\/\/radiorevelacionfm.cl\/wp-content\/uploads\/2023\/01\/DSC05129-1-1.jpg 1070w, https:\/\/radiorevelacionfm.cl\/wp-content\/uploads\/2023\/01\/DSC05129-1-1-300x168.jpg 300w, https:\/\/radiorevelacionfm.cl\/wp-content\/uploads\/2023\/01\/DSC05129-1-1-1030x578.jpg 1030w, https:\/\/radiorevelacionfm.cl\/wp-content\/uploads\/2023\/01\/DSC05129-1-1-768x431.jpg 768w, https:\/\/radiorevelacionfm.cl\/wp-content\/uploads\/2023\/01\/DSC05129-1-1-705x395.jpg 705w, https:\/\/radiorevelacionfm.cl\/wp-content\/uploads\/2023\/01\/DSC05129-1-1-600x336.jpg 600w\" sizes=\"(max-width: 1070px) 100vw, 1070px\" \/><\/div><\/div><\/div><\/div><div class=\"flex_column av_one_full  flex_column_div av-zero-column-padding first  avia-builder-el-2  el_after_av_one_full  el_before_av_one_full  column-top-margin\" style='border-radius:0px; '><section class=\"av_textblock_section \"  itemscope=\"itemscope\" itemtype=\"https:\/\/schema.org\/BlogPosting\" itemprop=\"blogPost\" ><div class='avia_textblock  '   itemprop=\"text\" ><p style=\"text-align: center;\"><strong><span style=\"font-size: 18pt;\">Festival Internacional de M\u00fasica en la Patagonia se realizar\u00e1 del 4 al 10 de febrero<\/span><\/strong><\/p>\n<div id=\"gtx-trans\" style=\"position: absolute; left: -50px; top: 4.31534px;\">\n<div class=\"gtx-trans-icon\"><\/div>\n<\/div>\n<\/div><\/section><\/div><div class=\"flex_column av_one_full  flex_column_div av-zero-column-padding first  avia-builder-el-4  el_after_av_one_full  el_before_av_hr  column-top-margin\" style='border-radius:0px; '><section class=\"av_textblock_section \"  itemscope=\"itemscope\" itemtype=\"https:\/\/schema.org\/BlogPosting\" itemprop=\"blogPost\" ><div class='avia_textblock  '   itemprop=\"text\" ><p class=\"v1MsoNormal\" style=\"text-align: justify;\">En su novena versi\u00f3n el FIMP contempla la convocatoria a artistas regionales que quieran subirse al escenario de este tradicional evento.<\/p>\n<p class=\"v1MsoNormal\" style=\"text-align: justify;\">Como ya es costumbre en el verano coyhaiquino, durante el mes de febrero se realizar\u00e1 la novena versi\u00f3n del Festival Internacional de M\u00fasica en la Patagonia (FIMP), en el auditorio del Centro Cultural Coyhaique.<\/p>\n<p class=\"v1MsoNormal\" style=\"text-align: justify;\">El evento cuenta con el apoyo y financiamiento del Fondo de la M\u00fasica en su l\u00ednea de Festivales de trayectoria del Ministerio de las Culturas, las Artes y el Patrimonio, lo que permite contar con destacados m\u00fasicos y proyectar lo que adem\u00e1s ser\u00e1 la d\u00e9cima versi\u00f3n del FIMP, a realizarse durante el verano del 2024.<\/p>\n<p class=\"v1MsoNormal\" style=\"text-align: justify;\">Durante este mes se dar\u00e1n a conocer los artistas que participar\u00e1n del festival, as\u00ed como los detalles del evento, el acceso a las entradas y las formas de adquirirlas, por lo que se invit\u00f3 a la comunidad a estar atentos a las redes sociales del FIMP y a su p\u00e1gina web\u00a0<a href=\"http:\/\/www.fimp.cl\/\" target=\"_blank\" rel=\"noopener noreferrer\">www.fimp.cl<\/a>.<\/p>\n<p class=\"v1MsoNormal\" style=\"text-align: justify;\"><b>CONVOCATORIA A M\u00daSICOS REGIONALES<\/b><\/p>\n<p class=\"v1MsoNormal\" style=\"text-align: justify;\">Uno de los aspectos destacados que presenta esta nueva versi\u00f3n del FIMP es que podr\u00e1n postular artistas regionales para participar de este evento. As\u00ed lo mencion\u00f3 Alejandro Cort\u00e9s, co-fundador y parte del equipo organizador FIMP, quien destac\u00f3 el valor que tienen los artistas ayseninos.<\/p>\n<p class=\"v1MsoNormal\" style=\"text-align: justify;\">\u00abNuestra regi\u00f3n cuenta con destacados artistas que sin duda esperan instancias como \u00e9sta para mostrar el trabajo que han desarrollado en sus carreras, por eso esta convocatoria es muy importante para nosotros. Esto adem\u00e1s nos permitir\u00e1 ir levantando un catastro para conocer m\u00e1s a nuestros m\u00fasicos y m\u00fasicas, y abrir canales entre su quehacer y nuestra propia comunidad y el resto del pa\u00eds, ya que el FIMP ha logrado una relevancia a nivel nacional, sostenido en los 9 a\u00f1os de trayectoria en este sector de la Patagonia. Queremos que la experiencia de los m\u00fasicos se vea enriquecida al compartir escena con los artistas de esta versi\u00f3n del festival, por lo que todas y todos est\u00e1n invitados a postular\u00bb, se\u00f1al\u00f3 Alejandro Cort\u00e9s.<\/p>\n<p class=\"v1MsoNormal\" style=\"text-align: justify;\">\u00bfC\u00f3mo pueden hacerlo? Quienes quieran participar deben ingresar a un formulario que se encuentra en la p\u00e1gina web\u00a0<a href=\"http:\/\/www.fimp.cl\/\" target=\"_blank\" rel=\"noopener noreferrer\">www.fimp.cl<\/a>, en sus redes sociales o escribir al correo\u00a0<u><a href=\"mailto:fimpcoyhaique@gmail.com\" rel=\"noreferrer\">fimpcoyhaique@gmail.com<\/a><\/u>.<\/p>\n<p class=\"v1MsoNormal\" style=\"text-align: justify;\">Los requisitos para participar son: presentar una propuesta art\u00edstica de 20 minutos, acreditar experiencia a trav\u00e9s de curriculum o video, y tener domicilio en la regi\u00f3n de Ays\u00e9n. Mayores detalles se pueden encontrar en el formulario o escribiendo al correo antes mencionado.<\/p>\n<\/div><\/section><\/div><div  style='height:50px' class='hr hr-invisible   avia-builder-el-6  el_after_av_one_full  el_before_av_social_share '><span class='hr-inner ' ><span class='hr-inner-style'><\/span><\/span><\/div><\/p>\n<div  class='av-social-sharing-box  avia-builder-el-7  el_after_av_hr  el_before_av_hr  '><div class='av-share-box'><h5 class='av-share-link-description av-no-toc '>Compartir esta noticia<\/h5><ul class='av-share-box-list noLightbox'><li class='av-share-link av-social-link-facebook' ><a target=\"_blank\" aria-label=\"Compartir en Facebook\" href='https:\/\/www.facebook.com\/sharer.php?u=https:\/\/radiorevelacionfm.cl\/?p=26368&#038;t=Festival%20Internacional%20de%20M%C3%BAsica%20en%20la%20Patagonia%20se%20realizar%C3%A1%20del%204%20al%2010%20de%20febrero' aria-hidden='false' data-av_icon='\ue8f3' data-av_iconfont='entypo-fontello' title='' data-avia-related-tooltip='Compartir en Facebook' rel=\"noopener\"><span class='avia_hidden_link_text'>Compartir en Facebook<\/span><\/a><\/li><li class='av-share-link av-social-link-twitter' ><a target=\"_blank\" aria-label=\"Compartir en Twitter\" href='https:\/\/twitter.com\/share?text=Festival%20Internacional%20de%20M%C3%BAsica%20en%20la%20Patagonia%20se%20realizar%C3%A1%20del%204%20al%2010%20de%20febrero&#038;url=https:\/\/radiorevelacionfm.cl\/?p=26368' aria-hidden='false' data-av_icon='\ue8f1' data-av_iconfont='entypo-fontello' title='' data-avia-related-tooltip='Compartir en Twitter' rel=\"noopener\"><span class='avia_hidden_link_text'>Compartir en Twitter<\/span><\/a><\/li><li class='av-share-link av-social-link-whatsapp' ><a target=\"_blank\" aria-label=\"Compartir en Whatsapp\" href='https:\/\/api.whatsapp.com\/send?text=https:\/\/radiorevelacionfm.cl\/?p=26368' aria-hidden='false' data-av_icon='\uf232' data-av_iconfont='entypo-fontello' title='' data-avia-related-tooltip='Compartir en Whatsapp' rel=\"noopener\"><span class='avia_hidden_link_text'>Compartir en Whatsapp<\/span><\/a><\/li><li class='av-share-link av-social-link-linkedin' ><a target=\"_blank\" aria-label=\"Compartir en LinkedIn\" href='https:\/\/linkedin.com\/shareArticle?mini=true&#038;title=Festival%20Internacional%20de%20M%C3%BAsica%20en%20la%20Patagonia%20se%20realizar%C3%A1%20del%204%20al%2010%20de%20febrero&#038;url=https:\/\/radiorevelacionfm.cl\/?p=26368' aria-hidden='false' data-av_icon='\ue8fc' data-av_iconfont='entypo-fontello' title='' data-avia-related-tooltip='Compartir en LinkedIn' rel=\"noopener\"><span class='avia_hidden_link_text'>Compartir en LinkedIn<\/span><\/a><\/li><li class='av-share-link av-social-link-mail' ><a  aria-label=\"Compartir por correo\" href='mailto:?subject=Festival%20Internacional%20de%20M%C3%BAsica%20en%20la%20Patagonia%20se%20realizar%C3%A1%20del%204%20al%2010%20de%20febrero&#038;body=https:\/\/radiorevelacionfm.cl\/?p=26368' aria-hidden='false' data-av_icon='\ue805' data-av_iconfont='entypo-fontello' title='' data-avia-related-tooltip='Compartir por correo'><span class='avia_hidden_link_text'>Compartir por correo<\/span><\/a><\/li><\/ul><\/div><\/div>\n<div  style='height:50px' class='hr hr-invisible   avia-builder-el-8  el_after_av_social_share  el_before_av_comments_list '><span class='hr-inner ' ><span class='hr-inner-style'><\/span><\/span><\/div>\n<div  class='av-buildercomment  av-blog-meta-html-info-disabled av-blog-meta-tag-disabled  '><\/div>\n","protected":false},"excerpt":{"rendered":"","protected":false},"author":1,"featured_media":26369,"comment_status":"open","ping_status":"open","sticky":false,"template":"","format":"standard","meta":{"footnotes":""},"categories":[43],"tags":[],"class_list":["post-26368","post","type-post","status-publish","format-standard","has-post-thumbnail","hentry","category-musica"],"jetpack_featured_media_url":"https:\/\/radiorevelacionfm.cl\/wp-content\/uploads\/2023\/01\/DSC05129-1-1.jpg","_links":{"self":[{"href":"https:\/\/radiorevelacionfm.cl\/index.php?rest_route=\/wp\/v2\/posts\/26368","targetHints":{"allow":["GET"]}}],"collection":[{"href":"https:\/\/radiorevelacionfm.cl\/index.php?rest_route=\/wp\/v2\/posts"}],"about":[{"href":"https:\/\/radiorevelacionfm.cl\/index.php?rest_route=\/wp\/v2\/types\/post"}],"author":[{"embeddable":true,"href":"https:\/\/radiorevelacionfm.cl\/index.php?rest_route=\/wp\/v2\/users\/1"}],"replies":[{"embeddable":true,"href":"https:\/\/radiorevelacionfm.cl\/index.php?rest_route=%2Fwp%2Fv2%2Fcomments&post=26368"}],"version-history":[{"count":2,"href":"https:\/\/radiorevelacionfm.cl\/index.php?rest_route=\/wp\/v2\/posts\/26368\/revisions"}],"predecessor-version":[{"id":26371,"href":"https:\/\/radiorevelacionfm.cl\/index.php?rest_route=\/wp\/v2\/posts\/26368\/revisions\/26371"}],"wp:featuredmedia":[{"embeddable":true,"href":"https:\/\/radiorevelacionfm.cl\/index.php?rest_route=\/wp\/v2\/media\/26369"}],"wp:attachment":[{"href":"https:\/\/radiorevelacionfm.cl\/index.php?rest_route=%2Fwp%2Fv2%2Fmedia&parent=26368"}],"wp:term":[{"taxonomy":"category","embeddable":true,"href":"https:\/\/radiorevelacionfm.cl\/index.php?rest_route=%2Fwp%2Fv2%2Fcategories&post=26368"},{"taxonomy":"post_tag","embeddable":true,"href":"https:\/\/radiorevelacionfm.cl\/index.php?rest_route=%2Fwp%2Fv2%2Ftags&post=26368"}],"curies":[{"name":"wp","href":"https:\/\/api.w.org\/{rel}","templated":true}]}}