{"id":26365,"date":"2023-01-08T13:21:56","date_gmt":"2023-01-08T16:21:56","guid":{"rendered":"https:\/\/radiorevelacionfm.cl\/?p=26365"},"modified":"2023-01-08T13:21:56","modified_gmt":"2023-01-08T16:21:56","slug":"mesa-intersectorial-de-trata-de-personas-realizan-operativo-de-fiscalizacion-a-local-comercial-en-coyhaique","status":"publish","type":"post","link":"https:\/\/radiorevelacionfm.cl\/?p=26365","title":{"rendered":"Mesa Intersectorial de Trata de Personas: realizan operativo de fiscalizaci\u00f3n a local comercial en Coyhaique"},"content":{"rendered":"<div class=\"flex_column av_one_full  flex_column_div av-zero-column-padding first  avia-builder-el-0  el_before_av_one_full  avia-builder-el-first  \" style='border-radius:0px; '><div  class='avia-image-container  av-styling-    avia-builder-el-1  avia-builder-el-no-sibling  avia-align-center '  itemprop=\"image\" itemscope=\"itemscope\" itemtype=\"https:\/\/schema.org\/ImageObject\"  ><div class='avia-image-container-inner'><div class='avia-image-overlay-wrap'><img decoding=\"async\" class='wp-image-26366 avia-img-lazy-loading-not-26366 avia_image' src=\"https:\/\/radiorevelacionfm.cl\/wp-content\/uploads\/2023\/01\/trata-1-1-1.jpg\" alt='' title='trata 1 (1) (1)' height=\"600\" width=\"800\"  itemprop=\"thumbnailUrl\" srcset=\"https:\/\/radiorevelacionfm.cl\/wp-content\/uploads\/2023\/01\/trata-1-1-1.jpg 800w, https:\/\/radiorevelacionfm.cl\/wp-content\/uploads\/2023\/01\/trata-1-1-1-300x225.jpg 300w, https:\/\/radiorevelacionfm.cl\/wp-content\/uploads\/2023\/01\/trata-1-1-1-768x576.jpg 768w, https:\/\/radiorevelacionfm.cl\/wp-content\/uploads\/2023\/01\/trata-1-1-1-705x529.jpg 705w, https:\/\/radiorevelacionfm.cl\/wp-content\/uploads\/2023\/01\/trata-1-1-1-600x450.jpg 600w\" sizes=\"(max-width: 800px) 100vw, 800px\" \/><\/div><\/div><\/div><\/div><div class=\"flex_column av_one_full  flex_column_div av-zero-column-padding first  avia-builder-el-2  el_after_av_one_full  el_before_av_one_full  column-top-margin\" style='border-radius:0px; '><section class=\"av_textblock_section \"  itemscope=\"itemscope\" itemtype=\"https:\/\/schema.org\/BlogPosting\" itemprop=\"blogPost\" ><div class='avia_textblock  '   itemprop=\"text\" ><p style=\"text-align: center;\"><strong><span style=\"font-size: 18pt;\">Mesa Intersectorial de Trata de Personas: realizan operativo de fiscalizaci\u00f3n a local comercial en Coyhaique<\/span><\/strong><\/p>\n<div id=\"gtx-trans\" style=\"position: absolute; left: -50px; top: 4.31534px;\">\n<div class=\"gtx-trans-icon\"><\/div>\n<\/div>\n<\/div><\/section><\/div><div class=\"flex_column av_one_full  flex_column_div av-zero-column-padding first  avia-builder-el-4  el_after_av_one_full  el_before_av_hr  column-top-margin\" style='border-radius:0px; '><section class=\"av_textblock_section \"  itemscope=\"itemscope\" itemtype=\"https:\/\/schema.org\/BlogPosting\" itemprop=\"blogPost\" ><div class='avia_textblock  '   itemprop=\"text\" ><p style=\"text-align: justify;\">En esta oportunidad, estuvieron presente los fiscalizadores la Direcci\u00f3n del Trabajo, Subsecretar\u00eda de Prevenci\u00f3n del Delito, Carabineros y la PDI.<\/p>\n<p style=\"text-align: justify;\">El pasado viernes se llev\u00f3 a cabo la fiscalizaci\u00f3n por parte de los integrantes de la Mesa Intersectorial de Trata de Personas, a un local comercial de Coyhaique donde laboran personas extranjeras, esto en el marco de una serie de acciones que lleva adelante esta instancia, la que es presidida por el Seremi de Justicia y Derechos Humanos Samuel Navarro Castro, y que ten\u00eda como objetivo revisar que \u00e9stas personas se encuentren con sus documentos al d\u00eda y con sus respectivos contratos de trabajo.<\/p>\n<p style=\"text-align: justify;\">Respecto a esta fiscalizaci\u00f3n, el Seremi de Justicia y Derechos Humanos Samuel Navarro Castro, qui\u00e9n preside esta mesa se\u00f1al\u00f3 que \u201ccumpliendo con lo definido y las propuestas tratadas en la Mesa de Trata de Personas se realiz\u00f3 la fiscalizaci\u00f3n de un local c\u00e9ntrico de Coyhaique, donde se percib\u00eda que estaban trabajando personas extranjeras, y el objetivo era ver si contaban con contrato de trabajo y su situaci\u00f3n migratoria al d\u00eda, y esto se hace para los efectos de verificar si se produce o no eventualmente el delito de Trata de Personas, ahora el resultado de esta fiscalizaci\u00f3n fue bastante positivo, ya que no se encontr\u00f3 ninguna infracci\u00f3n ni laboral ni a la ley de extranjer\u00eda, lo que nos da pie para continuar con este trabajo\u201d.<\/p>\n<p style=\"text-align: justify;\">En este sentido, la autoridad sectorial indic\u00f3 que \u201ces importante que en los dem\u00e1s locales o establecimientos comerciales donde se contrata extranjeros, \u00e9stos cuenten con toda su situaci\u00f3n migratoria regular, as\u00ed como su situaci\u00f3n contractual laboral, la idea es seguir realizando este tipo de actividades durante este a\u00f1o en otros locales comerciales, en distintos d\u00edas y horarios para los efectos de corroborar que se est\u00e9 cumpliendo la ley, y \u00a0que no se est\u00e9 materializando en nuestra regi\u00f3n el delito de Trata de Personas, que es un delito grave, un delito que repugna a la conciencia y a la humanidad de las personas, por lo tanto, vamos a continuar desde la seremi de Justicia y Derechos Humanos en conjunto \u00a0con las dem\u00e1s organizaciones civiles y\/o uniformadas, con el objeto de fiscalizar y promover el respeto a los derechos humanos en este \u00e1mbito tan relevante e importante\u201d.<\/p>\n<p style=\"text-align: justify;\">Finalmente, cabe se\u00f1alar que acompa\u00f1aron como organismos fiscalizadores la Polic\u00eda de Investigaciones, la Direcci\u00f3n del Trabajo, Carabineros, y como apoyo estuvieron presentes desde la Coordinaci\u00f3n de Seguridad P\u00fablica el Centro de Atenci\u00f3n de V\u00edctimas dependientes del Ministerio del Interior, por si era necesario activar el protocolo, as\u00ed tambi\u00e9n funcionarios de la Seremi de Justicia y DD.HH.<\/p>\n<\/div><\/section><\/div><div  style='height:50px' class='hr hr-invisible   avia-builder-el-6  el_after_av_one_full  el_before_av_social_share '><span class='hr-inner ' ><span class='hr-inner-style'><\/span><\/span><\/div><\/p>\n<div  class='av-social-sharing-box  avia-builder-el-7  el_after_av_hr  el_before_av_hr  '><div class='av-share-box'><h5 class='av-share-link-description av-no-toc '>Compartir esta noticia<\/h5><ul class='av-share-box-list noLightbox'><li class='av-share-link av-social-link-facebook' ><a target=\"_blank\" aria-label=\"Compartir en Facebook\" href='https:\/\/www.facebook.com\/sharer.php?u=https:\/\/radiorevelacionfm.cl\/?p=26365&#038;t=Mesa%20Intersectorial%20de%20Trata%20de%20Personas%3A%20realizan%20operativo%20de%20fiscalizaci%C3%B3n%20a%20local%20comercial%20en%20Coyhaique' aria-hidden='false' data-av_icon='\ue8f3' data-av_iconfont='entypo-fontello' title='' data-avia-related-tooltip='Compartir en Facebook' rel=\"noopener\"><span class='avia_hidden_link_text'>Compartir en Facebook<\/span><\/a><\/li><li class='av-share-link av-social-link-twitter' ><a target=\"_blank\" aria-label=\"Compartir en Twitter\" href='https:\/\/twitter.com\/share?text=Mesa%20Intersectorial%20de%20Trata%20de%20Personas%3A%20realizan%20operativo%20de%20fiscalizaci%C3%B3n%20a%20local%20comercial%20en%20Coyhaique&#038;url=https:\/\/radiorevelacionfm.cl\/?p=26365' aria-hidden='false' data-av_icon='\ue8f1' data-av_iconfont='entypo-fontello' title='' data-avia-related-tooltip='Compartir en Twitter' rel=\"noopener\"><span class='avia_hidden_link_text'>Compartir en Twitter<\/span><\/a><\/li><li class='av-share-link av-social-link-whatsapp' ><a target=\"_blank\" aria-label=\"Compartir en Whatsapp\" href='https:\/\/api.whatsapp.com\/send?text=https:\/\/radiorevelacionfm.cl\/?p=26365' aria-hidden='false' data-av_icon='\uf232' data-av_iconfont='entypo-fontello' title='' data-avia-related-tooltip='Compartir en Whatsapp' rel=\"noopener\"><span class='avia_hidden_link_text'>Compartir en Whatsapp<\/span><\/a><\/li><li class='av-share-link av-social-link-linkedin' ><a target=\"_blank\" aria-label=\"Compartir en LinkedIn\" href='https:\/\/linkedin.com\/shareArticle?mini=true&#038;title=Mesa%20Intersectorial%20de%20Trata%20de%20Personas%3A%20realizan%20operativo%20de%20fiscalizaci%C3%B3n%20a%20local%20comercial%20en%20Coyhaique&#038;url=https:\/\/radiorevelacionfm.cl\/?p=26365' aria-hidden='false' data-av_icon='\ue8fc' data-av_iconfont='entypo-fontello' title='' data-avia-related-tooltip='Compartir en LinkedIn' rel=\"noopener\"><span class='avia_hidden_link_text'>Compartir en LinkedIn<\/span><\/a><\/li><li class='av-share-link av-social-link-mail' ><a  aria-label=\"Compartir por correo\" href='mailto:?subject=Mesa%20Intersectorial%20de%20Trata%20de%20Personas%3A%20realizan%20operativo%20de%20fiscalizaci%C3%B3n%20a%20local%20comercial%20en%20Coyhaique&#038;body=https:\/\/radiorevelacionfm.cl\/?p=26365' aria-hidden='false' data-av_icon='\ue805' data-av_iconfont='entypo-fontello' title='' data-avia-related-tooltip='Compartir por correo'><span class='avia_hidden_link_text'>Compartir por correo<\/span><\/a><\/li><\/ul><\/div><\/div>\n<div  style='height:50px' class='hr hr-invisible   avia-builder-el-8  el_after_av_social_share  el_before_av_comments_list '><span class='hr-inner ' ><span class='hr-inner-style'><\/span><\/span><\/div>\n<div  class='av-buildercomment  av-blog-meta-html-info-disabled av-blog-meta-tag-disabled  '><\/div>\n","protected":false},"excerpt":{"rendered":"","protected":false},"author":1,"featured_media":26366,"comment_status":"open","ping_status":"open","sticky":false,"template":"","format":"standard","meta":{"footnotes":""},"categories":[55],"tags":[],"class_list":["post-26365","post","type-post","status-publish","format-standard","has-post-thumbnail","hentry","category-justicia"],"jetpack_featured_media_url":"https:\/\/radiorevelacionfm.cl\/wp-content\/uploads\/2023\/01\/trata-1-1-1.jpg","_links":{"self":[{"href":"https:\/\/radiorevelacionfm.cl\/index.php?rest_route=\/wp\/v2\/posts\/26365","targetHints":{"allow":["GET"]}}],"collection":[{"href":"https:\/\/radiorevelacionfm.cl\/index.php?rest_route=\/wp\/v2\/posts"}],"about":[{"href":"https:\/\/radiorevelacionfm.cl\/index.php?rest_route=\/wp\/v2\/types\/post"}],"author":[{"embeddable":true,"href":"https:\/\/radiorevelacionfm.cl\/index.php?rest_route=\/wp\/v2\/users\/1"}],"replies":[{"embeddable":true,"href":"https:\/\/radiorevelacionfm.cl\/index.php?rest_route=%2Fwp%2Fv2%2Fcomments&post=26365"}],"version-history":[{"count":2,"href":"https:\/\/radiorevelacionfm.cl\/index.php?rest_route=\/wp\/v2\/posts\/26365\/revisions"}],"predecessor-version":[{"id":26376,"href":"https:\/\/radiorevelacionfm.cl\/index.php?rest_route=\/wp\/v2\/posts\/26365\/revisions\/26376"}],"wp:featuredmedia":[{"embeddable":true,"href":"https:\/\/radiorevelacionfm.cl\/index.php?rest_route=\/wp\/v2\/media\/26366"}],"wp:attachment":[{"href":"https:\/\/radiorevelacionfm.cl\/index.php?rest_route=%2Fwp%2Fv2%2Fmedia&parent=26365"}],"wp:term":[{"taxonomy":"category","embeddable":true,"href":"https:\/\/radiorevelacionfm.cl\/index.php?rest_route=%2Fwp%2Fv2%2Fcategories&post=26365"},{"taxonomy":"post_tag","embeddable":true,"href":"https:\/\/radiorevelacionfm.cl\/index.php?rest_route=%2Fwp%2Fv2%2Ftags&post=26365"}],"curies":[{"name":"wp","href":"https:\/\/api.w.org\/{rel}","templated":true}]}}