{"id":26354,"date":"2023-01-07T10:54:26","date_gmt":"2023-01-07T13:54:26","guid":{"rendered":"https:\/\/radiorevelacionfm.cl\/?p=26354"},"modified":"2023-01-07T10:54:27","modified_gmt":"2023-01-07T13:54:27","slug":"subdere-aysen-destaca-inversion-regional-de-4-074-millones-durante-el-ano-2022","status":"publish","type":"post","link":"https:\/\/radiorevelacionfm.cl\/?p=26354","title":{"rendered":"Subdere Ays\u00e9n destaca inversi\u00f3n Regional de $4.074 millones durante el a\u00f1o 2022"},"content":{"rendered":"<div class=\"flex_column av_one_full  flex_column_div av-zero-column-padding first  avia-builder-el-0  el_before_av_one_full  avia-builder-el-first  \" style='border-radius:0px; '><div  class='avia-image-container  av-styling-    avia-builder-el-1  avia-builder-el-no-sibling  avia-align-center '  itemprop=\"image\" itemscope=\"itemscope\" itemtype=\"https:\/\/schema.org\/ImageObject\"  ><div class='avia-image-container-inner'><div class='avia-image-overlay-wrap'><img decoding=\"async\" class='wp-image-26355 avia-img-lazy-loading-not-26355 avia_image' src=\"https:\/\/radiorevelacionfm.cl\/wp-content\/uploads\/2023\/01\/foto-2-26-1_optimized.jpeg\" alt='' title='foto-2-(26)-(1)_optimized' height=\"600\" width=\"800\"  itemprop=\"thumbnailUrl\" srcset=\"https:\/\/radiorevelacionfm.cl\/wp-content\/uploads\/2023\/01\/foto-2-26-1_optimized.jpeg 800w, https:\/\/radiorevelacionfm.cl\/wp-content\/uploads\/2023\/01\/foto-2-26-1_optimized-300x225.jpeg 300w, https:\/\/radiorevelacionfm.cl\/wp-content\/uploads\/2023\/01\/foto-2-26-1_optimized-768x576.jpeg 768w, https:\/\/radiorevelacionfm.cl\/wp-content\/uploads\/2023\/01\/foto-2-26-1_optimized-705x529.jpeg 705w, https:\/\/radiorevelacionfm.cl\/wp-content\/uploads\/2023\/01\/foto-2-26-1_optimized-600x450.jpeg 600w\" sizes=\"(max-width: 800px) 100vw, 800px\" \/><\/div><\/div><\/div><\/div><div class=\"flex_column av_one_full  flex_column_div av-zero-column-padding first  avia-builder-el-2  el_after_av_one_full  el_before_av_one_full  column-top-margin\" style='border-radius:0px; '><section class=\"av_textblock_section \"  itemscope=\"itemscope\" itemtype=\"https:\/\/schema.org\/BlogPosting\" itemprop=\"blogPost\" ><div class='avia_textblock  '   itemprop=\"text\" ><p style=\"text-align: center;\"><strong><span style=\"font-size: 18pt;\">Subdere Ays\u00e9n destaca inversi\u00f3n Regional de $4.074 millones durante el a\u00f1o 2022<\/span><\/strong><\/p>\n<div id=\"gtx-trans\" style=\"position: absolute; left: -50px; top: 4.31534px;\">\n<div class=\"gtx-trans-icon\"><\/div>\n<\/div>\n<\/div><\/section><\/div><div class=\"flex_column av_one_full  flex_column_div av-zero-column-padding first  avia-builder-el-4  el_after_av_one_full  el_before_av_hr  column-top-margin\" style='border-radius:0px; '><section class=\"av_textblock_section \"  itemscope=\"itemscope\" itemtype=\"https:\/\/schema.org\/BlogPosting\" itemprop=\"blogPost\" ><div class='avia_textblock  '   itemprop=\"text\" ><p style=\"text-align: justify;\">El Jefe Regional de la Subdere Ays\u00e9n, Guillermo Mart\u00ednez, destac\u00f3 que la instituci\u00f3n financi\u00f3 durante el a\u00f1o reci\u00e9n pasado proyectos a nivel local por $428.574.155, a trav\u00e9s del Programa Mejoramiento de Barrios (PMB), que entrega soluciones sanitarias a familias que habitan en condiciones de marginalidad sanitaria.<\/p>\n<p style=\"text-align: justify;\">\u201cDe esta manera cumplimos con el programa de gobierno del Presidente Gabriel Boric Font, que busca dotar de agua potable, seguridad ciudadana y condiciones b\u00e1sicas de desarrollo a todas las personas que viven en localidades rurales\u201d, dijo.<\/p>\n<p style=\"text-align: justify;\">Mart\u00ednez tambi\u00e9n indic\u00f3 que el Programa de Mejoramiento Urbano y equipamiento comunal (PMU) ha entregado\u00a0 $2.199.630.522 a los 10 municipios de la regi\u00f3n, cuyos fines son: Colaborar en la generaci\u00f3n de empleo y Mejoramiento de la calidad de vida de la poblaci\u00f3n.<\/p>\n<p style=\"text-align: justify;\">Estos recursos se destinan principalmente a obras tales como Servicios higi\u00e9nicos, Sedes sociales, Pavimentaci\u00f3n de calles, pasaje y aceras. Electrificaci\u00f3n y alumbrado p\u00fablico, \u00e1reas verdes, plazas y juegos infantiles, entre otros. Cabe indicar que a este monto se suman los proyectos de seguridad ciudadana, que en convenio con la Subsecretar\u00eda de Prevenci\u00f3n del Delito, este a\u00f1o fueron transferidos $404.605.233.<\/p>\n<p style=\"text-align: justify;\">Respecto al programa de apoyo Social Chile Apoya, este a\u00f1o se sumaron a las transferencias municipales, un monto superior a los 900 millones de pesos<\/p>\n<p style=\"text-align: justify;\">\u201cEl cuidado, bienestar de las mascotas y la salud de las personas son prioridades del Gobierno, por ello a trav\u00e9s del Programa Tenencia Responsable de Animales de Compa\u00f1\u00eda de Subdere, se han financiado proyectos por un valor total de $138.253.697 en toda la regi\u00f3n para principalmente la esterilizaci\u00f3n de mascotas\u201d, agreg\u00f3.<\/p>\n<p style=\"text-align: justify;\">\u201cEstamos muy conformes con el trabajo realizado por el equipo regional de la unidad, ya que con estos proyectos colaboramos directamente en mejorar las condiciones de vida de la comunidad, y en especial cumplir con el requerimiento de nuestro Presidente Gabriel Boric Font de apoyar a las familias m\u00e1s vulnerables de la regi\u00f3n, para llegar a todos los rincones de la Regi\u00f3n de Ays\u00e9n. Hemos dado un gran paso para el desarrollo regional, y a su vez en un camino firme y decidido hacia la descentralizaci\u00f3n nacional y regional, fortaleciendo con ello a las municipalidades y a las personas que viven en \u00e9l\u201d, concluy\u00f3.<\/p>\n<\/div><\/section><\/div><div  style='height:50px' class='hr hr-invisible   avia-builder-el-6  el_after_av_one_full  el_before_av_social_share '><span class='hr-inner ' ><span class='hr-inner-style'><\/span><\/span><\/div><\/p>\n<div  class='av-social-sharing-box  avia-builder-el-7  el_after_av_hr  el_before_av_hr  '><div class='av-share-box'><h5 class='av-share-link-description av-no-toc '>Compartir esta noticia<\/h5><ul class='av-share-box-list noLightbox'><li class='av-share-link av-social-link-facebook' ><a target=\"_blank\" aria-label=\"Compartir en Facebook\" href='https:\/\/www.facebook.com\/sharer.php?u=https:\/\/radiorevelacionfm.cl\/?p=26354&#038;t=Subdere%20Ays%C3%A9n%20destaca%20inversi%C3%B3n%20Regional%20de%20%244.074%20millones%20durante%20el%20a%C3%B1o%202022' aria-hidden='false' data-av_icon='\ue8f3' data-av_iconfont='entypo-fontello' title='' data-avia-related-tooltip='Compartir en Facebook' rel=\"noopener\"><span class='avia_hidden_link_text'>Compartir en Facebook<\/span><\/a><\/li><li class='av-share-link av-social-link-twitter' ><a target=\"_blank\" aria-label=\"Compartir en Twitter\" href='https:\/\/twitter.com\/share?text=Subdere%20Ays%C3%A9n%20destaca%20inversi%C3%B3n%20Regional%20de%20%244.074%20millones%20durante%20el%20a%C3%B1o%202022&#038;url=https:\/\/radiorevelacionfm.cl\/?p=26354' aria-hidden='false' data-av_icon='\ue8f1' data-av_iconfont='entypo-fontello' title='' data-avia-related-tooltip='Compartir en Twitter' rel=\"noopener\"><span class='avia_hidden_link_text'>Compartir en Twitter<\/span><\/a><\/li><li class='av-share-link av-social-link-whatsapp' ><a target=\"_blank\" aria-label=\"Compartir en Whatsapp\" href='https:\/\/api.whatsapp.com\/send?text=https:\/\/radiorevelacionfm.cl\/?p=26354' aria-hidden='false' data-av_icon='\uf232' data-av_iconfont='entypo-fontello' title='' data-avia-related-tooltip='Compartir en Whatsapp' rel=\"noopener\"><span class='avia_hidden_link_text'>Compartir en Whatsapp<\/span><\/a><\/li><li class='av-share-link av-social-link-linkedin' ><a target=\"_blank\" aria-label=\"Compartir en LinkedIn\" href='https:\/\/linkedin.com\/shareArticle?mini=true&#038;title=Subdere%20Ays%C3%A9n%20destaca%20inversi%C3%B3n%20Regional%20de%20%244.074%20millones%20durante%20el%20a%C3%B1o%202022&#038;url=https:\/\/radiorevelacionfm.cl\/?p=26354' aria-hidden='false' data-av_icon='\ue8fc' data-av_iconfont='entypo-fontello' title='' data-avia-related-tooltip='Compartir en LinkedIn' rel=\"noopener\"><span class='avia_hidden_link_text'>Compartir en LinkedIn<\/span><\/a><\/li><li class='av-share-link av-social-link-mail' ><a  aria-label=\"Compartir por correo\" href='mailto:?subject=Subdere%20Ays%C3%A9n%20destaca%20inversi%C3%B3n%20Regional%20de%20%244.074%20millones%20durante%20el%20a%C3%B1o%202022&#038;body=https:\/\/radiorevelacionfm.cl\/?p=26354' aria-hidden='false' data-av_icon='\ue805' data-av_iconfont='entypo-fontello' title='' data-avia-related-tooltip='Compartir por correo'><span class='avia_hidden_link_text'>Compartir por correo<\/span><\/a><\/li><\/ul><\/div><\/div>\n<div  style='height:50px' class='hr hr-invisible   avia-builder-el-8  el_after_av_social_share  el_before_av_comments_list '><span class='hr-inner ' ><span class='hr-inner-style'><\/span><\/span><\/div>\n<div  class='av-buildercomment  av-blog-meta-html-info-disabled av-blog-meta-tag-disabled  '><\/div>\n","protected":false},"excerpt":{"rendered":"","protected":false},"author":1,"featured_media":26355,"comment_status":"open","ping_status":"open","sticky":false,"template":"","format":"standard","meta":{"footnotes":""},"categories":[38],"tags":[],"class_list":["post-26354","post","type-post","status-publish","format-standard","has-post-thumbnail","hentry","category-regional"],"jetpack_featured_media_url":"https:\/\/radiorevelacionfm.cl\/wp-content\/uploads\/2023\/01\/foto-2-26-1_optimized.jpeg","_links":{"self":[{"href":"https:\/\/radiorevelacionfm.cl\/index.php?rest_route=\/wp\/v2\/posts\/26354","targetHints":{"allow":["GET"]}}],"collection":[{"href":"https:\/\/radiorevelacionfm.cl\/index.php?rest_route=\/wp\/v2\/posts"}],"about":[{"href":"https:\/\/radiorevelacionfm.cl\/index.php?rest_route=\/wp\/v2\/types\/post"}],"author":[{"embeddable":true,"href":"https:\/\/radiorevelacionfm.cl\/index.php?rest_route=\/wp\/v2\/users\/1"}],"replies":[{"embeddable":true,"href":"https:\/\/radiorevelacionfm.cl\/index.php?rest_route=%2Fwp%2Fv2%2Fcomments&post=26354"}],"version-history":[{"count":2,"href":"https:\/\/radiorevelacionfm.cl\/index.php?rest_route=\/wp\/v2\/posts\/26354\/revisions"}],"predecessor-version":[{"id":26362,"href":"https:\/\/radiorevelacionfm.cl\/index.php?rest_route=\/wp\/v2\/posts\/26354\/revisions\/26362"}],"wp:featuredmedia":[{"embeddable":true,"href":"https:\/\/radiorevelacionfm.cl\/index.php?rest_route=\/wp\/v2\/media\/26355"}],"wp:attachment":[{"href":"https:\/\/radiorevelacionfm.cl\/index.php?rest_route=%2Fwp%2Fv2%2Fmedia&parent=26354"}],"wp:term":[{"taxonomy":"category","embeddable":true,"href":"https:\/\/radiorevelacionfm.cl\/index.php?rest_route=%2Fwp%2Fv2%2Fcategories&post=26354"},{"taxonomy":"post_tag","embeddable":true,"href":"https:\/\/radiorevelacionfm.cl\/index.php?rest_route=%2Fwp%2Fv2%2Ftags&post=26354"}],"curies":[{"name":"wp","href":"https:\/\/api.w.org\/{rel}","templated":true}]}}