{"id":26351,"date":"2023-01-06T21:55:32","date_gmt":"2023-01-07T00:55:32","guid":{"rendered":"https:\/\/radiorevelacionfm.cl\/?p=26351"},"modified":"2023-01-06T21:55:32","modified_gmt":"2023-01-07T00:55:32","slug":"reiteran-importancia-de-autocuidado-ante-exposicion-a-rayos-uv","status":"publish","type":"post","link":"https:\/\/radiorevelacionfm.cl\/?p=26351","title":{"rendered":"Reiteran importancia de autocuidado ante exposici\u00f3n a rayos UV"},"content":{"rendered":"<div class=\"flex_column av_one_full  flex_column_div av-zero-column-padding first  avia-builder-el-0  el_before_av_one_full  avia-builder-el-first  \" style='border-radius:0px; '><div  class='avia-image-container  av-styling-    avia-builder-el-1  avia-builder-el-no-sibling  avia-align-center '  itemprop=\"image\" itemscope=\"itemscope\" itemtype=\"https:\/\/schema.org\/ImageObject\"  ><div class='avia-image-container-inner'><div class='avia-image-overlay-wrap'><img decoding=\"async\" class='wp-image-26352 avia-img-lazy-loading-not-26352 avia_image' src=\"https:\/\/radiorevelacionfm.cl\/wp-content\/uploads\/2023\/01\/trabajadores-rayos-uv-1-1.jpeg\" alt='' title='trabajadores -rayos uv (1) (1)' height=\"600\" width=\"789\"  itemprop=\"thumbnailUrl\" srcset=\"https:\/\/radiorevelacionfm.cl\/wp-content\/uploads\/2023\/01\/trabajadores-rayos-uv-1-1.jpeg 789w, https:\/\/radiorevelacionfm.cl\/wp-content\/uploads\/2023\/01\/trabajadores-rayos-uv-1-1-300x228.jpeg 300w, https:\/\/radiorevelacionfm.cl\/wp-content\/uploads\/2023\/01\/trabajadores-rayos-uv-1-1-768x584.jpeg 768w, https:\/\/radiorevelacionfm.cl\/wp-content\/uploads\/2023\/01\/trabajadores-rayos-uv-1-1-705x536.jpeg 705w, https:\/\/radiorevelacionfm.cl\/wp-content\/uploads\/2023\/01\/trabajadores-rayos-uv-1-1-600x456.jpeg 600w\" sizes=\"(max-width: 789px) 100vw, 789px\" \/><\/div><\/div><\/div><\/div><div class=\"flex_column av_one_full  flex_column_div av-zero-column-padding first  avia-builder-el-2  el_after_av_one_full  el_before_av_one_full  column-top-margin\" style='border-radius:0px; '><section class=\"av_textblock_section \"  itemscope=\"itemscope\" itemtype=\"https:\/\/schema.org\/BlogPosting\" itemprop=\"blogPost\" ><div class='avia_textblock  '   itemprop=\"text\" ><p style=\"text-align: center;\"><strong><span style=\"font-size: 18pt;\">Reiteran importancia de autocuidado ante exposici\u00f3n a rayos UV<\/span><\/strong><\/p>\n<div id=\"gtx-trans\" style=\"position: absolute; left: -50px; top: 4.31534px;\">\n<div class=\"gtx-trans-icon\"><\/div>\n<\/div>\n<\/div><\/section><\/div><div class=\"flex_column av_one_full  flex_column_div av-zero-column-padding first  avia-builder-el-4  el_after_av_one_full  el_before_av_hr  column-top-margin\" style='border-radius:0px; '><section class=\"av_textblock_section \"  itemscope=\"itemscope\" itemtype=\"https:\/\/schema.org\/BlogPosting\" itemprop=\"blogPost\" ><div class='avia_textblock  '   itemprop=\"text\" ><p style=\"text-align: justify;\">A trav\u00e9s de la entrega de elementos de protecci\u00f3n personal a trabajadores y trabajadoras que se desempe\u00f1an en mantenci\u00f3n de \u00e1reas verdes, autoridades recalcaron que existe una legislaci\u00f3n que resguarda la salud de quienes desempe\u00f1an actividades al intemperie.<span id=\"more-107658\"><\/span><\/p>\n<p style=\"text-align: justify;\">Con la llegada de las altas temperaturas y el per\u00edodo estival, desde la Autoridad Sanitaria se han intensificado las fiscalizaciones y acciones preventivas para resguardar la salud de personas que desarrollan trabajos al aire libre, exponi\u00e9ndose a los rayos ultravioleta (UV); raz\u00f3n por la cual, junto a la Seremi del Trabajo, el Instituto de Seguridad Laboral y la Municipalidad de Coyhaique, se procedi\u00f3 a una charla educativa de los trabajadores y trabajadoras que se desempe\u00f1an en la mantenci\u00f3n de \u00e1reas verdes de la ciudad, a quienes adem\u00e1s se les entregaron elementos de protecci\u00f3n personal.<\/p>\n<p style=\"text-align: justify;\">Una acci\u00f3n relevante en la prevenci\u00f3n de enfermedades asociadas a quienes trabajan expuestos a la interperie, como lo explic\u00f3 la Seremi de Salud Ays\u00e9n, Carmen Monsalve. \u201cLa acumulaci\u00f3n de rayos UV en la piel provoca da\u00f1os severos, y uno de los m\u00e1s graves es el c\u00e1ncer a la piel que tambi\u00e9n causa da\u00f1os colaterales, por esta raz\u00f3n es importante reforzar que existe una ley que resguarda a los trabajadores, la ley 20.096 que, en su art\u00edculo 19, detalla que es responsabilidad del empleador hacer cumplir todas aquellas medidas que permitan proteger a los trabajadores expuestos a los rayos UV, como Gobierno del Presidente Boric y como Ministerio de Salud, estamos muy comprometidos para asegurar el cumplimiento de estas normativas, no solo en el per\u00edodo de verano, sino que tambi\u00e9n en invierno resguardando a los trabajadores que est\u00e1n expuestos a temperaturas extremas, esta es una labor permanente de la Seremi de Salud a trav\u00e9s de la Unidad de Salud Ocupacional, y hoy estamos ac\u00e1 entregando estas recomendaciones a los trabajadores de la municipalidad\u201d.<\/p>\n<p style=\"text-align: justify;\">Durante esta actividad, orientada a los trabajadores que prestan servicios para la municipalidad en labores asociadas a la mantenci\u00f3n de \u00e1reas verdes, quienes se encuentran expuestos a radiaciones UV de origen solar, una de las trabajadoras de estos proyectos, Luisa Medina, valor\u00f3 la entrega de protectores solares e implementos de hidrataci\u00f3n, \u201ca m\u00ed me parece muy bien porque as\u00ed todos nos protegemos de las heridas que puede producir el sol en la cara, yo le digo a los trabajadores que utilicen sus implementos de seguridad porque es un bien para ellos\u201d.<\/p>\n<p style=\"text-align: justify;\">Por su parte, el Seremi del Trabajo y Previsi\u00f3n Social, Rodrigo D\u00edaz, junto con valorar esta actividad, recalc\u00f3 que la protecci\u00f3n de las personas en sus ambientes labores tambi\u00e9n es materia de fiscalizaci\u00f3n gubernamental. \u201cEn el Gobierno del Presidente Boric, el trabajo decente para el buen vivir es algo fundamental, y es por ello que este hito de la protecci\u00f3n de los trabajadores y trabajadoras contra el sol, tambi\u00e9n lo hacemos durante el a\u00f1o, en este caso la Direcci\u00f3n del Trabajo fiscaliza que se cumpla toda esa normativa, que nosotros esperamos que los empleadores cumplan, para que todos los trabajadores est\u00e9n con sus implementos de seguridad\u201d.<\/p>\n<p style=\"text-align: justify;\">La ley 20.096 establece mecanismos de control aplicables a las sustancias agotadoras de la capa de ozono. Y en el t\u00edtulo III de las medidas de difusi\u00f3n, evaluaci\u00f3n prevenci\u00f3n y protecci\u00f3n. En su art. 19, establece que los empleadores deber\u00e1n adoptar todas las medidas para proteger a los trabajadores\/as cuando puedan estar expuestos a radiaciones ultravioletas.<\/p>\n<div class=\"td-a-rec td-a-rec-id-content_bottom tdi_2 td_block_template_4\">\n<div id=\"101580-1\" style=\"text-align: justify;\"><\/div>\n<\/div>\n<\/div><\/section><\/div><div  style='height:50px' class='hr hr-invisible   avia-builder-el-6  el_after_av_one_full  el_before_av_social_share '><span class='hr-inner ' ><span class='hr-inner-style'><\/span><\/span><\/div><\/p>\n<div  class='av-social-sharing-box  avia-builder-el-7  el_after_av_hr  el_before_av_hr  '><div class='av-share-box'><h5 class='av-share-link-description av-no-toc '>Compartir esta noticia<\/h5><ul class='av-share-box-list noLightbox'><li class='av-share-link av-social-link-facebook' ><a target=\"_blank\" aria-label=\"Compartir en Facebook\" href='https:\/\/www.facebook.com\/sharer.php?u=https:\/\/radiorevelacionfm.cl\/?p=26351&#038;t=Reiteran%20importancia%20de%20autocuidado%20ante%20exposici%C3%B3n%20a%20rayos%20UV' aria-hidden='false' data-av_icon='\ue8f3' data-av_iconfont='entypo-fontello' title='' data-avia-related-tooltip='Compartir en Facebook' rel=\"noopener\"><span class='avia_hidden_link_text'>Compartir en Facebook<\/span><\/a><\/li><li class='av-share-link av-social-link-twitter' ><a target=\"_blank\" aria-label=\"Compartir en Twitter\" href='https:\/\/twitter.com\/share?text=Reiteran%20importancia%20de%20autocuidado%20ante%20exposici%C3%B3n%20a%20rayos%20UV&#038;url=https:\/\/radiorevelacionfm.cl\/?p=26351' aria-hidden='false' data-av_icon='\ue8f1' data-av_iconfont='entypo-fontello' title='' data-avia-related-tooltip='Compartir en Twitter' rel=\"noopener\"><span class='avia_hidden_link_text'>Compartir en Twitter<\/span><\/a><\/li><li class='av-share-link av-social-link-whatsapp' ><a target=\"_blank\" aria-label=\"Compartir en Whatsapp\" href='https:\/\/api.whatsapp.com\/send?text=https:\/\/radiorevelacionfm.cl\/?p=26351' aria-hidden='false' data-av_icon='\uf232' data-av_iconfont='entypo-fontello' title='' data-avia-related-tooltip='Compartir en Whatsapp' rel=\"noopener\"><span class='avia_hidden_link_text'>Compartir en Whatsapp<\/span><\/a><\/li><li class='av-share-link av-social-link-linkedin' ><a target=\"_blank\" aria-label=\"Compartir en LinkedIn\" href='https:\/\/linkedin.com\/shareArticle?mini=true&#038;title=Reiteran%20importancia%20de%20autocuidado%20ante%20exposici%C3%B3n%20a%20rayos%20UV&#038;url=https:\/\/radiorevelacionfm.cl\/?p=26351' aria-hidden='false' data-av_icon='\ue8fc' data-av_iconfont='entypo-fontello' title='' data-avia-related-tooltip='Compartir en LinkedIn' rel=\"noopener\"><span class='avia_hidden_link_text'>Compartir en LinkedIn<\/span><\/a><\/li><li class='av-share-link av-social-link-mail' ><a  aria-label=\"Compartir por correo\" href='mailto:?subject=Reiteran%20importancia%20de%20autocuidado%20ante%20exposici%C3%B3n%20a%20rayos%20UV&#038;body=https:\/\/radiorevelacionfm.cl\/?p=26351' aria-hidden='false' data-av_icon='\ue805' data-av_iconfont='entypo-fontello' title='' data-avia-related-tooltip='Compartir por correo'><span class='avia_hidden_link_text'>Compartir por correo<\/span><\/a><\/li><\/ul><\/div><\/div>\n<div  style='height:50px' class='hr hr-invisible   avia-builder-el-8  el_after_av_social_share  el_before_av_comments_list '><span class='hr-inner ' ><span class='hr-inner-style'><\/span><\/span><\/div>\n<div  class='av-buildercomment  av-blog-meta-html-info-disabled av-blog-meta-tag-disabled  '><\/div>\n","protected":false},"excerpt":{"rendered":"","protected":false},"author":1,"featured_media":26352,"comment_status":"open","ping_status":"open","sticky":false,"template":"","format":"standard","meta":{"footnotes":""},"categories":[46],"tags":[],"class_list":["post-26351","post","type-post","status-publish","format-standard","has-post-thumbnail","hentry","category-salud"],"jetpack_featured_media_url":"https:\/\/radiorevelacionfm.cl\/wp-content\/uploads\/2023\/01\/trabajadores-rayos-uv-1-1.jpeg","_links":{"self":[{"href":"https:\/\/radiorevelacionfm.cl\/index.php?rest_route=\/wp\/v2\/posts\/26351","targetHints":{"allow":["GET"]}}],"collection":[{"href":"https:\/\/radiorevelacionfm.cl\/index.php?rest_route=\/wp\/v2\/posts"}],"about":[{"href":"https:\/\/radiorevelacionfm.cl\/index.php?rest_route=\/wp\/v2\/types\/post"}],"author":[{"embeddable":true,"href":"https:\/\/radiorevelacionfm.cl\/index.php?rest_route=\/wp\/v2\/users\/1"}],"replies":[{"embeddable":true,"href":"https:\/\/radiorevelacionfm.cl\/index.php?rest_route=%2Fwp%2Fv2%2Fcomments&post=26351"}],"version-history":[{"count":2,"href":"https:\/\/radiorevelacionfm.cl\/index.php?rest_route=\/wp\/v2\/posts\/26351\/revisions"}],"predecessor-version":[{"id":26357,"href":"https:\/\/radiorevelacionfm.cl\/index.php?rest_route=\/wp\/v2\/posts\/26351\/revisions\/26357"}],"wp:featuredmedia":[{"embeddable":true,"href":"https:\/\/radiorevelacionfm.cl\/index.php?rest_route=\/wp\/v2\/media\/26352"}],"wp:attachment":[{"href":"https:\/\/radiorevelacionfm.cl\/index.php?rest_route=%2Fwp%2Fv2%2Fmedia&parent=26351"}],"wp:term":[{"taxonomy":"category","embeddable":true,"href":"https:\/\/radiorevelacionfm.cl\/index.php?rest_route=%2Fwp%2Fv2%2Fcategories&post=26351"},{"taxonomy":"post_tag","embeddable":true,"href":"https:\/\/radiorevelacionfm.cl\/index.php?rest_route=%2Fwp%2Fv2%2Ftags&post=26351"}],"curies":[{"name":"wp","href":"https:\/\/api.w.org\/{rel}","templated":true}]}}