{"id":26343,"date":"2023-01-07T12:13:50","date_gmt":"2023-01-07T15:13:50","guid":{"rendered":"https:\/\/radiorevelacionfm.cl\/?p=26343"},"modified":"2023-01-07T12:13:50","modified_gmt":"2023-01-07T15:13:50","slug":"consejo-regional-de-aysen-da-luz-verde-al-fondo-regional-de-iniciativa-local-fril-para-este-ano","status":"publish","type":"post","link":"https:\/\/radiorevelacionfm.cl\/?p=26343","title":{"rendered":"Consejo Regional de Ays\u00e9n da luz verde al Fondo Regional de Iniciativa Local (FRIL) para este a\u00f1o"},"content":{"rendered":"<div class=\"flex_column av_one_full  flex_column_div av-zero-column-padding first  avia-builder-el-0  el_before_av_one_full  avia-builder-el-first  \" style='border-radius:0px; '><div  class='avia-image-container  av-styling-    avia-builder-el-1  avia-builder-el-no-sibling  avia-align-center '  itemprop=\"image\" itemscope=\"itemscope\" itemtype=\"https:\/\/schema.org\/ImageObject\"  ><div class='avia-image-container-inner'><div class='avia-image-overlay-wrap'><img decoding=\"async\" class='wp-image-26344 avia-img-lazy-loading-not-26344 avia_image' src=\"https:\/\/radiorevelacionfm.cl\/wp-content\/uploads\/2023\/01\/GORE-06-1.jpg\" alt='' title='GORE 06 (1)' height=\"620\" width=\"1018\"  itemprop=\"thumbnailUrl\" srcset=\"https:\/\/radiorevelacionfm.cl\/wp-content\/uploads\/2023\/01\/GORE-06-1.jpg 1018w, https:\/\/radiorevelacionfm.cl\/wp-content\/uploads\/2023\/01\/GORE-06-1-300x183.jpg 300w, https:\/\/radiorevelacionfm.cl\/wp-content\/uploads\/2023\/01\/GORE-06-1-768x468.jpg 768w, https:\/\/radiorevelacionfm.cl\/wp-content\/uploads\/2023\/01\/GORE-06-1-705x429.jpg 705w, https:\/\/radiorevelacionfm.cl\/wp-content\/uploads\/2023\/01\/GORE-06-1-600x365.jpg 600w\" sizes=\"(max-width: 1018px) 100vw, 1018px\" \/><\/div><\/div><\/div><\/div><div class=\"flex_column av_one_full  flex_column_div av-zero-column-padding first  avia-builder-el-2  el_after_av_one_full  el_before_av_one_full  column-top-margin\" style='border-radius:0px; '><section class=\"av_textblock_section \"  itemscope=\"itemscope\" itemtype=\"https:\/\/schema.org\/BlogPosting\" itemprop=\"blogPost\" ><div class='avia_textblock  '   itemprop=\"text\" ><p style=\"text-align: center;\"><strong><span style=\"font-size: 18pt;\">Consejo Regional de Ays\u00e9n da luz verde al Fondo Regional de Iniciativa Local (FRIL) para este a\u00f1o<\/span><\/strong><\/p>\n<div id=\"gtx-trans\" style=\"position: absolute; left: -50px; top: 4.31534px;\">\n<div class=\"gtx-trans-icon\"><\/div>\n<\/div>\n<\/div><\/section><\/div><div class=\"flex_column av_one_full  flex_column_div av-zero-column-padding first  avia-builder-el-4  el_after_av_one_full  el_before_av_hr  column-top-margin\" style='border-radius:0px; '><section class=\"av_textblock_section \"  itemscope=\"itemscope\" itemtype=\"https:\/\/schema.org\/BlogPosting\" itemprop=\"blogPost\" ><div class='avia_textblock  '   itemprop=\"text\" ><p dir=\"ltr\" style=\"text-align: justify;\">En la sesi\u00f3n ordinaria N\u00b01 del Pleno del Consejo Regional de Ays\u00e9n, donde los consejeros, consejeras y la Gobernadora Regional, Andrea Mac\u00edas Palma, aprobaron por unanimidad las modificaciones al instructivo del Fondo Regional de Iniciativa Local (FRIL) para este a\u00f1o 2023.<\/p>\n<p dir=\"ltr\" style=\"text-align: justify;\">La iniciativa FRIL, es una de las herramientas de inversi\u00f3n que posee el Gobierno Regional que tiene por objetivo financiar proyectos de infraestructura comunal, que mejoren la calidad de vida de la poblaci\u00f3n y que dicha iniciativa tenga presente el componente de participaci\u00f3n ciudadana y de g\u00e9nero a trav\u00e9s de las municipalidades, quienes presentan sus demandas y ejecutan de acuerdo a su capacidad t\u00e9cnica.<\/p>\n<p dir=\"ltr\" style=\"text-align: justify;\">\u00abCon estos recursos, los municipios llevan adelante iniciativas que son aprobadas por su propio concejo. Estas, en su mayor\u00eda, tienen que ver con infraestructura, sedes vecinales, espacios p\u00fablicos, canchas, plazoletas, que se ponen a disposici\u00f3n de la comunidad. Modificar el instructivo FRIL significa cambiar el proceso. Nosotros hemos dicho muchas veces que, como administraci\u00f3n, uno de nuestros principales intereses tiene que ver con mejorar la eficiencia y la gesti\u00f3n en el uso de los recursos, por lo tanto, es un desaf\u00edo el trabajo colaborativo para mejorar estos instrumentos que regulan c\u00f3mo llevamos adelante estos FRIL\u00bb, explic\u00f3 la Gobernadora Regional.<\/p>\n<p dir=\"ltr\" style=\"text-align: justify;\">Tambi\u00e9n el Gobierno Regional entrega apoya a las entidades comunales para acoger las necesidades de los vecinos y vecinas de manera m\u00e1s directa y eficiente, toda vez que son las municipalidades las que ejecutan los proyectos con los recursos t\u00e9cnicos y humanos que poseen. Es decir, se posibilita un trabajo de cooperaci\u00f3n entre el Ejecutivo de la Regi\u00f3n de Ays\u00e9n y las autoridades locales.<\/p>\n<p dir=\"ltr\" style=\"text-align: justify;\">\u00abEn la comisi\u00f3n ampliada donde hubieron varias observaciones, las cuales fueron subsanadas por la voluntad de la Gobernadora Regional, y esto tambi\u00e9n nos permite a nosotros, como Consejo Regional de Ays\u00e9n, seguir trabajando junto a los municipios de manera mancomunada\u00bb, reafirm\u00f3 la Consejera Regional de la Provincia de General Carrera y presidenta de la Comisi\u00f3n de Infraestructura, Transporte y Telecomunicaciones, Lilian Inostroza.<\/p>\n<p dir=\"ltr\" style=\"text-align: justify;\"><strong>Reposici\u00f3n del edificio municipal de O&#8217;Higgins<\/strong><\/p>\n<p dir=\"ltr\" style=\"text-align: justify;\">Otra de las votaciones de la jornada tuvo que ver con un incremento presupuestario para el proyecto \u00abReposici\u00f3n Edificio Consistorial Municipalidad de O&#8217;Higgins\u00bb, iniciativa que tambi\u00e9n fue aprobada por todos los consejeros y consejeras presentes, adem\u00e1s del voto favorable de la presidenta del Pleno, la Gobernadora Regional.<\/p>\n<p dir=\"ltr\" style=\"text-align: justify;\">\u00abEn nuestra regi\u00f3n tenemos un tema que no es menor, que tiene que ver con la existencia de los edificios consistoriales, m\u00e1s conocidos como municipalidades, que en el fondo son la casa de toda la comunidad. Hoy se encuentran con una infraestructura deficiente en la mayor cantidad de las comunas. Si bien hay algunas que han logrado mejorar, no es la realidad de la mayor\u00eda de las comunas de nuestra regi\u00f3n\u00bb, aclar\u00f3 la Gobernadora Andrea Mac\u00edas Palma.<\/p>\n<p dir=\"ltr\" style=\"text-align: justify;\">La modificaci\u00f3n presupuestaria, que se aprob\u00f3 por un monto de M$41.238, fue necesaria debido a que el proyecto vigente no daba cuenta de la real necesidad que exist\u00eda, en cuanto hab\u00eda una sobredimensi\u00f3n de algunos de sus espacios, adem\u00e1s de otros que no hab\u00edan sido considerados. Es por esto que el Gobierno Regional tom\u00f3 la decisi\u00f3n de revisar nuevamente esta iniciativa y acoger las modificaciones que se trabajaron con la Unidad de Arquitectura del Ministerio de Obras P\u00fablicas (MOP).<\/p>\n<p dir=\"ltr\" style=\"text-align: justify;\">Por su parte, el administrador municipal de O&#8217;Higgins, Manuel Iduarte, se\u00f1al\u00f3 que en el primer proyecto \u00abhab\u00edan consideraciones de orden pr\u00e1ctico y, desde el punto de vista del municipio, para poder viabilizar en el corto plazo la construcci\u00f3n del edificio. Esta modificaci\u00f3n, aunque parezca extra\u00f1o, era la reducci\u00f3n del tama\u00f1o original, lo que va a permitir tener una mayor eficiencia en la etapa de financiamiento y construcci\u00f3n\u00a0 del edificio, considerando que las actuales dependencias del municipio son bastante precarias. Est\u00e1n desde que se fund\u00f3 el edificio, hace 40 a\u00f1os, por lo que la comunidad y los funcionarios municipales requieren nuevas dependencias\u00bb.<\/p>\n<\/div><\/section><\/div><div  style='height:50px' class='hr hr-invisible   avia-builder-el-6  el_after_av_one_full  el_before_av_social_share '><span class='hr-inner ' ><span class='hr-inner-style'><\/span><\/span><\/div><\/p>\n<div  class='av-social-sharing-box  avia-builder-el-7  el_after_av_hr  el_before_av_hr  '><div class='av-share-box'><h5 class='av-share-link-description av-no-toc '>Compartir esta noticia<\/h5><ul class='av-share-box-list noLightbox'><li class='av-share-link av-social-link-facebook' ><a target=\"_blank\" aria-label=\"Compartir en Facebook\" href='https:\/\/www.facebook.com\/sharer.php?u=https:\/\/radiorevelacionfm.cl\/?p=26343&#038;t=Consejo%20Regional%20de%20Ays%C3%A9n%20da%20luz%20verde%20al%20Fondo%20Regional%20de%20Iniciativa%20Local%20%28FRIL%29%20para%20este%20a%C3%B1o' aria-hidden='false' data-av_icon='\ue8f3' data-av_iconfont='entypo-fontello' title='' data-avia-related-tooltip='Compartir en Facebook' rel=\"noopener\"><span class='avia_hidden_link_text'>Compartir en Facebook<\/span><\/a><\/li><li class='av-share-link av-social-link-twitter' ><a target=\"_blank\" aria-label=\"Compartir en Twitter\" href='https:\/\/twitter.com\/share?text=Consejo%20Regional%20de%20Ays%C3%A9n%20da%20luz%20verde%20al%20Fondo%20Regional%20de%20Iniciativa%20Local%20%28FRIL%29%20para%20este%20a%C3%B1o&#038;url=https:\/\/radiorevelacionfm.cl\/?p=26343' aria-hidden='false' data-av_icon='\ue8f1' data-av_iconfont='entypo-fontello' title='' data-avia-related-tooltip='Compartir en Twitter' rel=\"noopener\"><span class='avia_hidden_link_text'>Compartir en Twitter<\/span><\/a><\/li><li class='av-share-link av-social-link-whatsapp' ><a target=\"_blank\" aria-label=\"Compartir en Whatsapp\" href='https:\/\/api.whatsapp.com\/send?text=https:\/\/radiorevelacionfm.cl\/?p=26343' aria-hidden='false' data-av_icon='\uf232' data-av_iconfont='entypo-fontello' title='' data-avia-related-tooltip='Compartir en Whatsapp' rel=\"noopener\"><span class='avia_hidden_link_text'>Compartir en Whatsapp<\/span><\/a><\/li><li class='av-share-link av-social-link-linkedin' ><a target=\"_blank\" aria-label=\"Compartir en LinkedIn\" href='https:\/\/linkedin.com\/shareArticle?mini=true&#038;title=Consejo%20Regional%20de%20Ays%C3%A9n%20da%20luz%20verde%20al%20Fondo%20Regional%20de%20Iniciativa%20Local%20%28FRIL%29%20para%20este%20a%C3%B1o&#038;url=https:\/\/radiorevelacionfm.cl\/?p=26343' aria-hidden='false' data-av_icon='\ue8fc' data-av_iconfont='entypo-fontello' title='' data-avia-related-tooltip='Compartir en LinkedIn' rel=\"noopener\"><span class='avia_hidden_link_text'>Compartir en LinkedIn<\/span><\/a><\/li><li class='av-share-link av-social-link-mail' ><a  aria-label=\"Compartir por correo\" href='mailto:?subject=Consejo%20Regional%20de%20Ays%C3%A9n%20da%20luz%20verde%20al%20Fondo%20Regional%20de%20Iniciativa%20Local%20%28FRIL%29%20para%20este%20a%C3%B1o&#038;body=https:\/\/radiorevelacionfm.cl\/?p=26343' aria-hidden='false' data-av_icon='\ue805' data-av_iconfont='entypo-fontello' title='' data-avia-related-tooltip='Compartir por correo'><span class='avia_hidden_link_text'>Compartir por correo<\/span><\/a><\/li><\/ul><\/div><\/div>\n<div  style='height:50px' class='hr hr-invisible   avia-builder-el-8  el_after_av_social_share  el_before_av_comments_list '><span class='hr-inner ' ><span class='hr-inner-style'><\/span><\/span><\/div>\n<div  class='av-buildercomment  av-blog-meta-html-info-disabled av-blog-meta-tag-disabled  '><\/div>\n","protected":false},"excerpt":{"rendered":"","protected":false},"author":1,"featured_media":26344,"comment_status":"open","ping_status":"open","sticky":false,"template":"","format":"standard","meta":{"footnotes":""},"categories":[38],"tags":[],"class_list":["post-26343","post","type-post","status-publish","format-standard","has-post-thumbnail","hentry","category-regional"],"jetpack_featured_media_url":"https:\/\/radiorevelacionfm.cl\/wp-content\/uploads\/2023\/01\/GORE-06-1.jpg","_links":{"self":[{"href":"https:\/\/radiorevelacionfm.cl\/index.php?rest_route=\/wp\/v2\/posts\/26343","targetHints":{"allow":["GET"]}}],"collection":[{"href":"https:\/\/radiorevelacionfm.cl\/index.php?rest_route=\/wp\/v2\/posts"}],"about":[{"href":"https:\/\/radiorevelacionfm.cl\/index.php?rest_route=\/wp\/v2\/types\/post"}],"author":[{"embeddable":true,"href":"https:\/\/radiorevelacionfm.cl\/index.php?rest_route=\/wp\/v2\/users\/1"}],"replies":[{"embeddable":true,"href":"https:\/\/radiorevelacionfm.cl\/index.php?rest_route=%2Fwp%2Fv2%2Fcomments&post=26343"}],"version-history":[{"count":2,"href":"https:\/\/radiorevelacionfm.cl\/index.php?rest_route=\/wp\/v2\/posts\/26343\/revisions"}],"predecessor-version":[{"id":26364,"href":"https:\/\/radiorevelacionfm.cl\/index.php?rest_route=\/wp\/v2\/posts\/26343\/revisions\/26364"}],"wp:featuredmedia":[{"embeddable":true,"href":"https:\/\/radiorevelacionfm.cl\/index.php?rest_route=\/wp\/v2\/media\/26344"}],"wp:attachment":[{"href":"https:\/\/radiorevelacionfm.cl\/index.php?rest_route=%2Fwp%2Fv2%2Fmedia&parent=26343"}],"wp:term":[{"taxonomy":"category","embeddable":true,"href":"https:\/\/radiorevelacionfm.cl\/index.php?rest_route=%2Fwp%2Fv2%2Fcategories&post=26343"},{"taxonomy":"post_tag","embeddable":true,"href":"https:\/\/radiorevelacionfm.cl\/index.php?rest_route=%2Fwp%2Fv2%2Ftags&post=26343"}],"curies":[{"name":"wp","href":"https:\/\/api.w.org\/{rel}","templated":true}]}}