{"id":26339,"date":"2023-01-06T18:04:58","date_gmt":"2023-01-06T21:04:58","guid":{"rendered":"https:\/\/radiorevelacionfm.cl\/?p=26339"},"modified":"2023-01-06T18:04:58","modified_gmt":"2023-01-06T21:04:58","slug":"destacan-licitacion-para-la-construccion-de-puentes-rosselot-y-palena","status":"publish","type":"post","link":"https:\/\/radiorevelacionfm.cl\/?p=26339","title":{"rendered":"Destacan licitaci\u00f3n para la construcci\u00f3n de puentes Rosselot y Palena"},"content":{"rendered":"<div class=\"flex_column av_one_full  flex_column_div av-zero-column-padding first  avia-builder-el-0  el_before_av_one_full  avia-builder-el-first  \" style='border-radius:0px; '><div  class='avia-image-container  av-styling-    avia-builder-el-1  avia-builder-el-no-sibling  avia-align-center '  itemprop=\"image\" itemscope=\"itemscope\" itemtype=\"https:\/\/schema.org\/ImageObject\"  ><div class='avia-image-container-inner'><div class='avia-image-overlay-wrap'><img decoding=\"async\" class='wp-image-26340 avia-img-lazy-loading-not-26340 avia_image' src=\"https:\/\/radiorevelacionfm.cl\/wp-content\/uploads\/2023\/01\/licitacion-puentes-2-1.jpg\" alt='' title='licitacion puentes 2 (1)' height=\"602\" width=\"747\"  itemprop=\"thumbnailUrl\" srcset=\"https:\/\/radiorevelacionfm.cl\/wp-content\/uploads\/2023\/01\/licitacion-puentes-2-1.jpg 747w, https:\/\/radiorevelacionfm.cl\/wp-content\/uploads\/2023\/01\/licitacion-puentes-2-1-300x242.jpg 300w, https:\/\/radiorevelacionfm.cl\/wp-content\/uploads\/2023\/01\/licitacion-puentes-2-1-495x400.jpg 495w, https:\/\/radiorevelacionfm.cl\/wp-content\/uploads\/2023\/01\/licitacion-puentes-2-1-705x568.jpg 705w, https:\/\/radiorevelacionfm.cl\/wp-content\/uploads\/2023\/01\/licitacion-puentes-2-1-600x484.jpg 600w\" sizes=\"(max-width: 747px) 100vw, 747px\" \/><\/div><\/div><\/div><\/div><div class=\"flex_column av_one_full  flex_column_div av-zero-column-padding first  avia-builder-el-2  el_after_av_one_full  el_before_av_one_full  column-top-margin\" style='border-radius:0px; '><section class=\"av_textblock_section \"  itemscope=\"itemscope\" itemtype=\"https:\/\/schema.org\/BlogPosting\" itemprop=\"blogPost\" ><div class='avia_textblock  '   itemprop=\"text\" ><p style=\"text-align: center;\"><strong><span style=\"font-size: 18pt;\">Destacan licitaci\u00f3n para la construcci\u00f3n de puentes Rosselot y Palena<\/span><\/strong><\/p>\n<div id=\"gtx-trans\" style=\"position: absolute; left: -50px; top: 4.31534px;\">\n<div class=\"gtx-trans-icon\"><\/div>\n<\/div>\n<\/div><\/section><\/div><div class=\"flex_column av_one_full  flex_column_div av-zero-column-padding first  avia-builder-el-4  el_after_av_one_full  el_before_av_hr  column-top-margin\" style='border-radius:0px; '><section class=\"av_textblock_section \"  itemscope=\"itemscope\" itemtype=\"https:\/\/schema.org\/BlogPosting\" itemprop=\"blogPost\" ><div class='avia_textblock  '   itemprop=\"text\" ><p style=\"text-align: justify;\">En su reciente visita a la regi\u00f3n, el Ministro de Obras P\u00fablicas, Juan Carlos Garc\u00eda, inform\u00f3 que ya se encuentra en marcha el proceso de licitaci\u00f3n para la construcci\u00f3n de los puentes sobre los r\u00edos Rosselot y Palena.<\/p>\n<p style=\"text-align: justify;\">Este es un antiguo requerimiento que la administraci\u00f3n municipal dirigida por el Alcalde, Francisco Roncagliolo Lepio, ha hecha suya y en esa l\u00ednea se han desarrollado una serie de gestiones tanto a nivel regional como nacional.<\/p>\n<p style=\"text-align: justify;\">Es as\u00ed que, durante todo este tiempo, el apoyo del Gobierno Regional, Consejeros y Consejeras, Diputados y Senadores, ha sido fundamental para llegar a este punto, indic\u00f3 el jefe comunal.<\/p>\n<p style=\"text-align: justify;\">\u201cEs una licitaci\u00f3n que hace la Direcci\u00f3n Nacional de Vialidad, el Ministerio de Obras Publicas y tiene por nombre, Reposici\u00f3n puente Palena y puente Rosselot, en ruta 7 comuna de Cisnes, regi\u00f3n de Ays\u00e9n del General Carlos Ib\u00e1\u00f1ez del Campo. Hoy lo que podemos decir es que, el compromiso que se hab\u00eda buscado esta cumplido y en lo personal estoy muy contento porque, no solamente va a buscar fortalecer la conectividad tan necesaria en dos sectores claves para nosotros que son estos puentes de gran dimensi\u00f3n. Esperamos que se puedan adjudicar de buena forma y ayude con empleo y desarrollo para toda la zona norte de la comuna de Cisnes. Agradecer a los Consejeros Regionales, a los Parlamentarios que han participado tambi\u00e9n en poder buscar la forma en que esto se adelante y por lo mismo, hoy d\u00eda podemos decir que, esto se ha cumplido\u201d.<\/p>\n<p style=\"text-align: justify;\">Por su parte, la Consejera Regional de la provincia de Ays\u00e9n, Paola Rodr\u00edguez, valor\u00f3 el trabajo coordinando entre las distintas autoridades, lo que permiti\u00f3 llegar a esta gran noticia para el territorio, que ser\u00e1, la construcci\u00f3n de dos puentes en la zona norte de la comuna de Cisnes.<\/p>\n<p style=\"text-align: justify;\">\u201cLa buena noticia con respecto a la reposici\u00f3n de los puentes Rosselot y Palena, infinitamente feliz, la verdad es que ha sido un trabajo arduo, es un proyecto que ya tiene much\u00edsimos a\u00f1os y que este a\u00f1o nuestra misi\u00f3n como Consejeros Regionales a trav\u00e9s de la Comisi\u00f3n de Infraestructura, presidida por Lilian Inostroza, tuvo much\u00edsima comunicaci\u00f3n y mucho trabajo en terreno. Fue as\u00ed como recibimos la invitaci\u00f3n de nuestro Alcalde Francisco Roncagliolo y nos dirigimos a la localidad de La Junta, donde ellos pudieron ver en terreno lo que es el tema de los puentes y se comenz\u00f3 este trabajo que culmin\u00f3 con la visita al MOP en Santiago. Fue all\u00ed donde se mostraron los problemas de conectividad del sector norte de la regi\u00f3n de Ays\u00e9n, lo importante y lo significativo que era la reposici\u00f3n de estos puentes\u201d.<\/p>\n<p style=\"text-align: justify;\">El monto que se considera para la construcci\u00f3n de los puentes Rosselot y Palena, bordea los 20 mil millones de pesos y durante el mes de marzo se realizar\u00e1 tanto la apertura t\u00e9cnica y econ\u00f3mica del proyecto que ya en encuentra proceso de licitaci\u00f3n.<\/p>\n<\/div><\/section><\/div><div  style='height:50px' class='hr hr-invisible   avia-builder-el-6  el_after_av_one_full  el_before_av_social_share '><span class='hr-inner ' ><span class='hr-inner-style'><\/span><\/span><\/div><\/p>\n<div  class='av-social-sharing-box  avia-builder-el-7  el_after_av_hr  el_before_av_hr  '><div class='av-share-box'><h5 class='av-share-link-description av-no-toc '>Compartir esta noticia<\/h5><ul class='av-share-box-list noLightbox'><li class='av-share-link av-social-link-facebook' ><a target=\"_blank\" aria-label=\"Compartir en Facebook\" href='https:\/\/www.facebook.com\/sharer.php?u=https:\/\/radiorevelacionfm.cl\/?p=26339&#038;t=Destacan%20licitaci%C3%B3n%20para%20la%20construcci%C3%B3n%20de%20puentes%20Rosselot%20y%20Palena' aria-hidden='false' data-av_icon='\ue8f3' data-av_iconfont='entypo-fontello' title='' data-avia-related-tooltip='Compartir en Facebook' rel=\"noopener\"><span class='avia_hidden_link_text'>Compartir en Facebook<\/span><\/a><\/li><li class='av-share-link av-social-link-twitter' ><a target=\"_blank\" aria-label=\"Compartir en Twitter\" href='https:\/\/twitter.com\/share?text=Destacan%20licitaci%C3%B3n%20para%20la%20construcci%C3%B3n%20de%20puentes%20Rosselot%20y%20Palena&#038;url=https:\/\/radiorevelacionfm.cl\/?p=26339' aria-hidden='false' data-av_icon='\ue8f1' data-av_iconfont='entypo-fontello' title='' data-avia-related-tooltip='Compartir en Twitter' rel=\"noopener\"><span class='avia_hidden_link_text'>Compartir en Twitter<\/span><\/a><\/li><li class='av-share-link av-social-link-whatsapp' ><a target=\"_blank\" aria-label=\"Compartir en Whatsapp\" href='https:\/\/api.whatsapp.com\/send?text=https:\/\/radiorevelacionfm.cl\/?p=26339' aria-hidden='false' data-av_icon='\uf232' data-av_iconfont='entypo-fontello' title='' data-avia-related-tooltip='Compartir en Whatsapp' rel=\"noopener\"><span class='avia_hidden_link_text'>Compartir en Whatsapp<\/span><\/a><\/li><li class='av-share-link av-social-link-linkedin' ><a target=\"_blank\" aria-label=\"Compartir en LinkedIn\" href='https:\/\/linkedin.com\/shareArticle?mini=true&#038;title=Destacan%20licitaci%C3%B3n%20para%20la%20construcci%C3%B3n%20de%20puentes%20Rosselot%20y%20Palena&#038;url=https:\/\/radiorevelacionfm.cl\/?p=26339' aria-hidden='false' data-av_icon='\ue8fc' data-av_iconfont='entypo-fontello' title='' data-avia-related-tooltip='Compartir en LinkedIn' rel=\"noopener\"><span class='avia_hidden_link_text'>Compartir en LinkedIn<\/span><\/a><\/li><li class='av-share-link av-social-link-mail' ><a  aria-label=\"Compartir por correo\" href='mailto:?subject=Destacan%20licitaci%C3%B3n%20para%20la%20construcci%C3%B3n%20de%20puentes%20Rosselot%20y%20Palena&#038;body=https:\/\/radiorevelacionfm.cl\/?p=26339' aria-hidden='false' data-av_icon='\ue805' data-av_iconfont='entypo-fontello' title='' data-avia-related-tooltip='Compartir por correo'><span class='avia_hidden_link_text'>Compartir por correo<\/span><\/a><\/li><\/ul><\/div><\/div>\n<div  style='height:50px' class='hr hr-invisible   avia-builder-el-8  el_after_av_social_share  el_before_av_comments_list '><span class='hr-inner ' ><span class='hr-inner-style'><\/span><\/span><\/div>\n<div  class='av-buildercomment  av-blog-meta-html-info-disabled av-blog-meta-tag-disabled  '><\/div>\n","protected":false},"excerpt":{"rendered":"","protected":false},"author":1,"featured_media":26340,"comment_status":"open","ping_status":"open","sticky":false,"template":"","format":"standard","meta":{"footnotes":""},"categories":[38],"tags":[],"class_list":["post-26339","post","type-post","status-publish","format-standard","has-post-thumbnail","hentry","category-regional"],"jetpack_featured_media_url":"https:\/\/radiorevelacionfm.cl\/wp-content\/uploads\/2023\/01\/licitacion-puentes-2-1.jpg","_links":{"self":[{"href":"https:\/\/radiorevelacionfm.cl\/index.php?rest_route=\/wp\/v2\/posts\/26339","targetHints":{"allow":["GET"]}}],"collection":[{"href":"https:\/\/radiorevelacionfm.cl\/index.php?rest_route=\/wp\/v2\/posts"}],"about":[{"href":"https:\/\/radiorevelacionfm.cl\/index.php?rest_route=\/wp\/v2\/types\/post"}],"author":[{"embeddable":true,"href":"https:\/\/radiorevelacionfm.cl\/index.php?rest_route=\/wp\/v2\/users\/1"}],"replies":[{"embeddable":true,"href":"https:\/\/radiorevelacionfm.cl\/index.php?rest_route=%2Fwp%2Fv2%2Fcomments&post=26339"}],"version-history":[{"count":2,"href":"https:\/\/radiorevelacionfm.cl\/index.php?rest_route=\/wp\/v2\/posts\/26339\/revisions"}],"predecessor-version":[{"id":26342,"href":"https:\/\/radiorevelacionfm.cl\/index.php?rest_route=\/wp\/v2\/posts\/26339\/revisions\/26342"}],"wp:featuredmedia":[{"embeddable":true,"href":"https:\/\/radiorevelacionfm.cl\/index.php?rest_route=\/wp\/v2\/media\/26340"}],"wp:attachment":[{"href":"https:\/\/radiorevelacionfm.cl\/index.php?rest_route=%2Fwp%2Fv2%2Fmedia&parent=26339"}],"wp:term":[{"taxonomy":"category","embeddable":true,"href":"https:\/\/radiorevelacionfm.cl\/index.php?rest_route=%2Fwp%2Fv2%2Fcategories&post=26339"},{"taxonomy":"post_tag","embeddable":true,"href":"https:\/\/radiorevelacionfm.cl\/index.php?rest_route=%2Fwp%2Fv2%2Ftags&post=26339"}],"curies":[{"name":"wp","href":"https:\/\/api.w.org\/{rel}","templated":true}]}}