{"id":26333,"date":"2023-01-06T20:43:02","date_gmt":"2023-01-06T23:43:02","guid":{"rendered":"https:\/\/radiorevelacionfm.cl\/?p=26333"},"modified":"2023-01-06T20:43:02","modified_gmt":"2023-01-06T23:43:02","slug":"aniversario-95-de-aysen-actividades-para-disfrutar-con-la-familia-en-la-ciudad-portuaria","status":"publish","type":"post","link":"https:\/\/radiorevelacionfm.cl\/?p=26333","title":{"rendered":"Aniversario 95 de Ays\u00e9n: actividades para disfrutar con la familia en la ciudad portuaria"},"content":{"rendered":"<div class=\"flex_column av_one_full  flex_column_div av-zero-column-padding first  avia-builder-el-0  el_before_av_one_full  avia-builder-el-first  \" style='border-radius:0px; '><div  class='avia-image-container  av-styling-    avia-builder-el-1  avia-builder-el-no-sibling  avia-align-center '  itemprop=\"image\" itemscope=\"itemscope\" itemtype=\"https:\/\/schema.org\/ImageObject\"  ><div class='avia-image-container-inner'><div class='avia-image-overlay-wrap'><img decoding=\"async\" class='wp-image-26334 avia-img-lazy-loading-not-26334 avia_image' src=\"https:\/\/radiorevelacionfm.cl\/wp-content\/uploads\/2023\/01\/Fotografia-1\u00b0-Carnaval-del-Agua-1-1-1.jpg\" alt='' title='Fotograf\u00eda 1\u00b0 Carnaval del Agua (1) (1) (1)' height=\"600\" width=\"607\"  itemprop=\"thumbnailUrl\" srcset=\"https:\/\/radiorevelacionfm.cl\/wp-content\/uploads\/2023\/01\/Fotografia-1\u00b0-Carnaval-del-Agua-1-1-1.jpg 607w, https:\/\/radiorevelacionfm.cl\/wp-content\/uploads\/2023\/01\/Fotografia-1\u00b0-Carnaval-del-Agua-1-1-1-300x297.jpg 300w, https:\/\/radiorevelacionfm.cl\/wp-content\/uploads\/2023\/01\/Fotografia-1\u00b0-Carnaval-del-Agua-1-1-1-80x80.jpg 80w, https:\/\/radiorevelacionfm.cl\/wp-content\/uploads\/2023\/01\/Fotografia-1\u00b0-Carnaval-del-Agua-1-1-1-36x36.jpg 36w, https:\/\/radiorevelacionfm.cl\/wp-content\/uploads\/2023\/01\/Fotografia-1\u00b0-Carnaval-del-Agua-1-1-1-100x100.jpg 100w, https:\/\/radiorevelacionfm.cl\/wp-content\/uploads\/2023\/01\/Fotografia-1\u00b0-Carnaval-del-Agua-1-1-1-600x593.jpg 600w\" sizes=\"(max-width: 607px) 100vw, 607px\" \/><\/div><\/div><\/div><\/div><div class=\"flex_column av_one_full  flex_column_div av-zero-column-padding first  avia-builder-el-2  el_after_av_one_full  el_before_av_one_full  column-top-margin\" style='border-radius:0px; '><section class=\"av_textblock_section \"  itemscope=\"itemscope\" itemtype=\"https:\/\/schema.org\/BlogPosting\" itemprop=\"blogPost\" ><div class='avia_textblock  '   itemprop=\"text\" ><p style=\"text-align: center;\"><span style=\"font-size: 18pt;\"><strong>Aniversario 95 de Ays\u00e9n: actividades para disfrutar con la familia en la ciudad portuaria<\/strong><\/span><\/p>\n<div id=\"gtx-trans\" style=\"position: absolute; left: -50px; top: 4.31534px;\">\n<div class=\"gtx-trans-icon\"><\/div>\n<\/div>\n<\/div><\/section><\/div><div class=\"flex_column av_one_full  flex_column_div av-zero-column-padding first  avia-builder-el-4  el_after_av_one_full  el_before_av_hr  column-top-margin\" style='border-radius:0px; '><section class=\"av_textblock_section \"  itemscope=\"itemscope\" itemtype=\"https:\/\/schema.org\/BlogPosting\" itemprop=\"blogPost\" ><div class='avia_textblock  '   itemprop=\"text\" ><p style=\"text-align: justify;\">La Ilustre Municipalidad de Ays\u00e9n prepar\u00f3 una gran variedad de panoramas para celebrar el aniversario de la ciudad de Puerto Ays\u00e9n, dar vida al verano sure\u00f1o y finalizar enero con el 1\u00b0 Carnaval del Agua, un evento que atraer\u00e1 a todas y todos al Parque Municipal, ex Isla D\u00edaz.<\/p>\n<p style=\"text-align: justify;\">Muestras de folklore, competiciones deportivas, eventos art\u00edsticos, el Rally de Aniversario, actividades para los ni\u00f1as y ni\u00f1os, son parte de los panoramas creados para la comunidad aysenina y para todo el que quiera pasar unos d\u00edas en la comuna.<\/p>\n<p style=\"text-align: justify;\">Todos los hitos anteriores ser\u00e1n el pr\u00f3logo del gran evento que culminar\u00e1 con el llamado <strong>1\u00b0<\/strong> <strong>Carnaval del Agua<\/strong>, un concepto nuevo de festividad que pretende poner el valor de lo nuestro como comunidad resaltando las riquezas humanas y naturales de nuestra comuna, que aprovecha las bondades del clima de la ciudad portuaria y que para muchos puede ser una excusa para quedarse en casa, pero se reconvierte para que sea una ocasi\u00f3n para no parar de disfrutar y enorgullecerse del tiempo que tanto caracteriza a los ayseninos.<\/p>\n<p style=\"text-align: justify;\">La visi\u00f3n del espect\u00e1culo es dar m\u00e1s espacios a lo local y chileno luego de los problemas en cuanto a los espect\u00e1culos que produjo la pandemia, es por esto que la \u00faltima semana de enero en el Parque Municipal, ex Isla D\u00edaz, se exhibir\u00e1n escenarios en simult\u00e1neo para distintos artistas locales, regionales y nacionales que otorgar\u00e1n sus espect\u00e1culos a la gente que quiera disfrutar de una tarde completa, en el que habr\u00e1 tambi\u00e9n carpas tem\u00e1ticas y para todo tipo de edades y aficiones.<\/p>\n<p style=\"text-align: justify;\">El encargado de cultura de la Ilustre Municipalidad de Ays\u00e9n, Cristian Torres, se expres\u00f3 acerca de lo que significar\u00e1 el concepto del Carnaval del Agua, \u201ces una invitaci\u00f3n a conocer los distintos frentes culturales de nuestra ciudad, donde se espera la participaci\u00f3n de todos los actores, juntas de vecinos, cultores, artesanos, campesinos, artistas, emprendedores, empresas, organizaciones y agrupaciones comunitarias. La intenci\u00f3n es retornar a Aniversarios mayormente participativos, con foco en el turismo y con el r\u00edo como protagonista, esperando en el futuro levantar carnavales barriales y vecinales\u201d.<\/p>\n<p style=\"text-align: justify;\">La Ilustre Municipalidad de Ays\u00e9n ir\u00e1 revelando m\u00e1s informaci\u00f3n por las redes sociales de esta, adem\u00e1s de otras sorpresas que quieren complementar un aniversario que quiere establecer un antes y un despu\u00e9s en la comunidad aysenina.<\/p>\n<\/div><\/section><\/div><div  style='height:50px' class='hr hr-invisible   avia-builder-el-6  el_after_av_one_full  el_before_av_social_share '><span class='hr-inner ' ><span class='hr-inner-style'><\/span><\/span><\/div><\/p>\n<div  class='av-social-sharing-box  avia-builder-el-7  el_after_av_hr  el_before_av_hr  '><div class='av-share-box'><h5 class='av-share-link-description av-no-toc '>Compartir esta noticia<\/h5><ul class='av-share-box-list noLightbox'><li class='av-share-link av-social-link-facebook' ><a target=\"_blank\" aria-label=\"Compartir en Facebook\" href='https:\/\/www.facebook.com\/sharer.php?u=https:\/\/radiorevelacionfm.cl\/?p=26333&#038;t=Aniversario%2095%20de%20Ays%C3%A9n%3A%20actividades%20para%20disfrutar%20con%20la%20familia%20en%20la%20ciudad%20portuaria' aria-hidden='false' data-av_icon='\ue8f3' data-av_iconfont='entypo-fontello' title='' data-avia-related-tooltip='Compartir en Facebook' rel=\"noopener\"><span class='avia_hidden_link_text'>Compartir en Facebook<\/span><\/a><\/li><li class='av-share-link av-social-link-twitter' ><a target=\"_blank\" aria-label=\"Compartir en Twitter\" href='https:\/\/twitter.com\/share?text=Aniversario%2095%20de%20Ays%C3%A9n%3A%20actividades%20para%20disfrutar%20con%20la%20familia%20en%20la%20ciudad%20portuaria&#038;url=https:\/\/radiorevelacionfm.cl\/?p=26333' aria-hidden='false' data-av_icon='\ue8f1' data-av_iconfont='entypo-fontello' title='' data-avia-related-tooltip='Compartir en Twitter' rel=\"noopener\"><span class='avia_hidden_link_text'>Compartir en Twitter<\/span><\/a><\/li><li class='av-share-link av-social-link-whatsapp' ><a target=\"_blank\" aria-label=\"Compartir en Whatsapp\" href='https:\/\/api.whatsapp.com\/send?text=https:\/\/radiorevelacionfm.cl\/?p=26333' aria-hidden='false' data-av_icon='\uf232' data-av_iconfont='entypo-fontello' title='' data-avia-related-tooltip='Compartir en Whatsapp' rel=\"noopener\"><span class='avia_hidden_link_text'>Compartir en Whatsapp<\/span><\/a><\/li><li class='av-share-link av-social-link-linkedin' ><a target=\"_blank\" aria-label=\"Compartir en LinkedIn\" href='https:\/\/linkedin.com\/shareArticle?mini=true&#038;title=Aniversario%2095%20de%20Ays%C3%A9n%3A%20actividades%20para%20disfrutar%20con%20la%20familia%20en%20la%20ciudad%20portuaria&#038;url=https:\/\/radiorevelacionfm.cl\/?p=26333' aria-hidden='false' data-av_icon='\ue8fc' data-av_iconfont='entypo-fontello' title='' data-avia-related-tooltip='Compartir en LinkedIn' rel=\"noopener\"><span class='avia_hidden_link_text'>Compartir en LinkedIn<\/span><\/a><\/li><li class='av-share-link av-social-link-mail' ><a  aria-label=\"Compartir por correo\" href='mailto:?subject=Aniversario%2095%20de%20Ays%C3%A9n%3A%20actividades%20para%20disfrutar%20con%20la%20familia%20en%20la%20ciudad%20portuaria&#038;body=https:\/\/radiorevelacionfm.cl\/?p=26333' aria-hidden='false' data-av_icon='\ue805' data-av_iconfont='entypo-fontello' title='' data-avia-related-tooltip='Compartir por correo'><span class='avia_hidden_link_text'>Compartir por correo<\/span><\/a><\/li><\/ul><\/div><\/div>\n<div  style='height:50px' class='hr hr-invisible   avia-builder-el-8  el_after_av_social_share  el_before_av_comments_list '><span class='hr-inner ' ><span class='hr-inner-style'><\/span><\/span><\/div>\n<div  class='av-buildercomment  av-blog-meta-html-info-disabled av-blog-meta-tag-disabled  '><\/div>\n","protected":false},"excerpt":{"rendered":"","protected":false},"author":1,"featured_media":26335,"comment_status":"open","ping_status":"open","sticky":false,"template":"","format":"standard","meta":{"footnotes":""},"categories":[38],"tags":[],"class_list":["post-26333","post","type-post","status-publish","format-standard","has-post-thumbnail","hentry","category-regional"],"jetpack_featured_media_url":"https:\/\/radiorevelacionfm.cl\/wp-content\/uploads\/2023\/01\/Fotografia-1\u00b0-Carnaval-del-Agua-2-1.jpg","_links":{"self":[{"href":"https:\/\/radiorevelacionfm.cl\/index.php?rest_route=\/wp\/v2\/posts\/26333","targetHints":{"allow":["GET"]}}],"collection":[{"href":"https:\/\/radiorevelacionfm.cl\/index.php?rest_route=\/wp\/v2\/posts"}],"about":[{"href":"https:\/\/radiorevelacionfm.cl\/index.php?rest_route=\/wp\/v2\/types\/post"}],"author":[{"embeddable":true,"href":"https:\/\/radiorevelacionfm.cl\/index.php?rest_route=\/wp\/v2\/users\/1"}],"replies":[{"embeddable":true,"href":"https:\/\/radiorevelacionfm.cl\/index.php?rest_route=%2Fwp%2Fv2%2Fcomments&post=26333"}],"version-history":[{"count":2,"href":"https:\/\/radiorevelacionfm.cl\/index.php?rest_route=\/wp\/v2\/posts\/26333\/revisions"}],"predecessor-version":[{"id":26347,"href":"https:\/\/radiorevelacionfm.cl\/index.php?rest_route=\/wp\/v2\/posts\/26333\/revisions\/26347"}],"wp:featuredmedia":[{"embeddable":true,"href":"https:\/\/radiorevelacionfm.cl\/index.php?rest_route=\/wp\/v2\/media\/26335"}],"wp:attachment":[{"href":"https:\/\/radiorevelacionfm.cl\/index.php?rest_route=%2Fwp%2Fv2%2Fmedia&parent=26333"}],"wp:term":[{"taxonomy":"category","embeddable":true,"href":"https:\/\/radiorevelacionfm.cl\/index.php?rest_route=%2Fwp%2Fv2%2Fcategories&post=26333"},{"taxonomy":"post_tag","embeddable":true,"href":"https:\/\/radiorevelacionfm.cl\/index.php?rest_route=%2Fwp%2Fv2%2Ftags&post=26333"}],"curies":[{"name":"wp","href":"https:\/\/api.w.org\/{rel}","templated":true}]}}