{"id":26330,"date":"2023-01-07T11:03:09","date_gmt":"2023-01-07T14:03:09","guid":{"rendered":"https:\/\/radiorevelacionfm.cl\/?p=26330"},"modified":"2023-01-07T11:03:09","modified_gmt":"2023-01-07T14:03:09","slug":"subsecretaria-del-trabajo-entrega-sello-40-horas-a-fundacion-prodemu","status":"publish","type":"post","link":"https:\/\/radiorevelacionfm.cl\/?p=26330","title":{"rendered":"Subsecretar\u00eda del Trabajo entrega sello 40 horas a Fundaci\u00f3n Prodemu"},"content":{"rendered":"<div class=\"flex_column av_one_full  flex_column_div av-zero-column-padding first  avia-builder-el-0  el_before_av_one_full  avia-builder-el-first  \" style='border-radius:0px; '><div  class='avia-image-container  av-styling-    avia-builder-el-1  avia-builder-el-no-sibling  avia-align-center '  itemprop=\"image\" itemscope=\"itemscope\" itemtype=\"https:\/\/schema.org\/ImageObject\"  ><div class='avia-image-container-inner'><div class='avia-image-overlay-wrap'><img decoding=\"async\" class='wp-image-26331 avia-img-lazy-loading-not-26331 avia_image' src=\"https:\/\/radiorevelacionfm.cl\/wp-content\/uploads\/2023\/01\/entrega-de-certificado1-1_optimized.jpg\" alt='' title='entrega-de-certificado1-(1)_optimized' height=\"622\" width=\"763\"  itemprop=\"thumbnailUrl\" srcset=\"https:\/\/radiorevelacionfm.cl\/wp-content\/uploads\/2023\/01\/entrega-de-certificado1-1_optimized.jpg 763w, https:\/\/radiorevelacionfm.cl\/wp-content\/uploads\/2023\/01\/entrega-de-certificado1-1_optimized-300x245.jpg 300w, https:\/\/radiorevelacionfm.cl\/wp-content\/uploads\/2023\/01\/entrega-de-certificado1-1_optimized-705x575.jpg 705w, https:\/\/radiorevelacionfm.cl\/wp-content\/uploads\/2023\/01\/entrega-de-certificado1-1_optimized-600x489.jpg 600w\" sizes=\"(max-width: 763px) 100vw, 763px\" \/><\/div><\/div><\/div><\/div><div class=\"flex_column av_one_full  flex_column_div av-zero-column-padding first  avia-builder-el-2  el_after_av_one_full  el_before_av_one_full  column-top-margin\" style='border-radius:0px; '><section class=\"av_textblock_section \"  itemscope=\"itemscope\" itemtype=\"https:\/\/schema.org\/BlogPosting\" itemprop=\"blogPost\" ><div class='avia_textblock  '   itemprop=\"text\" ><p style=\"text-align: center;\"><strong><span style=\"font-size: 18pt;\">Subsecretar\u00eda del Trabajo entrega sello 40 horas a Fundaci\u00f3n Prodemu<\/span><\/strong><\/p>\n<div id=\"gtx-trans\" style=\"position: absolute; left: -50px; top: 4.31534px;\">\n<div class=\"gtx-trans-icon\"><\/div>\n<\/div>\n<\/div><\/section><\/div><div class=\"flex_column av_one_full  flex_column_div av-zero-column-padding first  avia-builder-el-4  el_after_av_one_full  el_before_av_hr  column-top-margin\" style='border-radius:0px; '><section class=\"av_textblock_section \"  itemscope=\"itemscope\" itemtype=\"https:\/\/schema.org\/BlogPosting\" itemprop=\"blogPost\" ><div class='avia_textblock  '   itemprop=\"text\" ><p style=\"text-align: justify;\">En una amena ceremonia realizada en las dependencias de la Fundaci\u00f3n Prodemu, el subsecretario del Trabajo, Giorgio Boccardo, junto a la directora nacional, Marcela Sandoval, celebraron con las y los funcionarios de esta instituci\u00f3n al ser una m\u00e1s en certificarse por implementar una jornada laboral de 40 horas semanales, como una acci\u00f3n concreta de fomento al trabajo decente y al desarrollo de un buen vivir.<\/p>\n<p style=\"text-align: justify;\">Para la Fundaci\u00f3n, que tiene presencia en todas las regiones, el trabajo decente sintetiza las aspiraciones de los y las trabajadoras durante su vida laboral y significa una oportunidad para acceder a un empleo productivo que genere un ingreso justo, adem\u00e1s de seguridad y protecci\u00f3n social para sus familias. Asimismo, mejores perspectivas de desarrollo personal e integraci\u00f3n social y el espacio de libertad para que cada uno exprese sus opiniones, se organicen y sean aut\u00f3nomas y aut\u00f3nomos.<\/p>\n<p style=\"text-align: justify;\">En la ocasi\u00f3n, el subsecretario Boccardo valor\u00f3 \u201cel trabajo que ha hecho Prodemu y porque tienen esta jornada de 40 horas hace mucho tiempo, lo que implica tambi\u00e9n fortalecer las relaciones laborales en la instituci\u00f3n. Adem\u00e1s, reconocemos el avance que tiene este proyecto de ley en el Congreso, ya que es nuestro objetivo que esta realidad que est\u00e1n haciendo las empresas e instituciones que voluntariamente est\u00e1n reduciendo las jornadas laborales, queremos que sea una realidad para todo el pa\u00eds\u201d.<\/p>\n<p style=\"text-align: justify;\">En tanto, la directora nacional de Prodemu se\u00f1al\u00f3 que \u201csomos una fundaci\u00f3n creada para trabajar con las mujeres y sus derechos, tambi\u00e9n anhelamos que exista en Chile y que avance la legislaci\u00f3n por las 40 horas, la que va a permitir generar marcos de trabajo que no reducen la eficiencia, ni productividad, tal como est\u00e1 demostrado, si no que por el contrario incentiva a que las y los trabajadores sientan mucha m\u00e1s pertenencia\u201d.<\/p>\n<p style=\"text-align: justify;\">Este \u201cSello 40 Horas\u201d, al que han postulado m\u00e1s de 1.300 organizaciones, es un patrocinio del Ministerio del Trabajo y Previsi\u00f3n Social para la promoci\u00f3n de actividades durante el periodo de un a\u00f1o, pudiendo prorrogarse, previa acreditaci\u00f3n de seguir cumpliendo con los requisitos exigidos.<\/p>\n<p style=\"text-align: justify;\">Para obtener esta certificaci\u00f3n, la instituci\u00f3n debe cumplir con tres requisitos: tener contratado a lo menos el 80% de los trabajadores y las trabajadoras con una jornada ordinaria que no superen 40 horas ni menos de 30 horas laborales semanales; no haber sido condenada por vulneraci\u00f3n a los derechos fundamentales; y estar al d\u00eda en el pago de las obligaciones previsionales.<\/p>\n<p style=\"text-align: justify;\">Durante la jornada, en la que tambi\u00e9n estuvo presente la directora de Personas de Prodemu, Soledad Candia, adem\u00e1s de las autoridades que entregaron sus saludos y felicitaciones; frente a ellos y en representaci\u00f3n de las y los funcionarios, Josefina Mendoza, expres\u00f3 que \u201ces un agrado testimoniar este beneficio, el que agradezco mucho\u201d; asimismo, puntualiz\u00f3 que \u201clas generaciones nuevas han ido valorando una conversaci\u00f3n muy importante que es el tiempo. Y en eso es que encuadramos este sello de 40 Horas. Llevo 17 a\u00f1os trabajando en Prodemu. Me siento muy contenta y privilegiada de estar en esta Fundaci\u00f3n. Y me gustar\u00eda mucho que Chile se convirtiera en un pa\u00eds con instituciones p\u00fablicas y privadas que tengan este sello como parte de lo que valoramos m\u00e1s\u201d, concluy\u00f3.<\/p>\n<\/div><\/section><\/div><div  style='height:50px' class='hr hr-invisible   avia-builder-el-6  el_after_av_one_full  el_before_av_social_share '><span class='hr-inner ' ><span class='hr-inner-style'><\/span><\/span><\/div><\/p>\n<div  class='av-social-sharing-box  avia-builder-el-7  el_after_av_hr  el_before_av_hr  '><div class='av-share-box'><h5 class='av-share-link-description av-no-toc '>Compartir esta noticia<\/h5><ul class='av-share-box-list noLightbox'><li class='av-share-link av-social-link-facebook' ><a target=\"_blank\" aria-label=\"Compartir en Facebook\" href='https:\/\/www.facebook.com\/sharer.php?u=https:\/\/radiorevelacionfm.cl\/?p=26330&#038;t=Subsecretar%C3%ADa%20del%20Trabajo%20entrega%20sello%2040%20horas%20a%20Fundaci%C3%B3n%20Prodemu' aria-hidden='false' data-av_icon='\ue8f3' data-av_iconfont='entypo-fontello' title='' data-avia-related-tooltip='Compartir en Facebook' rel=\"noopener\"><span class='avia_hidden_link_text'>Compartir en Facebook<\/span><\/a><\/li><li class='av-share-link av-social-link-twitter' ><a target=\"_blank\" aria-label=\"Compartir en Twitter\" href='https:\/\/twitter.com\/share?text=Subsecretar%C3%ADa%20del%20Trabajo%20entrega%20sello%2040%20horas%20a%20Fundaci%C3%B3n%20Prodemu&#038;url=https:\/\/radiorevelacionfm.cl\/?p=26330' aria-hidden='false' data-av_icon='\ue8f1' data-av_iconfont='entypo-fontello' title='' data-avia-related-tooltip='Compartir en Twitter' rel=\"noopener\"><span class='avia_hidden_link_text'>Compartir en Twitter<\/span><\/a><\/li><li class='av-share-link av-social-link-whatsapp' ><a target=\"_blank\" aria-label=\"Compartir en Whatsapp\" href='https:\/\/api.whatsapp.com\/send?text=https:\/\/radiorevelacionfm.cl\/?p=26330' aria-hidden='false' data-av_icon='\uf232' data-av_iconfont='entypo-fontello' title='' data-avia-related-tooltip='Compartir en Whatsapp' rel=\"noopener\"><span class='avia_hidden_link_text'>Compartir en Whatsapp<\/span><\/a><\/li><li class='av-share-link av-social-link-linkedin' ><a target=\"_blank\" aria-label=\"Compartir en LinkedIn\" href='https:\/\/linkedin.com\/shareArticle?mini=true&#038;title=Subsecretar%C3%ADa%20del%20Trabajo%20entrega%20sello%2040%20horas%20a%20Fundaci%C3%B3n%20Prodemu&#038;url=https:\/\/radiorevelacionfm.cl\/?p=26330' aria-hidden='false' data-av_icon='\ue8fc' data-av_iconfont='entypo-fontello' title='' data-avia-related-tooltip='Compartir en LinkedIn' rel=\"noopener\"><span class='avia_hidden_link_text'>Compartir en LinkedIn<\/span><\/a><\/li><li class='av-share-link av-social-link-mail' ><a  aria-label=\"Compartir por correo\" href='mailto:?subject=Subsecretar%C3%ADa%20del%20Trabajo%20entrega%20sello%2040%20horas%20a%20Fundaci%C3%B3n%20Prodemu&#038;body=https:\/\/radiorevelacionfm.cl\/?p=26330' aria-hidden='false' data-av_icon='\ue805' data-av_iconfont='entypo-fontello' title='' data-avia-related-tooltip='Compartir por correo'><span class='avia_hidden_link_text'>Compartir por correo<\/span><\/a><\/li><\/ul><\/div><\/div>\n<div  style='height:50px' class='hr hr-invisible   avia-builder-el-8  el_after_av_social_share  el_before_av_comments_list '><span class='hr-inner ' ><span class='hr-inner-style'><\/span><\/span><\/div>\n<div  class='av-buildercomment  av-blog-meta-html-info-disabled av-blog-meta-tag-disabled  '><\/div>\n","protected":false},"excerpt":{"rendered":"","protected":false},"author":1,"featured_media":26331,"comment_status":"open","ping_status":"open","sticky":false,"template":"","format":"standard","meta":{"footnotes":""},"categories":[56],"tags":[],"class_list":["post-26330","post","type-post","status-publish","format-standard","has-post-thumbnail","hentry","category-trabajo"],"jetpack_featured_media_url":"https:\/\/radiorevelacionfm.cl\/wp-content\/uploads\/2023\/01\/entrega-de-certificado1-1_optimized.jpg","_links":{"self":[{"href":"https:\/\/radiorevelacionfm.cl\/index.php?rest_route=\/wp\/v2\/posts\/26330","targetHints":{"allow":["GET"]}}],"collection":[{"href":"https:\/\/radiorevelacionfm.cl\/index.php?rest_route=\/wp\/v2\/posts"}],"about":[{"href":"https:\/\/radiorevelacionfm.cl\/index.php?rest_route=\/wp\/v2\/types\/post"}],"author":[{"embeddable":true,"href":"https:\/\/radiorevelacionfm.cl\/index.php?rest_route=\/wp\/v2\/users\/1"}],"replies":[{"embeddable":true,"href":"https:\/\/radiorevelacionfm.cl\/index.php?rest_route=%2Fwp%2Fv2%2Fcomments&post=26330"}],"version-history":[{"count":2,"href":"https:\/\/radiorevelacionfm.cl\/index.php?rest_route=\/wp\/v2\/posts\/26330\/revisions"}],"predecessor-version":[{"id":26363,"href":"https:\/\/radiorevelacionfm.cl\/index.php?rest_route=\/wp\/v2\/posts\/26330\/revisions\/26363"}],"wp:featuredmedia":[{"embeddable":true,"href":"https:\/\/radiorevelacionfm.cl\/index.php?rest_route=\/wp\/v2\/media\/26331"}],"wp:attachment":[{"href":"https:\/\/radiorevelacionfm.cl\/index.php?rest_route=%2Fwp%2Fv2%2Fmedia&parent=26330"}],"wp:term":[{"taxonomy":"category","embeddable":true,"href":"https:\/\/radiorevelacionfm.cl\/index.php?rest_route=%2Fwp%2Fv2%2Fcategories&post=26330"},{"taxonomy":"post_tag","embeddable":true,"href":"https:\/\/radiorevelacionfm.cl\/index.php?rest_route=%2Fwp%2Fv2%2Ftags&post=26330"}],"curies":[{"name":"wp","href":"https:\/\/api.w.org\/{rel}","templated":true}]}}