{"id":2633,"date":"2021-02-16T09:58:50","date_gmt":"2021-02-16T12:58:50","guid":{"rendered":"https:\/\/radiorevelacionfm.cl\/?p=2633"},"modified":"2021-02-16T09:58:50","modified_gmt":"2021-02-16T12:58:50","slug":"desde-el-15-al-28-de-febrero-estaran-abiertas-postulaciones-al-nuevo-subsidio-protege","status":"publish","type":"post","link":"https:\/\/radiorevelacionfm.cl\/?p=2633","title":{"rendered":"Desde el 15 al 28 de febrero estar\u00e1n abiertas postulaciones al nuevo Subsidio Protege"},"content":{"rendered":"<div class=\"flex_column av_one_full  flex_column_div av-zero-column-padding first  avia-builder-el-0  el_before_av_one_full  avia-builder-el-first  \" style='border-radius:0px; '><div  class='avia-image-container  av-styling-    avia-builder-el-1  avia-builder-el-no-sibling  avia-align-center '  itemprop=\"image\" itemscope=\"itemscope\" itemtype=\"https:\/\/schema.org\/ImageObject\"  ><div class='avia-image-container-inner'><div class='avia-image-overlay-wrap'><img decoding=\"async\" class='wp-image-0 avia-img-lazy-loading-not-0 avia_image' src=\"https:\/\/radiorevelacionfm.cl\/wp-content\/uploads\/2021\/02\/billetes.1-1.jpg\" alt='' title=''   itemprop=\"thumbnailUrl\"  \/><\/div><\/div><\/div><\/div><div class=\"flex_column av_one_full  flex_column_div av-zero-column-padding first  avia-builder-el-2  el_after_av_one_full  el_before_av_one_full  column-top-margin\" style='border-radius:0px; '><section class=\"av_textblock_section \"  itemscope=\"itemscope\" itemtype=\"https:\/\/schema.org\/BlogPosting\" itemprop=\"blogPost\" ><div class='avia_textblock  '   itemprop=\"text\" ><p style=\"text-align: center;\"><strong><span style=\"font-size: 18pt;\">Desde el 15 al 28 de febrero estar\u00e1n abiertas postulaciones al nuevo Subsidio Protege <\/span><\/strong><\/p>\n<div id=\"gtx-trans\" style=\"position: absolute; left: -50px; top: 4.31534px;\">\n<div class=\"gtx-trans-icon\"><\/div>\n<\/div>\n<\/div><\/section><\/div><div class=\"flex_column av_one_full  flex_column_div av-zero-column-padding first  avia-builder-el-4  el_after_av_one_full  el_before_av_hr  column-top-margin\" style='border-radius:0px; '><section class=\"av_textblock_section \"  itemscope=\"itemscope\" itemtype=\"https:\/\/schema.org\/BlogPosting\" itemprop=\"blogPost\" ><div class='avia_textblock  '   itemprop=\"text\" ><p style=\"font-weight: 400; text-align: justify;\">Este nuevo apoyo del Ministerio del Trabajo y Previsi\u00f3n Social y que ejecutar\u00e1 Sence, est\u00e1 enfocado en entregar un subsidio para madres, padres y cuidadores\/as de ni\u00f1os\/as menores de 2 a\u00f1os.<\/p>\n<p style=\"font-weight: 400; text-align: justify;\">Las postulaciones al nuevo Subsidio Protege, una nueva l\u00ednea del Programa Subsidio Al Empleo, ya est\u00e1n abiertas. Se trata de un subsidio del Ministerio de Trabajo y Previsi\u00f3n Social junto al Ministerio de Hacienda y que ejecuta el Servicio Nacional de Capacitaci\u00f3n y Empleo, Sence, para apoyar a madres, padres y cuidadores\/as de ni\u00f1os menores a 2 a\u00f1os.<\/p>\n<p style=\"font-weight: 400; text-align: justify;\">As\u00ed lo expres\u00f3 Andrea Ponce, Seremi de Trabajo y Previsi\u00f3n Social, \u00abEstamos muy contentos, ya abrieron las postulaciones al Subsidio Protege, un impulso al empleo femenino, que busca precisamente apoyar sobre todo a las trabajadoras, dependientes e independientes, que tienen hijos muy peque\u00f1os y que esta pandemia las ha afectado enormemente. Este es un apoyo de $200 mil pesos mensuales, que va en directo beneficio para aquellas madres, padres y para quienes tengan judicialmente los cuidados de un ni\u00f1o o ni\u00f1a menor a dos a\u00f1os y que no tenga acceso a una sala cuna, ya que el lugar donde trabaja no cumple con el requisito legal de tener 20 trabajadoras. Como Gobierno del Presidente Sebasti\u00e1n Pi\u00f1era, estamos comprometidos con recuperar el empleo y prueba de ello es que en nuestra Regi\u00f3n de Ays\u00e9n al 12 de febrero ya hay\u00a01.436 nuevos contratados y 195 trabajadores que ya han regresado a sus labores gracias al Subsidio Al Empleo. Las y los invitamos a informarse y postular en la p\u00e1gina\u00a0<a href=\"http:\/\/www.subsidioalempleo.cl\/\">www.subsidioalempleo.cl<\/a>\u00ab.<\/p>\n<p style=\"font-weight: 400; text-align: justify;\">Uno de los grupos m\u00e1s afectados en Chile por los efectos de la pandemia del coronavirus han sido las mujeres. B\u00e1rbara Ort\u00fazar, Seremi de la Mujer y la Equidad de G\u00e9nero afirm\u00f3 \u00abUn pilar fundamental de la Agenda Mujer del Presidente Pi\u00f1era es potenciar la autonom\u00eda econ\u00f3mica femenina, y es en esta senda que se crea el Subsidio Protege, que viene a apoyar a las mujeres que tienen a cargo el cuidado de ni\u00f1as y ni\u00f1os menores de 2 a\u00f1os. Es por eso, que junto a la Seremi del Trabajo y la Directora de Sence, hacemos un llamado a todas las mujeres, madres trabajadoras, para que postulen a este beneficio que sabemos que ser\u00e1 un apoyo fundamental para muchas de ellas, algunas, jefas y pilares econ\u00f3micos familiares y, en suma, todas motores de nuestra sociedad y econom\u00eda, \u00e1rea que ha sido tan golpeada por esta crisis sanitaria\u00bb, mencion\u00f3<\/p>\n<p style=\"font-weight: 400; text-align: justify;\"><strong><u>Postulaciones en l\u00ednea hasta el 28 de febrero<\/u><\/strong><\/p>\n<p style=\"font-weight: 400; text-align: justify;\">Las postulaciones acaban de comenzar su primer periodo, el cual finalizar\u00e1 el 28 de febrero 2021. La Directora Regional de Sence, Katherine Kingma, detall\u00f3 la forma de postular, \u00abHoy lunes 15 de febrero, estamos muy contentos de poder contar a la comunidad, que se abre la postulaci\u00f3n al nuevo Subsidio al Empleo, el Subsidio Protege, es una l\u00ednea de apoyo impulsada por el Ministerio del Trabajo y Previsi\u00f3n Social, el Ministerio de Hacienda y lo administraremos nosotros como SENCE y, que busca b\u00e1sicamente apoyar el empleo de miles de mujeres brindando un beneficio de dinero mensual de $200.000.- para el cuidado de menores de dos a\u00f1os, se entrega directamente a la trabajadora o al trabajador, ya sea dependiente o independiente, por cada menor de dos a\u00f1os que tenga a su cuidado. Las postulaciones se har\u00e1n de manera online, a trav\u00e9s del sitio web\u00a0<a href=\"http:\/\/www.subsidioalempleo.cl\/\">www.subsidioalempleo.cl<\/a>\u00a0all\u00ed tambi\u00e9n est\u00e1 toda la informaci\u00f3n muy clara para que la puedan revisar\u00bb.<\/p>\n<p style=\"font-weight: 400; text-align: justify;\">Entre los requisitos est\u00e1 que si es trabajador dependiente debe tener 4 cotizaciones dentro de 12 meses, siempre que la cotizaci\u00f3n del mes anterior al de la postulaci\u00f3n se encuentre declarada y pagadas. Si es independiente, debe haber cotizado en la operaci\u00f3n renta 2020. El subsidio se pagar\u00e1 un mes despu\u00e9s de ser concedido, en la cuenta bancaria personal que indique \u00e9l o la beneficiaria. Por ejemplo, si la postulaci\u00f3n se realiza y confirma en febrero, el primer pago se har\u00e1 en marzo de 2021.<\/p>\n<p style=\"font-weight: 400; text-align: justify;\">Cabe mencionar que el Subsidio Protege es compatible con otros beneficios sociales del Estado, tales como el Subsidio al Empleo, en sus dos l\u00edneas Regresa y Contrata; personas acogidas a reducci\u00f3n de Jornada laboral por la ley de Protecci\u00f3n del Empleo; personas que reciben Ingreso Familiar de Emergencia (IFE), Subsidio al Empleo Joven (SEJ) y Bono Trabajo Mujer (BTM).<\/p>\n<\/div><\/section><\/div><div  style='height:50px' class='hr hr-invisible   avia-builder-el-6  el_after_av_one_full  el_before_av_social_share '><span class='hr-inner ' ><span class='hr-inner-style'><\/span><\/span><\/div><\/p>\n<div  class='av-social-sharing-box  avia-builder-el-7  el_after_av_hr  el_before_av_hr  '><div class='av-share-box'><h5 class='av-share-link-description av-no-toc '>Compartir esta noticia<\/h5><ul class='av-share-box-list noLightbox'><li class='av-share-link av-social-link-facebook' ><a target=\"_blank\" aria-label=\"Compartir en Facebook\" href='https:\/\/www.facebook.com\/sharer.php?u=https:\/\/radiorevelacionfm.cl\/?p=2633&#038;t=Desde%20el%2015%20al%2028%20de%20febrero%20estar%C3%A1n%20abiertas%20postulaciones%20al%20nuevo%20Subsidio%20Protege' aria-hidden='false' data-av_icon='\ue8f3' data-av_iconfont='entypo-fontello' title='' data-avia-related-tooltip='Compartir en Facebook' rel=\"noopener\"><span class='avia_hidden_link_text'>Compartir en Facebook<\/span><\/a><\/li><li class='av-share-link av-social-link-twitter' ><a target=\"_blank\" aria-label=\"Compartir en Twitter\" href='https:\/\/twitter.com\/share?text=Desde%20el%2015%20al%2028%20de%20febrero%20estar%C3%A1n%20abiertas%20postulaciones%20al%20nuevo%20Subsidio%20Protege&#038;url=https:\/\/radiorevelacionfm.cl\/?p=2633' aria-hidden='false' data-av_icon='\ue8f1' data-av_iconfont='entypo-fontello' title='' data-avia-related-tooltip='Compartir en Twitter' rel=\"noopener\"><span class='avia_hidden_link_text'>Compartir en Twitter<\/span><\/a><\/li><li class='av-share-link av-social-link-whatsapp' ><a target=\"_blank\" aria-label=\"Compartir en Whatsapp\" href='https:\/\/api.whatsapp.com\/send?text=https:\/\/radiorevelacionfm.cl\/?p=2633' aria-hidden='false' data-av_icon='\uf232' data-av_iconfont='entypo-fontello' title='' data-avia-related-tooltip='Compartir en Whatsapp' rel=\"noopener\"><span class='avia_hidden_link_text'>Compartir en Whatsapp<\/span><\/a><\/li><li class='av-share-link av-social-link-linkedin' ><a target=\"_blank\" aria-label=\"Compartir en LinkedIn\" href='https:\/\/linkedin.com\/shareArticle?mini=true&#038;title=Desde%20el%2015%20al%2028%20de%20febrero%20estar%C3%A1n%20abiertas%20postulaciones%20al%20nuevo%20Subsidio%20Protege&#038;url=https:\/\/radiorevelacionfm.cl\/?p=2633' aria-hidden='false' data-av_icon='\ue8fc' data-av_iconfont='entypo-fontello' title='' data-avia-related-tooltip='Compartir en LinkedIn' rel=\"noopener\"><span class='avia_hidden_link_text'>Compartir en LinkedIn<\/span><\/a><\/li><li class='av-share-link av-social-link-mail' ><a  aria-label=\"Compartir por correo\" href='mailto:?subject=Desde%20el%2015%20al%2028%20de%20febrero%20estar%C3%A1n%20abiertas%20postulaciones%20al%20nuevo%20Subsidio%20Protege&#038;body=https:\/\/radiorevelacionfm.cl\/?p=2633' aria-hidden='false' data-av_icon='\ue805' data-av_iconfont='entypo-fontello' title='' data-avia-related-tooltip='Compartir por correo'><span class='avia_hidden_link_text'>Compartir por correo<\/span><\/a><\/li><\/ul><\/div><\/div>\n<div  style='height:50px' class='hr hr-invisible   avia-builder-el-8  el_after_av_social_share  el_before_av_comments_list '><span class='hr-inner ' ><span class='hr-inner-style'><\/span><\/span><\/div>\n<div  class='av-buildercomment  av-blog-meta-html-info-disabled av-blog-meta-tag-disabled  '><\/div>\n","protected":false},"excerpt":{"rendered":"","protected":false},"author":1,"featured_media":0,"comment_status":"open","ping_status":"open","sticky":false,"template":"","format":"standard","meta":{"footnotes":""},"categories":[56],"tags":[],"class_list":["post-2633","post","type-post","status-publish","format-standard","hentry","category-trabajo"],"jetpack_featured_media_url":"","_links":{"self":[{"href":"https:\/\/radiorevelacionfm.cl\/index.php?rest_route=\/wp\/v2\/posts\/2633","targetHints":{"allow":["GET"]}}],"collection":[{"href":"https:\/\/radiorevelacionfm.cl\/index.php?rest_route=\/wp\/v2\/posts"}],"about":[{"href":"https:\/\/radiorevelacionfm.cl\/index.php?rest_route=\/wp\/v2\/types\/post"}],"author":[{"embeddable":true,"href":"https:\/\/radiorevelacionfm.cl\/index.php?rest_route=\/wp\/v2\/users\/1"}],"replies":[{"embeddable":true,"href":"https:\/\/radiorevelacionfm.cl\/index.php?rest_route=%2Fwp%2Fv2%2Fcomments&post=2633"}],"version-history":[{"count":2,"href":"https:\/\/radiorevelacionfm.cl\/index.php?rest_route=\/wp\/v2\/posts\/2633\/revisions"}],"predecessor-version":[{"id":2647,"href":"https:\/\/radiorevelacionfm.cl\/index.php?rest_route=\/wp\/v2\/posts\/2633\/revisions\/2647"}],"wp:attachment":[{"href":"https:\/\/radiorevelacionfm.cl\/index.php?rest_route=%2Fwp%2Fv2%2Fmedia&parent=2633"}],"wp:term":[{"taxonomy":"category","embeddable":true,"href":"https:\/\/radiorevelacionfm.cl\/index.php?rest_route=%2Fwp%2Fv2%2Fcategories&post=2633"},{"taxonomy":"post_tag","embeddable":true,"href":"https:\/\/radiorevelacionfm.cl\/index.php?rest_route=%2Fwp%2Fv2%2Ftags&post=2633"}],"curies":[{"name":"wp","href":"https:\/\/api.w.org\/{rel}","templated":true}]}}