{"id":26327,"date":"2023-01-06T19:27:10","date_gmt":"2023-01-06T22:27:10","guid":{"rendered":"https:\/\/radiorevelacionfm.cl\/?p=26327"},"modified":"2023-01-06T19:27:10","modified_gmt":"2023-01-06T22:27:10","slug":"autoridades-regionales-se-reunieron-con-estudiantes-que-obtuvieron-distincion-a-la-trayectoria-educativa-paes","status":"publish","type":"post","link":"https:\/\/radiorevelacionfm.cl\/?p=26327","title":{"rendered":"Autoridades regionales se reunieron con estudiantes que obtuvieron Distinci\u00f3n a la Trayectoria Educativa PAES"},"content":{"rendered":"<div class=\"flex_column av_one_full  flex_column_div av-zero-column-padding first  avia-builder-el-0  el_before_av_one_full  avia-builder-el-first  \" style='border-radius:0px; '><div  class='avia-image-container  av-styling-    avia-builder-el-1  avia-builder-el-no-sibling  avia-align-center '  itemprop=\"image\" itemscope=\"itemscope\" itemtype=\"https:\/\/schema.org\/ImageObject\"  ><div class='avia-image-container-inner'><div class='avia-image-overlay-wrap'><img decoding=\"async\" class='wp-image-26328 avia-img-lazy-loading-not-26328 avia_image' src=\"https:\/\/radiorevelacionfm.cl\/wp-content\/uploads\/2023\/01\/desayuno-estudiantes-dte-13-1_optimized.jpg\" alt='' title='desayuno-estudiantes-dte-13-(1)_optimized' height=\"600\" width=\"800\"  itemprop=\"thumbnailUrl\" srcset=\"https:\/\/radiorevelacionfm.cl\/wp-content\/uploads\/2023\/01\/desayuno-estudiantes-dte-13-1_optimized.jpg 800w, https:\/\/radiorevelacionfm.cl\/wp-content\/uploads\/2023\/01\/desayuno-estudiantes-dte-13-1_optimized-300x225.jpg 300w, https:\/\/radiorevelacionfm.cl\/wp-content\/uploads\/2023\/01\/desayuno-estudiantes-dte-13-1_optimized-768x576.jpg 768w, https:\/\/radiorevelacionfm.cl\/wp-content\/uploads\/2023\/01\/desayuno-estudiantes-dte-13-1_optimized-705x529.jpg 705w, https:\/\/radiorevelacionfm.cl\/wp-content\/uploads\/2023\/01\/desayuno-estudiantes-dte-13-1_optimized-600x450.jpg 600w\" sizes=\"(max-width: 800px) 100vw, 800px\" \/><\/div><\/div><\/div><\/div><div class=\"flex_column av_one_full  flex_column_div av-zero-column-padding first  avia-builder-el-2  el_after_av_one_full  el_before_av_one_full  column-top-margin\" style='border-radius:0px; '><section class=\"av_textblock_section \"  itemscope=\"itemscope\" itemtype=\"https:\/\/schema.org\/BlogPosting\" itemprop=\"blogPost\" ><div class='avia_textblock  '   itemprop=\"text\" ><p style=\"text-align: center;\"><span style=\"font-size: 18pt;\"><b><span lang=\"ES\">Autoridades regionales se reunieron con estudiantes que obtuvieron Distinci\u00f3n a la Trayectoria Educativa PAES<\/span><\/b><\/span><\/p>\n<div id=\"gtx-trans\" style=\"position: absolute; left: -50px; top: 4.31534px;\">\n<div class=\"gtx-trans-icon\"><\/div>\n<\/div>\n<\/div><\/section><\/div><div class=\"flex_column av_one_full  flex_column_div av-zero-column-padding first  avia-builder-el-4  el_after_av_one_full  el_before_av_hr  column-top-margin\" style='border-radius:0px; '><section class=\"av_textblock_section \"  itemscope=\"itemscope\" itemtype=\"https:\/\/schema.org\/BlogPosting\" itemprop=\"blogPost\" ><div class='avia_textblock  '   itemprop=\"text\" ><p class=\"v1MsoNormal\" style=\"text-align: justify;\"><span lang=\"ES\">Esta ma\u00f1ana en el sal\u00f3n de la Delegaci\u00f3n Presidencial de Ays\u00e9n la Gobernadora Regional Andrea Mac\u00edas Palma, el Delegado Presidencial Regional Rodrigo Araya Morales, y la Seremi de Educaci\u00f3n Isabel Garrido Casassa compartieron un distendido desayuno con siete egresados de IV Medio que obtuvieron Distinci\u00f3n a la Trayectoria Educativa\u00a0 en la Prueba de Acceso a la Educaci\u00f3n Superior PAES.<\/span><\/p>\n<p class=\"v1MsoNormal\" style=\"text-align: justify;\"><span lang=\"ES\">Al encuentro asistieron Agust\u00edn Rosas D\u00edaz, Javiera Maldonado Valdebenito del Liceo San Felipe Benicio de Coyhaique; Antonia Varona Ojeda, Renato Chiguay Villegas y Celeste Garc\u00e9s Rojas del Liceo San Jos\u00e9 UR de Puerto Ays\u00e9n; Emilia Mansilla Aguilera del Colegio Alianza Austral de Coyhaique, e Iv\u00e1n Olavarr\u00eda Asencio del Colegio Alborada de Coyhaique.<\/span><\/p>\n<p class=\"v1MsoNormal\" style=\"text-align: justify;\"><span lang=\"ES\">Las Distinciones a las Trayectorias Educativas establecidas este a\u00f1o modifican el modo en que el m\u00e9rito ha sido entendido en nuestro sistema de admisi\u00f3n, reconociendo las distintas trayectorias educativas que debe recorrer nuestro estudiantado para participar del sistema de admisi\u00f3n. As\u00ed se cambi\u00f3 el foco del reconocimiento, pasando de primero mirar el puntaje y luego a la persona, a mirar primero a la persona y despu\u00e9s su puntaje. Adem\u00e1s, hemos asegurado el reconocimiento igualitario de mujeres y hombres.<\/span><\/p>\n<p class=\"v1MsoNormal\" style=\"text-align: justify;\"><span lang=\"ES\">Durante la conversaci\u00f3n las autoridades felicitaron a cada uno de los estudiantes y reconocieron la trayectoria educativa que los llev\u00f3 a obtener un destacado resultado en la Prueba de Acceso a la Educaci\u00f3n PAES que debut\u00f3 este a\u00f1o para\u00a0<\/span>mejorar el proceso de admisi\u00f3n alineando el curr\u00edculum nacional con las habilidades basales de las distintas \u00e1reas que son evaluadas por este sistema de admisi\u00f3n.<\/p>\n<p class=\"v1MsoNormal\" style=\"text-align: justify;\">La Gobernadora Andrea Mac\u00edas en sus palabras felicit\u00f3 a los estudiantes y los invit\u00f3 a aportar al desarrollo de la regi\u00f3n como futuros profesionales. \u201cLa Regi\u00f3n de Ays\u00e9n necesita a sus estudiantes, a sus profesionales, capital humano para salir del discurso y volver a la pr\u00e1ctica para avanzar en mayores niveles de desarrollo en todos los territorios. Por ello les he pedido hoy a las y los j\u00f3venes que no olviden su origen de donde vienen y que cuando sean profesionales sirvan con su trabajo profesional a su tierra y a su gente\u201d.<\/p>\n<p class=\"v1MsoNormal\" style=\"text-align: justify;\">El Delegado Presidencial Rodrigo Araya manifest\u00f3 que \u201cPara el Gobierno del Presidente Gabriel Boric realizar este hito, este desayuno de reconocimiento tiene mucho sentido. Ha sido muy grato compartir con estas y estos j\u00f3venes que rindieron la Prueba de Acceso a la Educaci\u00f3n Superior PAES que debuta este a\u00f1o y que trae mejoras en la l\u00ednea de evolucionar en el tema educativo,\u00a0 valorando el desempe\u00f1o de competencias del y la estudiante antes que establecer comparaci\u00f3n entre pares. Hoy estamos reconociendo las trayectorias educativas de cada una de ellas y ellos, y no solo el hecho de que hayan obtenido puntajes altos\u201d.<\/p>\n<p class=\"v1MsoNormal\" style=\"text-align: justify;\">En esa misma l\u00ednea, la Seremi de Educaci\u00f3n Isabel Garrido se\u00f1al\u00f3 que \u201cUno de los ejes de nuestro programa de gobierno es la justicia educativa y la PAES tiene importantes cambios que sin duda apuntan a ese fin. Se enfoca en las habilidades, en el saber hacer m\u00e1s que en los contenidos que en algunos casos tienen que ver con la memorizaci\u00f3n de datos. Hoy sabemos que las habilidades est\u00e1n mucho mejor distribuidas en la poblaci\u00f3n y eso permite avanzar en equidad educativa. Tambi\u00e9n hemos querido cambiar la forma en la que se entiende el m\u00e9rito. Antes se pon\u00eda primero al puntaje y luego a la persona y hoy ponemos de relieve a la persona antes que al puntaje y as\u00ed surgen las Distinciones a la Trayectoria Educativa que destacan a estudiantes, de distintos territorios, distintas realidades y contextos educativos, de distintos tipos de establecimientos educacionales. Hoy hemos conversado con estos siete j\u00f3venes sobre el m\u00e9rito, sobre el valor de las pruebas estandarizadas. Estamos frente a personas que son y ser\u00e1n un gran aporte a la regi\u00f3n\u201d.<\/p>\n<p class=\"v1MsoNormal\" style=\"text-align: justify;\">Agust\u00edn Rosas D\u00edaz, egresado del Liceo San Felipe Benicio de Coyhaique\u00a0<span lang=\"ES\">obtuvo la Distinci\u00f3n a las Trayectorias Educativas en la categor\u00eda de Territorios en la Prueba de Acceso a la Educaci\u00f3n Superior de Historia y Ciencias Sociales y ha decidido estudiar la carrera de Derecho.<\/span><\/p>\n<p class=\"v1MsoNormal\" style=\"text-align: justify;\"><span lang=\"ES\">\u201cAgradecido por la invitaci\u00f3n y estoy agradecido a los profesores de mi colegio, ya que ellos fueron fundamentales en la motivaci\u00f3n que me entregaron para estudiar y lograr este puntaje y esta distinci\u00f3n a la trayectoria educativa\u201d.<\/span><\/p>\n<p class=\"v1MsoNormal\" style=\"text-align: justify;\"><span lang=\"ES\">Antonia Varona egresada del Liceo San Jos\u00e9 UR de Puerto Ays\u00e9n obtuvo la Distinci\u00f3n a las Trayectorias Educativas en la categor\u00eda de Territorios en la Prueba de Acceso a la Educaci\u00f3n Superior de Historia y Ciencias Sociales ha decidido estudiar Derecho.<\/span><\/p>\n<p class=\"v1MsoNormal\" style=\"text-align: justify;\"><span lang=\"ES\">\u201cAc\u00e1 lo que prima es un sentimiento de autorrealizaci\u00f3n,\u00a0 porque todos tuvimos un arduo proceso de preparaci\u00f3n, no fue f\u00e1cil;\u00a0 muchas veces nos frustramos, ca\u00edmos y tuvimos que levantamos. Tuvimos una preparaci\u00f3n exhaustiva precisamente porque quer\u00edamos un logro, un reconocimiento, para hacer saber que independiente de las condiciones desfavorables a las que nos enfrentemos tambi\u00e9n se puede salir adelante\u201d.<\/span><\/p>\n<p class=\"v1MsoNormal\" style=\"text-align: justify;\">Los resultados de las postulaciones a las universidades ser\u00e1n publicados el 17 de enero a las 12:00 horas, a partir de lo cual se realizar\u00e1 el primer per\u00edodo de matr\u00edcula entre el 18 y 20 de enero, luego el segundo per\u00edodo de matr\u00edcula entre el 21 y 27 de enero.<\/p>\n<\/div><\/section><\/div><div  style='height:50px' class='hr hr-invisible   avia-builder-el-6  el_after_av_one_full  el_before_av_social_share '><span class='hr-inner ' ><span class='hr-inner-style'><\/span><\/span><\/div><\/p>\n<div  class='av-social-sharing-box  avia-builder-el-7  el_after_av_hr  el_before_av_hr  '><div class='av-share-box'><h5 class='av-share-link-description av-no-toc '>Compartir esta noticia<\/h5><ul class='av-share-box-list noLightbox'><li class='av-share-link av-social-link-facebook' ><a target=\"_blank\" aria-label=\"Compartir en Facebook\" href='https:\/\/www.facebook.com\/sharer.php?u=https:\/\/radiorevelacionfm.cl\/?p=26327&#038;t=Autoridades%20regionales%20se%20reunieron%20con%20estudiantes%20que%20obtuvieron%20Distinci%C3%B3n%20a%20la%20Trayectoria%20Educativa%20PAES' aria-hidden='false' data-av_icon='\ue8f3' data-av_iconfont='entypo-fontello' title='' data-avia-related-tooltip='Compartir en Facebook' rel=\"noopener\"><span class='avia_hidden_link_text'>Compartir en Facebook<\/span><\/a><\/li><li class='av-share-link av-social-link-twitter' ><a target=\"_blank\" aria-label=\"Compartir en Twitter\" href='https:\/\/twitter.com\/share?text=Autoridades%20regionales%20se%20reunieron%20con%20estudiantes%20que%20obtuvieron%20Distinci%C3%B3n%20a%20la%20Trayectoria%20Educativa%20PAES&#038;url=https:\/\/radiorevelacionfm.cl\/?p=26327' aria-hidden='false' data-av_icon='\ue8f1' data-av_iconfont='entypo-fontello' title='' data-avia-related-tooltip='Compartir en Twitter' rel=\"noopener\"><span class='avia_hidden_link_text'>Compartir en Twitter<\/span><\/a><\/li><li class='av-share-link av-social-link-whatsapp' ><a target=\"_blank\" aria-label=\"Compartir en Whatsapp\" href='https:\/\/api.whatsapp.com\/send?text=https:\/\/radiorevelacionfm.cl\/?p=26327' aria-hidden='false' data-av_icon='\uf232' data-av_iconfont='entypo-fontello' title='' data-avia-related-tooltip='Compartir en Whatsapp' rel=\"noopener\"><span class='avia_hidden_link_text'>Compartir en Whatsapp<\/span><\/a><\/li><li class='av-share-link av-social-link-linkedin' ><a target=\"_blank\" aria-label=\"Compartir en LinkedIn\" href='https:\/\/linkedin.com\/shareArticle?mini=true&#038;title=Autoridades%20regionales%20se%20reunieron%20con%20estudiantes%20que%20obtuvieron%20Distinci%C3%B3n%20a%20la%20Trayectoria%20Educativa%20PAES&#038;url=https:\/\/radiorevelacionfm.cl\/?p=26327' aria-hidden='false' data-av_icon='\ue8fc' data-av_iconfont='entypo-fontello' title='' data-avia-related-tooltip='Compartir en LinkedIn' rel=\"noopener\"><span class='avia_hidden_link_text'>Compartir en LinkedIn<\/span><\/a><\/li><li class='av-share-link av-social-link-mail' ><a  aria-label=\"Compartir por correo\" href='mailto:?subject=Autoridades%20regionales%20se%20reunieron%20con%20estudiantes%20que%20obtuvieron%20Distinci%C3%B3n%20a%20la%20Trayectoria%20Educativa%20PAES&#038;body=https:\/\/radiorevelacionfm.cl\/?p=26327' aria-hidden='false' data-av_icon='\ue805' data-av_iconfont='entypo-fontello' title='' data-avia-related-tooltip='Compartir por correo'><span class='avia_hidden_link_text'>Compartir por correo<\/span><\/a><\/li><\/ul><\/div><\/div>\n<div  style='height:50px' class='hr hr-invisible   avia-builder-el-8  el_after_av_social_share  el_before_av_comments_list '><span class='hr-inner ' ><span class='hr-inner-style'><\/span><\/span><\/div>\n<div  class='av-buildercomment  av-blog-meta-html-info-disabled av-blog-meta-tag-disabled  '><\/div>\n","protected":false},"excerpt":{"rendered":"","protected":false},"author":1,"featured_media":26328,"comment_status":"open","ping_status":"open","sticky":false,"template":"","format":"standard","meta":{"footnotes":""},"categories":[49],"tags":[],"class_list":["post-26327","post","type-post","status-publish","format-standard","has-post-thumbnail","hentry","category-educacion"],"jetpack_featured_media_url":"https:\/\/radiorevelacionfm.cl\/wp-content\/uploads\/2023\/01\/desayuno-estudiantes-dte-13-1_optimized.jpg","_links":{"self":[{"href":"https:\/\/radiorevelacionfm.cl\/index.php?rest_route=\/wp\/v2\/posts\/26327","targetHints":{"allow":["GET"]}}],"collection":[{"href":"https:\/\/radiorevelacionfm.cl\/index.php?rest_route=\/wp\/v2\/posts"}],"about":[{"href":"https:\/\/radiorevelacionfm.cl\/index.php?rest_route=\/wp\/v2\/types\/post"}],"author":[{"embeddable":true,"href":"https:\/\/radiorevelacionfm.cl\/index.php?rest_route=\/wp\/v2\/users\/1"}],"replies":[{"embeddable":true,"href":"https:\/\/radiorevelacionfm.cl\/index.php?rest_route=%2Fwp%2Fv2%2Fcomments&post=26327"}],"version-history":[{"count":2,"href":"https:\/\/radiorevelacionfm.cl\/index.php?rest_route=\/wp\/v2\/posts\/26327\/revisions"}],"predecessor-version":[{"id":26346,"href":"https:\/\/radiorevelacionfm.cl\/index.php?rest_route=\/wp\/v2\/posts\/26327\/revisions\/26346"}],"wp:featuredmedia":[{"embeddable":true,"href":"https:\/\/radiorevelacionfm.cl\/index.php?rest_route=\/wp\/v2\/media\/26328"}],"wp:attachment":[{"href":"https:\/\/radiorevelacionfm.cl\/index.php?rest_route=%2Fwp%2Fv2%2Fmedia&parent=26327"}],"wp:term":[{"taxonomy":"category","embeddable":true,"href":"https:\/\/radiorevelacionfm.cl\/index.php?rest_route=%2Fwp%2Fv2%2Fcategories&post=26327"},{"taxonomy":"post_tag","embeddable":true,"href":"https:\/\/radiorevelacionfm.cl\/index.php?rest_route=%2Fwp%2Fv2%2Ftags&post=26327"}],"curies":[{"name":"wp","href":"https:\/\/api.w.org\/{rel}","templated":true}]}}