{"id":26323,"date":"2023-01-06T17:08:57","date_gmt":"2023-01-06T20:08:57","guid":{"rendered":"https:\/\/radiorevelacionfm.cl\/?p=26323"},"modified":"2023-01-06T17:08:57","modified_gmt":"2023-01-06T20:08:57","slug":"ciclista-coyhaiquina-gabriela-alarcon-busca-representar-a-chile-en-los-parapanamericanos-santiago-2023","status":"publish","type":"post","link":"https:\/\/radiorevelacionfm.cl\/?p=26323","title":{"rendered":"Ciclista coyhaiquina Gabriela Alarc\u00f3n busca representar a Chile en los ParaPanamericanos Santiago 2023"},"content":{"rendered":"<div class=\"flex_column av_one_full  flex_column_div av-zero-column-padding first  avia-builder-el-0  el_before_av_one_full  avia-builder-el-first  \" style='border-radius:0px; '><div  class='avia-image-container  av-styling-    avia-builder-el-1  avia-builder-el-no-sibling  avia-align-center '  itemprop=\"image\" itemscope=\"itemscope\" itemtype=\"https:\/\/schema.org\/ImageObject\"  ><div class='avia-image-container-inner'><div class='avia-image-overlay-wrap'><img decoding=\"async\" class='wp-image-26324 avia-img-lazy-loading-not-26324 avia_image' src=\"https:\/\/radiorevelacionfm.cl\/wp-content\/uploads\/2023\/01\/cicli-ok-1-1.jpg\" alt='' title='cicli ok (1) (1)' height=\"600\" width=\"948\"  itemprop=\"thumbnailUrl\" srcset=\"https:\/\/radiorevelacionfm.cl\/wp-content\/uploads\/2023\/01\/cicli-ok-1-1.jpg 948w, https:\/\/radiorevelacionfm.cl\/wp-content\/uploads\/2023\/01\/cicli-ok-1-1-300x190.jpg 300w, https:\/\/radiorevelacionfm.cl\/wp-content\/uploads\/2023\/01\/cicli-ok-1-1-768x486.jpg 768w, https:\/\/radiorevelacionfm.cl\/wp-content\/uploads\/2023\/01\/cicli-ok-1-1-705x446.jpg 705w, https:\/\/radiorevelacionfm.cl\/wp-content\/uploads\/2023\/01\/cicli-ok-1-1-600x380.jpg 600w\" sizes=\"(max-width: 948px) 100vw, 948px\" \/><\/div><\/div><\/div><\/div><div class=\"flex_column av_one_full  flex_column_div av-zero-column-padding first  avia-builder-el-2  el_after_av_one_full  el_before_av_one_full  column-top-margin\" style='border-radius:0px; '><section class=\"av_textblock_section \"  itemscope=\"itemscope\" itemtype=\"https:\/\/schema.org\/BlogPosting\" itemprop=\"blogPost\" ><div class='avia_textblock  '   itemprop=\"text\" ><p style=\"text-align: center;\"><span style=\"font-size: 18pt;\"><b>Ciclista coyhaiquina Gabriela Alarc\u00f3n busca representar a Chile en los ParaPanamericanos Santiago 2023<\/b><\/span><\/p>\n<div id=\"gtx-trans\" style=\"position: absolute; left: -50px; top: 4.31534px;\">\n<div class=\"gtx-trans-icon\"><\/div>\n<\/div>\n<\/div><\/section><\/div><div class=\"flex_column av_one_full  flex_column_div av-zero-column-padding first  avia-builder-el-4  el_after_av_one_full  el_before_av_hr  column-top-margin\" style='border-radius:0px; '><section class=\"av_textblock_section \"  itemscope=\"itemscope\" itemtype=\"https:\/\/schema.org\/BlogPosting\" itemprop=\"blogPost\" ><div class='avia_textblock  '   itemprop=\"text\" ><p class=\"v1MsoNormal\" style=\"text-align: justify;\">Hace unas semana nos reunimos con Gabriela Alarc\u00f3n Medina y con su mam\u00e1 Adriana Medina en las oficinas del Instituto Nacional de Deportes en Coyhaique instancia en que la Seremi de Deportes Mar\u00eda Eugenia Dur\u00e1n Jara junto al director regional del IND Jos\u00e9 Manuel Sep\u00falveda hicieron entrega de material e indumentaria deportiva a la talentosa deportista regional, adem\u00e1s de confirmarle que nuevamente\u00a0formar\u00eda parte este 2023 del Programa Promesas Chile permiti\u00e9ndole seguir recibiendo el apoyo del IND y Mindep Ays\u00e9n.<\/p>\n<p class=\"v1MsoNormal\" style=\"text-align: justify;\"><b>\u00bfA qu\u00e9 edad comenzaste en el ciclismo?<\/b><\/p>\n<p class=\"v1MsoNormal\" style=\"text-align: justify;\">Mis comienzos en el ciclismo de ruta fueron a los 12 a\u00f1os y antes de eso hac\u00eda ciclismo de forma recreativa.<\/p>\n<p class=\"v1MsoNormal\" style=\"text-align: justify;\"><b>\u00bfT\u00fa primer entrenador?<\/b><\/p>\n<p class=\"v1MsoNormal\" style=\"text-align: justify;\">Mi primer entrenador fue Alejandro Furrianca, \u00e9l fue mi entrenador de formaci\u00f3n y el primer entrenador que me sac\u00f3 campeona nacional. Entren\u00e1bamos mucho, siempre fui muy disciplinada, tengo muy buenos recuerdos de esa \u00e9poca.<\/p>\n<p class=\"v1MsoNormal\" style=\"text-align: justify;\"><b>\u00bfClubes en los que has participado?<\/b><\/p>\n<p class=\"v1MsoNormal\" style=\"text-align: justify;\">El primer club por el que me feder\u00e9 fue Juventud Ciclista de Coyhaique y actualmente pertenezco al Club de Ciclismo Josefina Montenegro del cual estoy muy agradecida por todo el apoyo que me han brindado.<\/p>\n<p class=\"v1MsoNormal\" style=\"text-align: justify;\"><b>\u00bf\u00daltimos logros?<\/b><\/p>\n<p class=\"v1MsoNormal\" style=\"text-align: justify;\">En el reciente campeonato nacional de ciclismo de pista obtuve doble medalla de oro\u00a0en persecuci\u00f3n individual y prueba \u00f3mnium (competencia m\u00faltiple de resistencia) adem\u00e1s de lograr un bronce en scratch (prueba de fondo donde la clasificaci\u00f3n se determina en el sprint final).<\/p>\n<p class=\"v1MsoNormal\" style=\"text-align: justify;\"><b>\u00bfPr\u00f3ximos desaf\u00edos deportivos?<\/b><\/p>\n<p class=\"v1MsoNormal\" style=\"text-align: justify;\">Seguir prepar\u00e1ndome y clasificar a los juegos Santiago 2023.<\/p>\n<\/div><\/section><\/div><div  style='height:50px' class='hr hr-invisible   avia-builder-el-6  el_after_av_one_full  el_before_av_social_share '><span class='hr-inner ' ><span class='hr-inner-style'><\/span><\/span><\/div><\/p>\n<div  class='av-social-sharing-box  avia-builder-el-7  el_after_av_hr  el_before_av_hr  '><div class='av-share-box'><h5 class='av-share-link-description av-no-toc '>Compartir esta noticia<\/h5><ul class='av-share-box-list noLightbox'><li class='av-share-link av-social-link-facebook' ><a target=\"_blank\" aria-label=\"Compartir en Facebook\" href='https:\/\/www.facebook.com\/sharer.php?u=https:\/\/radiorevelacionfm.cl\/?p=26323&#038;t=Ciclista%20coyhaiquina%20Gabriela%20Alarc%C3%B3n%20busca%20representar%20a%20Chile%20en%20los%20ParaPanamericanos%20Santiago%202023' aria-hidden='false' data-av_icon='\ue8f3' data-av_iconfont='entypo-fontello' title='' data-avia-related-tooltip='Compartir en Facebook' rel=\"noopener\"><span class='avia_hidden_link_text'>Compartir en Facebook<\/span><\/a><\/li><li class='av-share-link av-social-link-twitter' ><a target=\"_blank\" aria-label=\"Compartir en Twitter\" href='https:\/\/twitter.com\/share?text=Ciclista%20coyhaiquina%20Gabriela%20Alarc%C3%B3n%20busca%20representar%20a%20Chile%20en%20los%20ParaPanamericanos%20Santiago%202023&#038;url=https:\/\/radiorevelacionfm.cl\/?p=26323' aria-hidden='false' data-av_icon='\ue8f1' data-av_iconfont='entypo-fontello' title='' data-avia-related-tooltip='Compartir en Twitter' rel=\"noopener\"><span class='avia_hidden_link_text'>Compartir en Twitter<\/span><\/a><\/li><li class='av-share-link av-social-link-whatsapp' ><a target=\"_blank\" aria-label=\"Compartir en Whatsapp\" href='https:\/\/api.whatsapp.com\/send?text=https:\/\/radiorevelacionfm.cl\/?p=26323' aria-hidden='false' data-av_icon='\uf232' data-av_iconfont='entypo-fontello' title='' data-avia-related-tooltip='Compartir en Whatsapp' rel=\"noopener\"><span class='avia_hidden_link_text'>Compartir en Whatsapp<\/span><\/a><\/li><li class='av-share-link av-social-link-linkedin' ><a target=\"_blank\" aria-label=\"Compartir en LinkedIn\" href='https:\/\/linkedin.com\/shareArticle?mini=true&#038;title=Ciclista%20coyhaiquina%20Gabriela%20Alarc%C3%B3n%20busca%20representar%20a%20Chile%20en%20los%20ParaPanamericanos%20Santiago%202023&#038;url=https:\/\/radiorevelacionfm.cl\/?p=26323' aria-hidden='false' data-av_icon='\ue8fc' data-av_iconfont='entypo-fontello' title='' data-avia-related-tooltip='Compartir en LinkedIn' rel=\"noopener\"><span class='avia_hidden_link_text'>Compartir en LinkedIn<\/span><\/a><\/li><li class='av-share-link av-social-link-mail' ><a  aria-label=\"Compartir por correo\" href='mailto:?subject=Ciclista%20coyhaiquina%20Gabriela%20Alarc%C3%B3n%20busca%20representar%20a%20Chile%20en%20los%20ParaPanamericanos%20Santiago%202023&#038;body=https:\/\/radiorevelacionfm.cl\/?p=26323' aria-hidden='false' data-av_icon='\ue805' data-av_iconfont='entypo-fontello' title='' data-avia-related-tooltip='Compartir por correo'><span class='avia_hidden_link_text'>Compartir por correo<\/span><\/a><\/li><\/ul><\/div><\/div>\n<div  style='height:50px' class='hr hr-invisible   avia-builder-el-8  el_after_av_social_share  el_before_av_comments_list '><span class='hr-inner ' ><span class='hr-inner-style'><\/span><\/span><\/div>\n<div  class='av-buildercomment  av-blog-meta-html-info-disabled av-blog-meta-tag-disabled  '><\/div>\n","protected":false},"excerpt":{"rendered":"","protected":false},"author":1,"featured_media":26324,"comment_status":"open","ping_status":"open","sticky":false,"template":"","format":"standard","meta":{"footnotes":""},"categories":[40],"tags":[],"class_list":["post-26323","post","type-post","status-publish","format-standard","has-post-thumbnail","hentry","category-deportes"],"jetpack_featured_media_url":"https:\/\/radiorevelacionfm.cl\/wp-content\/uploads\/2023\/01\/cicli-ok-1-1.jpg","_links":{"self":[{"href":"https:\/\/radiorevelacionfm.cl\/index.php?rest_route=\/wp\/v2\/posts\/26323","targetHints":{"allow":["GET"]}}],"collection":[{"href":"https:\/\/radiorevelacionfm.cl\/index.php?rest_route=\/wp\/v2\/posts"}],"about":[{"href":"https:\/\/radiorevelacionfm.cl\/index.php?rest_route=\/wp\/v2\/types\/post"}],"author":[{"embeddable":true,"href":"https:\/\/radiorevelacionfm.cl\/index.php?rest_route=\/wp\/v2\/users\/1"}],"replies":[{"embeddable":true,"href":"https:\/\/radiorevelacionfm.cl\/index.php?rest_route=%2Fwp%2Fv2%2Fcomments&post=26323"}],"version-history":[{"count":2,"href":"https:\/\/radiorevelacionfm.cl\/index.php?rest_route=\/wp\/v2\/posts\/26323\/revisions"}],"predecessor-version":[{"id":26337,"href":"https:\/\/radiorevelacionfm.cl\/index.php?rest_route=\/wp\/v2\/posts\/26323\/revisions\/26337"}],"wp:featuredmedia":[{"embeddable":true,"href":"https:\/\/radiorevelacionfm.cl\/index.php?rest_route=\/wp\/v2\/media\/26324"}],"wp:attachment":[{"href":"https:\/\/radiorevelacionfm.cl\/index.php?rest_route=%2Fwp%2Fv2%2Fmedia&parent=26323"}],"wp:term":[{"taxonomy":"category","embeddable":true,"href":"https:\/\/radiorevelacionfm.cl\/index.php?rest_route=%2Fwp%2Fv2%2Fcategories&post=26323"},{"taxonomy":"post_tag","embeddable":true,"href":"https:\/\/radiorevelacionfm.cl\/index.php?rest_route=%2Fwp%2Fv2%2Ftags&post=26323"}],"curies":[{"name":"wp","href":"https:\/\/api.w.org\/{rel}","templated":true}]}}