{"id":26319,"date":"2023-01-06T16:57:43","date_gmt":"2023-01-06T19:57:43","guid":{"rendered":"https:\/\/radiorevelacionfm.cl\/?p=26319"},"modified":"2023-01-06T16:57:43","modified_gmt":"2023-01-06T19:57:43","slug":"polideportivo-de-aysen-sera-sede-de-la-copa-eva-de-voleibol-femenino","status":"publish","type":"post","link":"https:\/\/radiorevelacionfm.cl\/?p=26319","title":{"rendered":"Polideportivo de Ays\u00e9n ser\u00e1 sede de la Copa EVA de V\u00f3leibol Femenino"},"content":{"rendered":"<div class=\"flex_column av_one_full  flex_column_div av-zero-column-padding first  avia-builder-el-0  el_before_av_one_full  avia-builder-el-first  \" style='border-radius:0px; '><div  class='avia-image-container  av-styling-    avia-builder-el-1  avia-builder-el-no-sibling  avia-align-center '  itemprop=\"image\" itemscope=\"itemscope\" itemtype=\"https:\/\/schema.org\/ImageObject\"  ><div class='avia-image-container-inner'><div class='avia-image-overlay-wrap'><img decoding=\"async\" class='wp-image-26320 avia-img-lazy-loading-not-26320 avia_image' src=\"https:\/\/radiorevelacionfm.cl\/wp-content\/uploads\/2023\/01\/dsc_0240-1_optimized.jpg\" alt='' title='dsc_0240-(1)_optimized' height=\"600\" width=\"900\"  itemprop=\"thumbnailUrl\" srcset=\"https:\/\/radiorevelacionfm.cl\/wp-content\/uploads\/2023\/01\/dsc_0240-1_optimized.jpg 900w, https:\/\/radiorevelacionfm.cl\/wp-content\/uploads\/2023\/01\/dsc_0240-1_optimized-300x200.jpg 300w, https:\/\/radiorevelacionfm.cl\/wp-content\/uploads\/2023\/01\/dsc_0240-1_optimized-768x512.jpg 768w, https:\/\/radiorevelacionfm.cl\/wp-content\/uploads\/2023\/01\/dsc_0240-1_optimized-705x470.jpg 705w, https:\/\/radiorevelacionfm.cl\/wp-content\/uploads\/2023\/01\/dsc_0240-1_optimized-600x400.jpg 600w\" sizes=\"(max-width: 900px) 100vw, 900px\" \/><\/div><\/div><\/div><\/div><div class=\"flex_column av_one_full  flex_column_div av-zero-column-padding first  avia-builder-el-2  el_after_av_one_full  el_before_av_one_full  column-top-margin\" style='border-radius:0px; '><section class=\"av_textblock_section \"  itemscope=\"itemscope\" itemtype=\"https:\/\/schema.org\/BlogPosting\" itemprop=\"blogPost\" ><div class='avia_textblock  '   itemprop=\"text\" ><p style=\"text-align: center;\"><strong><span style=\"font-size: 18pt;\">Polideportivo de Ays\u00e9n ser\u00e1 sede de la Copa EVA de V\u00f3leibol Femenino<\/span><\/strong><\/p>\n<div id=\"gtx-trans\" style=\"position: absolute; left: -50px; top: 4.31534px;\">\n<div class=\"gtx-trans-icon\"><\/div>\n<\/div>\n<\/div><\/section><\/div><div class=\"flex_column av_one_full  flex_column_div av-zero-column-padding first  avia-builder-el-4  el_after_av_one_full  el_before_av_hr  column-top-margin\" style='border-radius:0px; '><section class=\"av_textblock_section \"  itemscope=\"itemscope\" itemtype=\"https:\/\/schema.org\/BlogPosting\" itemprop=\"blogPost\" ><div class='avia_textblock  '   itemprop=\"text\" ><p style=\"text-align: justify;\">En el marco de las actividades del Aniversario de Ays\u00e9n, la Escuela de V\u00f3leibol de Ays\u00e9n (EVA), en conjunto con la Corporaci\u00f3n de Deportes y Recreaci\u00f3n de la comuna, organizan la Copa EVA, el que se realizar\u00e1 entre el 7 y 13 de enero, la cual contar\u00e1 con la participaci\u00f3n de diversas delegaciones provenientes de todo el pa\u00eds.<\/p>\n<p style=\"text-align: justify;\">M\u00e1s de un centenar de deportistas llegar\u00e1n a la regi\u00f3n, pertenecientes a agrupaciones deportivas de Ays\u00e9n, R\u00edo Bueno, Rancagua, Punta Arenas, Cisnes y San Fernando. En total, ser\u00e1n cinco equipos que representar\u00e1n a las categor\u00edas de j\u00f3venes de entre 11 y 19 a\u00f1os.<\/p>\n<p style=\"text-align: justify;\">La competencia se dividir\u00e1 en dos bloques de categor\u00edas. En la Formativa contar\u00e1n con la participaci\u00f3n de grupos U11 y U13, mientras que la Competitiva la disputar\u00e1n grupos U15, U17 y U19. En estos \u00faltimos grupos, se premiar\u00e1 a los tres primeros lugares.<\/p>\n<p style=\"text-align: justify;\">Estos encuentros ayudan a seguir impulsando a Puerto Ays\u00e9n como un referente para organizar y albergar competencias y eventos deportivos a nivel nacional, a la vez que permiten promover la pr\u00e1ctica deportiva en menores de edad, fomentando un estilo de vida m\u00e1s saludable.<\/p>\n<p style=\"text-align: justify;\">La Ilustre Municipalidad de Ays\u00e9n y la Corporaci\u00f3n de Deportes y Recreaci\u00f3n invita a toda la comunidad aysenina a asistir a estas instancias deportivas, las cuales ser\u00e1n disputadas en el Polideportivo 21 de Abril. Para m\u00e1s informaci\u00f3n sobre horarios de cada partido, los invitamos a seguir las redes sociales del Polideportivo.<\/p>\n<\/div><\/section><\/div><div  style='height:50px' class='hr hr-invisible   avia-builder-el-6  el_after_av_one_full  el_before_av_social_share '><span class='hr-inner ' ><span class='hr-inner-style'><\/span><\/span><\/div><\/p>\n<div  class='av-social-sharing-box  avia-builder-el-7  el_after_av_hr  el_before_av_hr  '><div class='av-share-box'><h5 class='av-share-link-description av-no-toc '>Compartir esta noticia<\/h5><ul class='av-share-box-list noLightbox'><li class='av-share-link av-social-link-facebook' ><a target=\"_blank\" aria-label=\"Compartir en Facebook\" href='https:\/\/www.facebook.com\/sharer.php?u=https:\/\/radiorevelacionfm.cl\/?p=26319&#038;t=Polideportivo%20de%20Ays%C3%A9n%20ser%C3%A1%20sede%20de%20la%20Copa%20EVA%20de%20V%C3%B3leibol%20Femenino' aria-hidden='false' data-av_icon='\ue8f3' data-av_iconfont='entypo-fontello' title='' data-avia-related-tooltip='Compartir en Facebook' rel=\"noopener\"><span class='avia_hidden_link_text'>Compartir en Facebook<\/span><\/a><\/li><li class='av-share-link av-social-link-twitter' ><a target=\"_blank\" aria-label=\"Compartir en Twitter\" href='https:\/\/twitter.com\/share?text=Polideportivo%20de%20Ays%C3%A9n%20ser%C3%A1%20sede%20de%20la%20Copa%20EVA%20de%20V%C3%B3leibol%20Femenino&#038;url=https:\/\/radiorevelacionfm.cl\/?p=26319' aria-hidden='false' data-av_icon='\ue8f1' data-av_iconfont='entypo-fontello' title='' data-avia-related-tooltip='Compartir en Twitter' rel=\"noopener\"><span class='avia_hidden_link_text'>Compartir en Twitter<\/span><\/a><\/li><li class='av-share-link av-social-link-whatsapp' ><a target=\"_blank\" aria-label=\"Compartir en Whatsapp\" href='https:\/\/api.whatsapp.com\/send?text=https:\/\/radiorevelacionfm.cl\/?p=26319' aria-hidden='false' data-av_icon='\uf232' data-av_iconfont='entypo-fontello' title='' data-avia-related-tooltip='Compartir en Whatsapp' rel=\"noopener\"><span class='avia_hidden_link_text'>Compartir en Whatsapp<\/span><\/a><\/li><li class='av-share-link av-social-link-linkedin' ><a target=\"_blank\" aria-label=\"Compartir en LinkedIn\" href='https:\/\/linkedin.com\/shareArticle?mini=true&#038;title=Polideportivo%20de%20Ays%C3%A9n%20ser%C3%A1%20sede%20de%20la%20Copa%20EVA%20de%20V%C3%B3leibol%20Femenino&#038;url=https:\/\/radiorevelacionfm.cl\/?p=26319' aria-hidden='false' data-av_icon='\ue8fc' data-av_iconfont='entypo-fontello' title='' data-avia-related-tooltip='Compartir en LinkedIn' rel=\"noopener\"><span class='avia_hidden_link_text'>Compartir en LinkedIn<\/span><\/a><\/li><li class='av-share-link av-social-link-mail' ><a  aria-label=\"Compartir por correo\" href='mailto:?subject=Polideportivo%20de%20Ays%C3%A9n%20ser%C3%A1%20sede%20de%20la%20Copa%20EVA%20de%20V%C3%B3leibol%20Femenino&#038;body=https:\/\/radiorevelacionfm.cl\/?p=26319' aria-hidden='false' data-av_icon='\ue805' data-av_iconfont='entypo-fontello' title='' data-avia-related-tooltip='Compartir por correo'><span class='avia_hidden_link_text'>Compartir por correo<\/span><\/a><\/li><\/ul><\/div><\/div>\n<div  style='height:50px' class='hr hr-invisible   avia-builder-el-8  el_after_av_social_share  el_before_av_comments_list '><span class='hr-inner ' ><span class='hr-inner-style'><\/span><\/span><\/div>\n<div  class='av-buildercomment  av-blog-meta-html-info-disabled av-blog-meta-tag-disabled  '><\/div>\n","protected":false},"excerpt":{"rendered":"","protected":false},"author":1,"featured_media":26320,"comment_status":"open","ping_status":"open","sticky":false,"template":"","format":"standard","meta":{"footnotes":""},"categories":[40,38],"tags":[],"class_list":["post-26319","post","type-post","status-publish","format-standard","has-post-thumbnail","hentry","category-deportes","category-regional"],"jetpack_featured_media_url":"https:\/\/radiorevelacionfm.cl\/wp-content\/uploads\/2023\/01\/dsc_0240-1_optimized.jpg","_links":{"self":[{"href":"https:\/\/radiorevelacionfm.cl\/index.php?rest_route=\/wp\/v2\/posts\/26319","targetHints":{"allow":["GET"]}}],"collection":[{"href":"https:\/\/radiorevelacionfm.cl\/index.php?rest_route=\/wp\/v2\/posts"}],"about":[{"href":"https:\/\/radiorevelacionfm.cl\/index.php?rest_route=\/wp\/v2\/types\/post"}],"author":[{"embeddable":true,"href":"https:\/\/radiorevelacionfm.cl\/index.php?rest_route=\/wp\/v2\/users\/1"}],"replies":[{"embeddable":true,"href":"https:\/\/radiorevelacionfm.cl\/index.php?rest_route=%2Fwp%2Fv2%2Fcomments&post=26319"}],"version-history":[{"count":2,"href":"https:\/\/radiorevelacionfm.cl\/index.php?rest_route=\/wp\/v2\/posts\/26319\/revisions"}],"predecessor-version":[{"id":26322,"href":"https:\/\/radiorevelacionfm.cl\/index.php?rest_route=\/wp\/v2\/posts\/26319\/revisions\/26322"}],"wp:featuredmedia":[{"embeddable":true,"href":"https:\/\/radiorevelacionfm.cl\/index.php?rest_route=\/wp\/v2\/media\/26320"}],"wp:attachment":[{"href":"https:\/\/radiorevelacionfm.cl\/index.php?rest_route=%2Fwp%2Fv2%2Fmedia&parent=26319"}],"wp:term":[{"taxonomy":"category","embeddable":true,"href":"https:\/\/radiorevelacionfm.cl\/index.php?rest_route=%2Fwp%2Fv2%2Fcategories&post=26319"},{"taxonomy":"post_tag","embeddable":true,"href":"https:\/\/radiorevelacionfm.cl\/index.php?rest_route=%2Fwp%2Fv2%2Ftags&post=26319"}],"curies":[{"name":"wp","href":"https:\/\/api.w.org\/{rel}","templated":true}]}}