{"id":26315,"date":"2023-01-06T15:23:56","date_gmt":"2023-01-06T18:23:56","guid":{"rendered":"https:\/\/radiorevelacionfm.cl\/?p=26315"},"modified":"2023-01-06T15:23:56","modified_gmt":"2023-01-06T18:23:56","slug":"artesanas-de-puerto-guadal-lanzan-primera-coleccion-textil-colectiva","status":"publish","type":"post","link":"https:\/\/radiorevelacionfm.cl\/?p=26315","title":{"rendered":"Artesanas de Puerto Guadal lanzan primera colecci\u00f3n textil colectiva"},"content":{"rendered":"<div class=\"flex_column av_one_full  flex_column_div av-zero-column-padding first  avia-builder-el-0  el_before_av_one_full  avia-builder-el-first  \" style='border-radius:0px; '><div  class='avia-image-container  av-styling-    avia-builder-el-1  avia-builder-el-no-sibling  avia-align-center '  itemprop=\"image\" itemscope=\"itemscope\" itemtype=\"https:\/\/schema.org\/ImageObject\"  ><div class='avia-image-container-inner'><div class='avia-image-overlay-wrap'><img decoding=\"async\" class='wp-image-26316 avia-img-lazy-loading-not-26316 avia_image' src=\"https:\/\/radiorevelacionfm.cl\/wp-content\/uploads\/2023\/01\/lanzamiento_guadal_1-1_optimized.jpeg\" alt='' title='lanzamiento_guadal_1-(1)_optimized' height=\"600\" width=\"800\"  itemprop=\"thumbnailUrl\" srcset=\"https:\/\/radiorevelacionfm.cl\/wp-content\/uploads\/2023\/01\/lanzamiento_guadal_1-1_optimized.jpeg 800w, https:\/\/radiorevelacionfm.cl\/wp-content\/uploads\/2023\/01\/lanzamiento_guadal_1-1_optimized-300x225.jpeg 300w, https:\/\/radiorevelacionfm.cl\/wp-content\/uploads\/2023\/01\/lanzamiento_guadal_1-1_optimized-768x576.jpeg 768w, https:\/\/radiorevelacionfm.cl\/wp-content\/uploads\/2023\/01\/lanzamiento_guadal_1-1_optimized-705x529.jpeg 705w, https:\/\/radiorevelacionfm.cl\/wp-content\/uploads\/2023\/01\/lanzamiento_guadal_1-1_optimized-600x450.jpeg 600w\" sizes=\"(max-width: 800px) 100vw, 800px\" \/><\/div><\/div><\/div><\/div><div class=\"flex_column av_one_full  flex_column_div av-zero-column-padding first  avia-builder-el-2  el_after_av_one_full  el_before_av_one_full  column-top-margin\" style='border-radius:0px; '><section class=\"av_textblock_section \"  itemscope=\"itemscope\" itemtype=\"https:\/\/schema.org\/BlogPosting\" itemprop=\"blogPost\" ><div class='avia_textblock  '   itemprop=\"text\" ><p style=\"text-align: center;\"><strong><span style=\"font-size: 18pt;\">Artesanas de Puerto Guadal lanzan primera colecci\u00f3n textil colectiva<\/span><\/strong><\/p>\n<div id=\"gtx-trans\" style=\"position: absolute; left: -50px; top: 4.31534px;\">\n<div class=\"gtx-trans-icon\"><\/div>\n<\/div>\n<\/div><\/section><\/div><div class=\"flex_column av_one_full  flex_column_div av-zero-column-padding first  avia-builder-el-4  el_after_av_one_full  el_before_av_hr  column-top-margin\" style='border-radius:0px; '><section class=\"av_textblock_section \"  itemscope=\"itemscope\" itemtype=\"https:\/\/schema.org\/BlogPosting\" itemprop=\"blogPost\" ><div class='avia_textblock  '   itemprop=\"text\" ><p dir=\"ltr\" style=\"text-align: justify;\">En el marco del programa Laboratorios Creativos de Oficios Textiles que se desarrolla en distintos territorios de la Regi\u00f3n de Ays\u00e9n, ocho integrantes de la Agrupaci\u00f3n de Artesanas Artechelenko lanzaron su primera colecci\u00f3n colectiva en la Casa de la Cultura en Puerto Guadal. Las protagonistas fueron: Hilda y Dilia Almonacid, Frofelia Uribe, Ana Huechupan, Francisca Navarro, Cristina Avil\u00e9z y Teresa Mardones. Durante la actividad, m\u00e1s de cuarenta personas acompa\u00f1aron a estas creadoras, que mostraron el resultado final de un proceso que iniciaron hace m\u00e1s de un a\u00f1o.<\/p>\n<p dir=\"ltr\" style=\"text-align: justify;\">De la mano de la Organizaci\u00f3n Pulso Austral, las tejedoras, hilanderas y tintoreras de Puerto Guadal se embarcaron en este proyecto, cuyo principal prop\u00f3sito fue abrir espacios de bienestar para las mujeres, donde los oficios textiles sirvieron como puente para generar estos espacios de confianza, creatividad y colaboraci\u00f3n.<\/p>\n<p dir=\"ltr\" style=\"text-align: justify;\">En diferentes encuentros, el grupo trabaj\u00f3 su vinculaci\u00f3n con el territorio a trav\u00e9s de la experimentaci\u00f3n textil. Con el oto\u00f1o como protagonista de la colecci\u00f3n, las mujeres acompa\u00f1adas por la dise\u00f1adora Magdalena Baeza iniciaron un camino de reconocer en la naturaleza aquellas inspiraciones que les permitieran crear piezas individuales en un relato colectivo. \u00bfEl resultado? Boinas, bufandas y polainas que nos recuerdan, a trav\u00e9s de sus colores y texturas, el paso del oto\u00f1o en la ribera del Lago Chelenko (General Carrera).<\/p>\n<p dir=\"ltr\" style=\"text-align: justify;\">Para la artesana Frofelia Uribe, este trabajo fue un desaf\u00edo desde la creaci\u00f3n grupal. \u201cPor primera vez tejimos todas bajo un concepto. El oto\u00f1o nos sirvi\u00f3 de inspiraci\u00f3n para darnos cuenta que podemos seguir haciendo esto hacia adelante\u201d.<\/p>\n<p dir=\"ltr\" style=\"text-align: justify;\">La tejedora tambi\u00e9n relat\u00f3 las vivencias que fueron parte de este proceso iniciado en diciembre de 2021, dando cuenta de la importancia que tiene \u201cel reunirse a tejer\u201d, para las integrantes de la comuna. \u201cEl trabajo que hicimos nos sirvi\u00f3 para ordenarnos en el proceso\u201d, cont\u00f3 a prop\u00f3sito de la gu\u00eda que la dise\u00f1adora hizo del proyecto.<\/p>\n<p dir=\"ltr\" style=\"text-align: justify;\">Ang\u00e9lica Anti\u00f1anco, presidenta de la Agrupaci\u00f3n Artechelenko, valor\u00f3 los talentos y la experiencia textil de las integrantes de la Agrupaci\u00f3n, adem\u00e1s de rescatar que este proyecto ha servido de inspiraci\u00f3n para pensar en acciones futuras. \u201cNos qued\u00f3 el aprendizaje y queremos seguir tejiendo colecciones, haciendo conceptos en torno a nuestro trabajo, quiz\u00e1s nuevos temas como el invierno, la huerta, la primavera\u201d.<\/p>\n<p dir=\"ltr\" style=\"text-align: justify;\">El lanzamiento de la colecci\u00f3n tambi\u00e9n contempl\u00f3 un conversatorio donde se reflexion\u00f3 en torno a los oficios femeninos y el bienestar, instancia en la que participaron cultoras locales como la huertera Rosa Vera y la tejedora Frofelia Uribe. Acompa\u00f1adas de Cecilia Moura, psic\u00f3loga y socia fundadora de Pulso Austral, quien enfatiz\u00f3 en la importancia de los oficios y su relaci\u00f3n con el bienestar, foco del trabajo que impulsan desde la organizaci\u00f3n. \u201cTejer en grupo es un pretexto para fortalecer espacios de conexi\u00f3n en la comunidad. Para las artesanas, para nosotras, estas instancias de reuni\u00f3n nos permiten acompa\u00f1arnos, escucharnos y aprender colectivamente. El bienestar es un piso necesario para la salud mental y la comunidad puede convertirse en un actor relevante para instalar estos espacios que funcionan preventivamente\u201d.<\/p>\n<p dir=\"ltr\" style=\"text-align: justify;\">Para los asistentes, miembros de la localidad y turistas que visitaban la zona, este lanzamiento textil fue una oportunidad para poner en valor el trabajo que lleva adelante la Agrupaci\u00f3n ArteChelenko en la comuna.<\/p>\n<\/div><\/section><\/div><div  style='height:50px' class='hr hr-invisible   avia-builder-el-6  el_after_av_one_full  el_before_av_social_share '><span class='hr-inner ' ><span class='hr-inner-style'><\/span><\/span><\/div><\/p>\n<div  class='av-social-sharing-box  avia-builder-el-7  el_after_av_hr  el_before_av_hr  '><div class='av-share-box'><h5 class='av-share-link-description av-no-toc '>Compartir esta noticia<\/h5><ul class='av-share-box-list noLightbox'><li class='av-share-link av-social-link-facebook' ><a target=\"_blank\" aria-label=\"Compartir en Facebook\" href='https:\/\/www.facebook.com\/sharer.php?u=https:\/\/radiorevelacionfm.cl\/?p=26315&#038;t=Artesanas%20de%20Puerto%20Guadal%20lanzan%20primera%20colecci%C3%B3n%20textil%20colectiva' aria-hidden='false' data-av_icon='\ue8f3' data-av_iconfont='entypo-fontello' title='' data-avia-related-tooltip='Compartir en Facebook' rel=\"noopener\"><span class='avia_hidden_link_text'>Compartir en Facebook<\/span><\/a><\/li><li class='av-share-link av-social-link-twitter' ><a target=\"_blank\" aria-label=\"Compartir en Twitter\" href='https:\/\/twitter.com\/share?text=Artesanas%20de%20Puerto%20Guadal%20lanzan%20primera%20colecci%C3%B3n%20textil%20colectiva&#038;url=https:\/\/radiorevelacionfm.cl\/?p=26315' aria-hidden='false' data-av_icon='\ue8f1' data-av_iconfont='entypo-fontello' title='' data-avia-related-tooltip='Compartir en Twitter' rel=\"noopener\"><span class='avia_hidden_link_text'>Compartir en Twitter<\/span><\/a><\/li><li class='av-share-link av-social-link-whatsapp' ><a target=\"_blank\" aria-label=\"Compartir en Whatsapp\" href='https:\/\/api.whatsapp.com\/send?text=https:\/\/radiorevelacionfm.cl\/?p=26315' aria-hidden='false' data-av_icon='\uf232' data-av_iconfont='entypo-fontello' title='' data-avia-related-tooltip='Compartir en Whatsapp' rel=\"noopener\"><span class='avia_hidden_link_text'>Compartir en Whatsapp<\/span><\/a><\/li><li class='av-share-link av-social-link-linkedin' ><a target=\"_blank\" aria-label=\"Compartir en LinkedIn\" href='https:\/\/linkedin.com\/shareArticle?mini=true&#038;title=Artesanas%20de%20Puerto%20Guadal%20lanzan%20primera%20colecci%C3%B3n%20textil%20colectiva&#038;url=https:\/\/radiorevelacionfm.cl\/?p=26315' aria-hidden='false' data-av_icon='\ue8fc' data-av_iconfont='entypo-fontello' title='' data-avia-related-tooltip='Compartir en LinkedIn' rel=\"noopener\"><span class='avia_hidden_link_text'>Compartir en LinkedIn<\/span><\/a><\/li><li class='av-share-link av-social-link-mail' ><a  aria-label=\"Compartir por correo\" href='mailto:?subject=Artesanas%20de%20Puerto%20Guadal%20lanzan%20primera%20colecci%C3%B3n%20textil%20colectiva&#038;body=https:\/\/radiorevelacionfm.cl\/?p=26315' aria-hidden='false' data-av_icon='\ue805' data-av_iconfont='entypo-fontello' title='' data-avia-related-tooltip='Compartir por correo'><span class='avia_hidden_link_text'>Compartir por correo<\/span><\/a><\/li><\/ul><\/div><\/div>\n<div  style='height:50px' class='hr hr-invisible   avia-builder-el-8  el_after_av_social_share  el_before_av_comments_list '><span class='hr-inner ' ><span class='hr-inner-style'><\/span><\/span><\/div>\n<div  class='av-buildercomment  av-blog-meta-html-info-disabled av-blog-meta-tag-disabled  '><\/div>\n","protected":false},"excerpt":{"rendered":"","protected":false},"author":1,"featured_media":26316,"comment_status":"open","ping_status":"open","sticky":false,"template":"","format":"standard","meta":{"footnotes":""},"categories":[38],"tags":[],"class_list":["post-26315","post","type-post","status-publish","format-standard","has-post-thumbnail","hentry","category-regional"],"jetpack_featured_media_url":"https:\/\/radiorevelacionfm.cl\/wp-content\/uploads\/2023\/01\/lanzamiento_guadal_1-1_optimized.jpeg","_links":{"self":[{"href":"https:\/\/radiorevelacionfm.cl\/index.php?rest_route=\/wp\/v2\/posts\/26315","targetHints":{"allow":["GET"]}}],"collection":[{"href":"https:\/\/radiorevelacionfm.cl\/index.php?rest_route=\/wp\/v2\/posts"}],"about":[{"href":"https:\/\/radiorevelacionfm.cl\/index.php?rest_route=\/wp\/v2\/types\/post"}],"author":[{"embeddable":true,"href":"https:\/\/radiorevelacionfm.cl\/index.php?rest_route=\/wp\/v2\/users\/1"}],"replies":[{"embeddable":true,"href":"https:\/\/radiorevelacionfm.cl\/index.php?rest_route=%2Fwp%2Fv2%2Fcomments&post=26315"}],"version-history":[{"count":2,"href":"https:\/\/radiorevelacionfm.cl\/index.php?rest_route=\/wp\/v2\/posts\/26315\/revisions"}],"predecessor-version":[{"id":26318,"href":"https:\/\/radiorevelacionfm.cl\/index.php?rest_route=\/wp\/v2\/posts\/26315\/revisions\/26318"}],"wp:featuredmedia":[{"embeddable":true,"href":"https:\/\/radiorevelacionfm.cl\/index.php?rest_route=\/wp\/v2\/media\/26316"}],"wp:attachment":[{"href":"https:\/\/radiorevelacionfm.cl\/index.php?rest_route=%2Fwp%2Fv2%2Fmedia&parent=26315"}],"wp:term":[{"taxonomy":"category","embeddable":true,"href":"https:\/\/radiorevelacionfm.cl\/index.php?rest_route=%2Fwp%2Fv2%2Fcategories&post=26315"},{"taxonomy":"post_tag","embeddable":true,"href":"https:\/\/radiorevelacionfm.cl\/index.php?rest_route=%2Fwp%2Fv2%2Ftags&post=26315"}],"curies":[{"name":"wp","href":"https:\/\/api.w.org\/{rel}","templated":true}]}}