{"id":26289,"date":"2023-01-06T09:51:16","date_gmt":"2023-01-06T12:51:16","guid":{"rendered":"https:\/\/radiorevelacionfm.cl\/?p=26289"},"modified":"2023-01-06T09:51:16","modified_gmt":"2023-01-06T12:51:16","slug":"fiscalizaciones-de-transportes-aumentaron-en-mas-del-50-en-aysen-durante-el-ano-2022","status":"publish","type":"post","link":"https:\/\/radiorevelacionfm.cl\/?p=26289","title":{"rendered":"Fiscalizaciones de Transportes aumentaron en m\u00e1s del 50% en Ays\u00e9n durante el a\u00f1o 2022"},"content":{"rendered":"<div class=\"flex_column av_one_full  flex_column_div av-zero-column-padding first  avia-builder-el-0  el_before_av_one_full  avia-builder-el-first  \" style='border-radius:0px; '><div  class='avia-image-container  av-styling-    avia-builder-el-1  avia-builder-el-no-sibling  avia-align-center '  itemprop=\"image\" itemscope=\"itemscope\" itemtype=\"https:\/\/schema.org\/ImageObject\"  ><div class='avia-image-container-inner'><div class='avia-image-overlay-wrap'><img decoding=\"async\" class='wp-image-26290 avia-img-lazy-loading-not-26290 avia_image' src=\"https:\/\/radiorevelacionfm.cl\/wp-content\/uploads\/2023\/01\/FiscaMTT-2022-2-1-1.jpg\" alt='' title='FiscaMTT 2022 (2) (1) (1)' height=\"600\" width=\"800\"  itemprop=\"thumbnailUrl\" srcset=\"https:\/\/radiorevelacionfm.cl\/wp-content\/uploads\/2023\/01\/FiscaMTT-2022-2-1-1.jpg 800w, https:\/\/radiorevelacionfm.cl\/wp-content\/uploads\/2023\/01\/FiscaMTT-2022-2-1-1-300x225.jpg 300w, https:\/\/radiorevelacionfm.cl\/wp-content\/uploads\/2023\/01\/FiscaMTT-2022-2-1-1-768x576.jpg 768w, https:\/\/radiorevelacionfm.cl\/wp-content\/uploads\/2023\/01\/FiscaMTT-2022-2-1-1-705x529.jpg 705w, https:\/\/radiorevelacionfm.cl\/wp-content\/uploads\/2023\/01\/FiscaMTT-2022-2-1-1-600x450.jpg 600w\" sizes=\"(max-width: 800px) 100vw, 800px\" \/><\/div><\/div><\/div><\/div><div class=\"flex_column av_one_full  flex_column_div av-zero-column-padding first  avia-builder-el-2  el_after_av_one_full  el_before_av_one_full  column-top-margin\" style='border-radius:0px; '><section class=\"av_textblock_section \"  itemscope=\"itemscope\" itemtype=\"https:\/\/schema.org\/BlogPosting\" itemprop=\"blogPost\" ><div class='avia_textblock  '   itemprop=\"text\" ><p style=\"text-align: center;\"><span style=\"font-size: 18pt;\"><b>Fiscalizaciones de Transportes aumentaron en m\u00e1s del 50% en Ays\u00e9n durante el a\u00f1o 2022<\/b><\/span><\/p>\n<div id=\"gtx-trans\" style=\"position: absolute; left: -50px; top: 4.31534px;\">\n<div class=\"gtx-trans-icon\"><\/div>\n<\/div>\n<\/div><\/section><\/div><div class=\"flex_column av_one_full  flex_column_div av-zero-column-padding first  avia-builder-el-4  el_after_av_one_full  el_before_av_hr  column-top-margin\" style='border-radius:0px; '><section class=\"av_textblock_section \"  itemscope=\"itemscope\" itemtype=\"https:\/\/schema.org\/BlogPosting\" itemprop=\"blogPost\" ><div class='avia_textblock  '   itemprop=\"text\" ><p style=\"text-align: justify;\">Este a\u00f1o el Gobierno, a trav\u00e9s del Ministerio de Transportes y Telecomunicaciones, ha impulsado el Plan Calles Protegidas cuya misi\u00f3n es fortalecer el orden y la seguridad, especialmente en las zonas urbanas donde hay mayor tr\u00e1nsito de veh\u00edculos y otros modos de transporte. Para lograr este objetivo el Programa Nacional de Fiscalizaci\u00f3n, a trav\u00e9s de sus unidades regionales, despleg\u00f3 una mayor cantidad de controles; que a nivel nacional alcanzaron durante el 2022 un aumento del 29% en relaci\u00f3n al a\u00f1o anterior.<\/p>\n<p style=\"text-align: justify;\">La seremiTT Claudia Cantero destac\u00f3 estas cifras, que tambi\u00e9n tuvieron un destacado correlato a nivel regional: \u201cComenzamos el a\u00f1o 2023 con muy buenas noticias en lo que respecta a la cantidad de controles efectivamente realizados en nuestra regi\u00f3n a trav\u00e9s de nuestra unidad de Fiscalizaci\u00f3n en la SeremiTT Ays\u00e9n. Tenemos un total de 6834 controles realizados el a\u00f1o 2022, una diferencia del 52,68% sobre lo que se realiz\u00f3 el a\u00f1o 2021 lo cual nos llena de orgullo y nos plantea un gran desaf\u00edo para continuar trabajando el pr\u00f3ximo a\u00f1o, tanto en temas de transporte p\u00fablico urbano, rural, privado y otros\u201d.<\/p>\n<p style=\"text-align: justify;\">Cantero detall\u00f3 que en Ays\u00e9n existen seis inspectores, para llevar a cabo las fiscalizaciones a lo largo de toda la regi\u00f3n en donde se realizan chequeos peri\u00f3dicos al transporte p\u00fablico, motocicletas, servicios subsidiados, veh\u00edculos particulares y las plantas de revisi\u00f3n t\u00e9cnica, lo cual da cuenta de un arduo trabajo de planificaci\u00f3n para lograr el aumento de las cifras. Respecto a lo que viene, la jefa de Transportes detall\u00f3 que se pondr\u00e1 \u00e9nfasis el control de veh\u00edculos mal estacionados, un aspecto muy valorado por la comunidad dado que es una mala pr\u00e1ctica habitual que pone en riesgo la convivencia de distintos modos de transporte.<\/p>\n<p style=\"text-align: justify;\">\u201cPara el a\u00f1o 2023 queremos continuar con el trabajo de recuperaci\u00f3n de espacios p\u00fablicos esto a trav\u00e9s de un mandato especial del Gobierno para trabajar la seguridad en las calles. En ese sentido vamos a seguir trabajando los per\u00edmetros de fiscalizaci\u00f3n a veh\u00edculos mal estacionados. Estamos enfocados en generar conciencia en la poblaci\u00f3n respecto a la importancia de contar con una ciudad ordenada, limpia, y generar mejores flujos de veh\u00edculos, sin tanta congesti\u00f3n\u201d, precis\u00f3 la autoridad.<\/p>\n<\/div><\/section><\/div><div  style='height:50px' class='hr hr-invisible   avia-builder-el-6  el_after_av_one_full  el_before_av_social_share '><span class='hr-inner ' ><span class='hr-inner-style'><\/span><\/span><\/div><\/p>\n<div  class='av-social-sharing-box  avia-builder-el-7  el_after_av_hr  el_before_av_hr  '><div class='av-share-box'><h5 class='av-share-link-description av-no-toc '>Compartir esta noticia<\/h5><ul class='av-share-box-list noLightbox'><li class='av-share-link av-social-link-facebook' ><a target=\"_blank\" aria-label=\"Compartir en Facebook\" href='https:\/\/www.facebook.com\/sharer.php?u=https:\/\/radiorevelacionfm.cl\/?p=26289&#038;t=Fiscalizaciones%20de%20Transportes%20aumentaron%20en%20m%C3%A1s%20del%2050%25%20en%20Ays%C3%A9n%20durante%20el%20a%C3%B1o%202022' aria-hidden='false' data-av_icon='\ue8f3' data-av_iconfont='entypo-fontello' title='' data-avia-related-tooltip='Compartir en Facebook' rel=\"noopener\"><span class='avia_hidden_link_text'>Compartir en Facebook<\/span><\/a><\/li><li class='av-share-link av-social-link-twitter' ><a target=\"_blank\" aria-label=\"Compartir en Twitter\" href='https:\/\/twitter.com\/share?text=Fiscalizaciones%20de%20Transportes%20aumentaron%20en%20m%C3%A1s%20del%2050%25%20en%20Ays%C3%A9n%20durante%20el%20a%C3%B1o%202022&#038;url=https:\/\/radiorevelacionfm.cl\/?p=26289' aria-hidden='false' data-av_icon='\ue8f1' data-av_iconfont='entypo-fontello' title='' data-avia-related-tooltip='Compartir en Twitter' rel=\"noopener\"><span class='avia_hidden_link_text'>Compartir en Twitter<\/span><\/a><\/li><li class='av-share-link av-social-link-whatsapp' ><a target=\"_blank\" aria-label=\"Compartir en Whatsapp\" href='https:\/\/api.whatsapp.com\/send?text=https:\/\/radiorevelacionfm.cl\/?p=26289' aria-hidden='false' data-av_icon='\uf232' data-av_iconfont='entypo-fontello' title='' data-avia-related-tooltip='Compartir en Whatsapp' rel=\"noopener\"><span class='avia_hidden_link_text'>Compartir en Whatsapp<\/span><\/a><\/li><li class='av-share-link av-social-link-linkedin' ><a target=\"_blank\" aria-label=\"Compartir en LinkedIn\" href='https:\/\/linkedin.com\/shareArticle?mini=true&#038;title=Fiscalizaciones%20de%20Transportes%20aumentaron%20en%20m%C3%A1s%20del%2050%25%20en%20Ays%C3%A9n%20durante%20el%20a%C3%B1o%202022&#038;url=https:\/\/radiorevelacionfm.cl\/?p=26289' aria-hidden='false' data-av_icon='\ue8fc' data-av_iconfont='entypo-fontello' title='' data-avia-related-tooltip='Compartir en LinkedIn' rel=\"noopener\"><span class='avia_hidden_link_text'>Compartir en LinkedIn<\/span><\/a><\/li><li class='av-share-link av-social-link-mail' ><a  aria-label=\"Compartir por correo\" href='mailto:?subject=Fiscalizaciones%20de%20Transportes%20aumentaron%20en%20m%C3%A1s%20del%2050%25%20en%20Ays%C3%A9n%20durante%20el%20a%C3%B1o%202022&#038;body=https:\/\/radiorevelacionfm.cl\/?p=26289' aria-hidden='false' data-av_icon='\ue805' data-av_iconfont='entypo-fontello' title='' data-avia-related-tooltip='Compartir por correo'><span class='avia_hidden_link_text'>Compartir por correo<\/span><\/a><\/li><\/ul><\/div><\/div>\n<div  style='height:50px' class='hr hr-invisible   avia-builder-el-8  el_after_av_social_share  el_before_av_comments_list '><span class='hr-inner ' ><span class='hr-inner-style'><\/span><\/span><\/div>\n<div  class='av-buildercomment  av-blog-meta-html-info-disabled av-blog-meta-tag-disabled  '><\/div>\n","protected":false},"excerpt":{"rendered":"","protected":false},"author":1,"featured_media":26290,"comment_status":"open","ping_status":"open","sticky":false,"template":"","format":"standard","meta":{"footnotes":""},"categories":[59],"tags":[],"class_list":["post-26289","post","type-post","status-publish","format-standard","has-post-thumbnail","hentry","category-transporte"],"jetpack_featured_media_url":"https:\/\/radiorevelacionfm.cl\/wp-content\/uploads\/2023\/01\/FiscaMTT-2022-2-1-1.jpg","_links":{"self":[{"href":"https:\/\/radiorevelacionfm.cl\/index.php?rest_route=\/wp\/v2\/posts\/26289","targetHints":{"allow":["GET"]}}],"collection":[{"href":"https:\/\/radiorevelacionfm.cl\/index.php?rest_route=\/wp\/v2\/posts"}],"about":[{"href":"https:\/\/radiorevelacionfm.cl\/index.php?rest_route=\/wp\/v2\/types\/post"}],"author":[{"embeddable":true,"href":"https:\/\/radiorevelacionfm.cl\/index.php?rest_route=\/wp\/v2\/users\/1"}],"replies":[{"embeddable":true,"href":"https:\/\/radiorevelacionfm.cl\/index.php?rest_route=%2Fwp%2Fv2%2Fcomments&post=26289"}],"version-history":[{"count":2,"href":"https:\/\/radiorevelacionfm.cl\/index.php?rest_route=\/wp\/v2\/posts\/26289\/revisions"}],"predecessor-version":[{"id":26311,"href":"https:\/\/radiorevelacionfm.cl\/index.php?rest_route=\/wp\/v2\/posts\/26289\/revisions\/26311"}],"wp:featuredmedia":[{"embeddable":true,"href":"https:\/\/radiorevelacionfm.cl\/index.php?rest_route=\/wp\/v2\/media\/26290"}],"wp:attachment":[{"href":"https:\/\/radiorevelacionfm.cl\/index.php?rest_route=%2Fwp%2Fv2%2Fmedia&parent=26289"}],"wp:term":[{"taxonomy":"category","embeddable":true,"href":"https:\/\/radiorevelacionfm.cl\/index.php?rest_route=%2Fwp%2Fv2%2Fcategories&post=26289"},{"taxonomy":"post_tag","embeddable":true,"href":"https:\/\/radiorevelacionfm.cl\/index.php?rest_route=%2Fwp%2Fv2%2Ftags&post=26289"}],"curies":[{"name":"wp","href":"https:\/\/api.w.org\/{rel}","templated":true}]}}