{"id":26284,"date":"2023-01-06T10:10:09","date_gmt":"2023-01-06T13:10:09","guid":{"rendered":"https:\/\/radiorevelacionfm.cl\/?p=26284"},"modified":"2023-01-06T10:10:09","modified_gmt":"2023-01-06T13:10:09","slug":"hasta-el-31-de-enero-se-encontraran-abiertas-las-postulaciones-al-sello-calidad-de-lena","status":"publish","type":"post","link":"https:\/\/radiorevelacionfm.cl\/?p=26284","title":{"rendered":"Hasta el 31 de enero se encontrar\u00e1n abiertas las postulaciones al Sello Calidad de Le\u00f1a"},"content":{"rendered":"<div class=\"flex_column av_one_full  flex_column_div av-zero-column-padding first  avia-builder-el-0  el_before_av_one_full  avia-builder-el-first  \" style='border-radius:0px; '><div  class='avia-image-container  av-styling-    avia-builder-el-1  avia-builder-el-no-sibling  avia-align-center '  itemprop=\"image\" itemscope=\"itemscope\" itemtype=\"https:\/\/schema.org\/ImageObject\"  ><div class='avia-image-container-inner'><div class='avia-image-overlay-wrap'><img decoding=\"async\" class='wp-image-26285 avia-img-lazy-loading-not-26285 avia_image' src=\"https:\/\/radiorevelacionfm.cl\/wp-content\/uploads\/2023\/01\/img_6910-1_optimized.jpg\" alt='' title='img_6910-(1)_optimized' height=\"600\" width=\"864\"  itemprop=\"thumbnailUrl\" srcset=\"https:\/\/radiorevelacionfm.cl\/wp-content\/uploads\/2023\/01\/img_6910-1_optimized.jpg 864w, https:\/\/radiorevelacionfm.cl\/wp-content\/uploads\/2023\/01\/img_6910-1_optimized-300x208.jpg 300w, https:\/\/radiorevelacionfm.cl\/wp-content\/uploads\/2023\/01\/img_6910-1_optimized-768x533.jpg 768w, https:\/\/radiorevelacionfm.cl\/wp-content\/uploads\/2023\/01\/img_6910-1_optimized-705x490.jpg 705w, https:\/\/radiorevelacionfm.cl\/wp-content\/uploads\/2023\/01\/img_6910-1_optimized-600x417.jpg 600w\" sizes=\"(max-width: 864px) 100vw, 864px\" \/><\/div><\/div><\/div><\/div><div class=\"flex_column av_one_full  flex_column_div av-zero-column-padding first  avia-builder-el-2  el_after_av_one_full  el_before_av_one_full  column-top-margin\" style='border-radius:0px; '><section class=\"av_textblock_section \"  itemscope=\"itemscope\" itemtype=\"https:\/\/schema.org\/BlogPosting\" itemprop=\"blogPost\" ><div class='avia_textblock  '   itemprop=\"text\" ><p style=\"text-align: center;\"><span style=\"font-size: 18pt;\"><strong>Hasta el 31 de enero se encontrar\u00e1n abiertas las postulaciones al Sello Calidad de Le\u00f1a<\/strong><\/span><\/p>\n<div id=\"gtx-trans\" style=\"position: absolute; left: -50px; top: 4.31534px;\">\n<div class=\"gtx-trans-icon\"><\/div>\n<\/div>\n<\/div><\/section><\/div><div class=\"flex_column av_one_full  flex_column_div av-zero-column-padding first  avia-builder-el-4  el_after_av_one_full  el_before_av_hr  column-top-margin\" style='border-radius:0px; '><section class=\"av_textblock_section \"  itemscope=\"itemscope\" itemtype=\"https:\/\/schema.org\/BlogPosting\" itemprop=\"blogPost\" ><div class='avia_textblock  '   itemprop=\"text\" ><p style=\"text-align: justify;\">El Ministerio de Energ\u00eda en conjunto con la Agencia de Sostenibilidad Energ\u00e9tica (AgenciaSE), tienen abierta la convocatoria para postular al Sello Calidad de Le\u00f1a para el per\u00edodo 2022-2023.<\/p>\n<p style=\"text-align: justify;\">Esta iniciativa reconoce y visibiliza tanto a comerciantes como a productores de este energ\u00e9tico, que cumplen con un est\u00e1ndar de calidad, es decir, respetando la normativa tributaria y forestal, y cuyo proceso de producci\u00f3n les permite generar un producto seco y de dimensiones \u00f3ptimas para el uso eficiente en calefactores domiciliarios.<\/p>\n<p style=\"text-align: justify;\">El Subsecretario de Energ\u00eda, Julio Maturana, realiz\u00f3 un llamado a sumarse a esta iniciativa \u201cquiero invitar a participar a las y los comerciantes de le\u00f1a a que postulen a nuestro Sello Calidad de Le\u00f1a<em>. <\/em>Este es un sello gratuito y voluntario, y quienes accedan a este distintivo tendr\u00e1n una serie de beneficios a futuro adem\u00e1s de ofrecer a los consumidores una oferta de le\u00f1a seca y de calidad\u201d destac\u00f3 la autoridad de Energ\u00eda.<\/p>\n<p style=\"text-align: justify;\">Por su parte, el Seremi de Energ\u00eda de Ays\u00e9n, Carlos D\u00edaz, destac\u00f3 que \u00abel Sello Calidad de Le\u00f1a es un beneficio directo para los consumidores, ya que pueden disponer de un biocombustible estandarizado, eficiente, que genera m\u00e1s calor y es menos contaminante. Adem\u00e1s, quienes se dediquen a su comercializaci\u00f3n pueden usar el sello en todo su material de venta, como sacos, boletas y letrero de la empresa, lo que le permite destacar en el mercado y diferenciarse ante sus clientes al ofrecer un producto de calidad\u201d.<\/p>\n<p style=\"text-align: justify;\">La postulaci\u00f3n al sello de calidad de le\u00f1a es gratuito y voluntario, en el pueden participar comerciantes de las regiones de O\u00b4Higgins, Maule, \u00d1uble, Biob\u00edo, Araucan\u00eda, Los R\u00edos, Los Lagos y Ays\u00e9n, que cumplan con el est\u00e1ndar de calidad detallados en las bases de postulaci\u00f3n.<\/p>\n<p style=\"text-align: justify;\">La convocatoria en curso se trata de una ventanilla abierta que cuenta con cupos limitados, y estar\u00e1 vigente hasta el 31 de enero de 2023 a las 13:00 horas, o hasta que se acaben la disponibilidad.<\/p>\n<p style=\"text-align: justify;\">\u00a0<strong>Postulaci\u00f3n y beneficios<\/strong><\/p>\n<p style=\"text-align: justify;\">Las postulaciones se podr\u00e1n realizar de forma online ingresando al sitio web <a href=\"http:\/\/www.sellocalidadlena.cl\">www.sellocalidadlena.cl<\/a>, donde se pueden encontrar los requisitos, pasos e instrucciones para postular. Tambi\u00e9n los interesados podr\u00e1n acceder a la informaci\u00f3n en la oficina de la Seremi de Energ\u00eda de Ays\u00e9n ubicada en calle Baquedano #310 interior, llamando al tel\u00e9fono +562 2365 6656 o escribiendo al correo maracena@minenergia.cl.<\/p>\n<p style=\"text-align: justify;\">Cabe destacar que tanto el proceso de postulaci\u00f3n y monitoreo del est\u00e1ndar para obtener el Sello Calidad de Le\u00f1a no tiene costos para los interesados. Una vez que se obtiene el distintivo, se puede acceder a una serie de beneficios.<\/p>\n<p style=\"text-align: justify;\">Finalmente, el Seremi D\u00edaz recalc\u00f3 que \u201cqueremos invitar a todos los productores y comerciantes de le\u00f1a de la regi\u00f3n a postular al Sello Calidad de Le\u00f1a. El pr\u00f3ximo mi\u00e9rcoles 11 de enero a las 10:00 hrs. realizaremos un taller virtual de postulaci\u00f3n al que se podr\u00e1 acceder desde el link disponible en las redes sociales de la Seremi de Energ\u00eda Twitter (@EnergiaAysen), Faceboock (Energ\u00eda Ays\u00e9n) e Instagram (energiaaysen)\u201d.<\/p>\n<\/div><\/section><\/div><div  style='height:50px' class='hr hr-invisible   avia-builder-el-6  el_after_av_one_full  el_before_av_social_share '><span class='hr-inner ' ><span class='hr-inner-style'><\/span><\/span><\/div><\/p>\n<div  class='av-social-sharing-box  avia-builder-el-7  el_after_av_hr  el_before_av_hr  '><div class='av-share-box'><h5 class='av-share-link-description av-no-toc '>Compartir esta noticia<\/h5><ul class='av-share-box-list noLightbox'><li class='av-share-link av-social-link-facebook' ><a target=\"_blank\" aria-label=\"Compartir en Facebook\" href='https:\/\/www.facebook.com\/sharer.php?u=https:\/\/radiorevelacionfm.cl\/?p=26284&#038;t=Hasta%20el%2031%20de%20enero%20se%20encontrar%C3%A1n%20abiertas%20las%20postulaciones%20al%20Sello%20Calidad%20de%20Le%C3%B1a' aria-hidden='false' data-av_icon='\ue8f3' data-av_iconfont='entypo-fontello' title='' data-avia-related-tooltip='Compartir en Facebook' rel=\"noopener\"><span class='avia_hidden_link_text'>Compartir en Facebook<\/span><\/a><\/li><li class='av-share-link av-social-link-twitter' ><a target=\"_blank\" aria-label=\"Compartir en Twitter\" href='https:\/\/twitter.com\/share?text=Hasta%20el%2031%20de%20enero%20se%20encontrar%C3%A1n%20abiertas%20las%20postulaciones%20al%20Sello%20Calidad%20de%20Le%C3%B1a&#038;url=https:\/\/radiorevelacionfm.cl\/?p=26284' aria-hidden='false' data-av_icon='\ue8f1' data-av_iconfont='entypo-fontello' title='' data-avia-related-tooltip='Compartir en Twitter' rel=\"noopener\"><span class='avia_hidden_link_text'>Compartir en Twitter<\/span><\/a><\/li><li class='av-share-link av-social-link-whatsapp' ><a target=\"_blank\" aria-label=\"Compartir en Whatsapp\" href='https:\/\/api.whatsapp.com\/send?text=https:\/\/radiorevelacionfm.cl\/?p=26284' aria-hidden='false' data-av_icon='\uf232' data-av_iconfont='entypo-fontello' title='' data-avia-related-tooltip='Compartir en Whatsapp' rel=\"noopener\"><span class='avia_hidden_link_text'>Compartir en Whatsapp<\/span><\/a><\/li><li class='av-share-link av-social-link-linkedin' ><a target=\"_blank\" aria-label=\"Compartir en LinkedIn\" href='https:\/\/linkedin.com\/shareArticle?mini=true&#038;title=Hasta%20el%2031%20de%20enero%20se%20encontrar%C3%A1n%20abiertas%20las%20postulaciones%20al%20Sello%20Calidad%20de%20Le%C3%B1a&#038;url=https:\/\/radiorevelacionfm.cl\/?p=26284' aria-hidden='false' data-av_icon='\ue8fc' data-av_iconfont='entypo-fontello' title='' data-avia-related-tooltip='Compartir en LinkedIn' rel=\"noopener\"><span class='avia_hidden_link_text'>Compartir en LinkedIn<\/span><\/a><\/li><li class='av-share-link av-social-link-mail' ><a  aria-label=\"Compartir por correo\" href='mailto:?subject=Hasta%20el%2031%20de%20enero%20se%20encontrar%C3%A1n%20abiertas%20las%20postulaciones%20al%20Sello%20Calidad%20de%20Le%C3%B1a&#038;body=https:\/\/radiorevelacionfm.cl\/?p=26284' aria-hidden='false' data-av_icon='\ue805' data-av_iconfont='entypo-fontello' title='' data-avia-related-tooltip='Compartir por correo'><span class='avia_hidden_link_text'>Compartir por correo<\/span><\/a><\/li><\/ul><\/div><\/div>\n<div  style='height:50px' class='hr hr-invisible   avia-builder-el-8  el_after_av_social_share  el_before_av_comments_list '><span class='hr-inner ' ><span class='hr-inner-style'><\/span><\/span><\/div>\n<div  class='av-buildercomment  av-blog-meta-html-info-disabled av-blog-meta-tag-disabled  '><\/div>\n","protected":false},"excerpt":{"rendered":"","protected":false},"author":1,"featured_media":26285,"comment_status":"open","ping_status":"open","sticky":false,"template":"","format":"standard","meta":{"footnotes":""},"categories":[38],"tags":[],"class_list":["post-26284","post","type-post","status-publish","format-standard","has-post-thumbnail","hentry","category-regional"],"jetpack_featured_media_url":"https:\/\/radiorevelacionfm.cl\/wp-content\/uploads\/2023\/01\/img_6910-1_optimized.jpg","_links":{"self":[{"href":"https:\/\/radiorevelacionfm.cl\/index.php?rest_route=\/wp\/v2\/posts\/26284","targetHints":{"allow":["GET"]}}],"collection":[{"href":"https:\/\/radiorevelacionfm.cl\/index.php?rest_route=\/wp\/v2\/posts"}],"about":[{"href":"https:\/\/radiorevelacionfm.cl\/index.php?rest_route=\/wp\/v2\/types\/post"}],"author":[{"embeddable":true,"href":"https:\/\/radiorevelacionfm.cl\/index.php?rest_route=\/wp\/v2\/users\/1"}],"replies":[{"embeddable":true,"href":"https:\/\/radiorevelacionfm.cl\/index.php?rest_route=%2Fwp%2Fv2%2Fcomments&post=26284"}],"version-history":[{"count":2,"href":"https:\/\/radiorevelacionfm.cl\/index.php?rest_route=\/wp\/v2\/posts\/26284\/revisions"}],"predecessor-version":[{"id":26312,"href":"https:\/\/radiorevelacionfm.cl\/index.php?rest_route=\/wp\/v2\/posts\/26284\/revisions\/26312"}],"wp:featuredmedia":[{"embeddable":true,"href":"https:\/\/radiorevelacionfm.cl\/index.php?rest_route=\/wp\/v2\/media\/26285"}],"wp:attachment":[{"href":"https:\/\/radiorevelacionfm.cl\/index.php?rest_route=%2Fwp%2Fv2%2Fmedia&parent=26284"}],"wp:term":[{"taxonomy":"category","embeddable":true,"href":"https:\/\/radiorevelacionfm.cl\/index.php?rest_route=%2Fwp%2Fv2%2Fcategories&post=26284"},{"taxonomy":"post_tag","embeddable":true,"href":"https:\/\/radiorevelacionfm.cl\/index.php?rest_route=%2Fwp%2Fv2%2Ftags&post=26284"}],"curies":[{"name":"wp","href":"https:\/\/api.w.org\/{rel}","templated":true}]}}