{"id":26281,"date":"2023-01-05T19:11:44","date_gmt":"2023-01-05T22:11:44","guid":{"rendered":"https:\/\/radiorevelacionfm.cl\/?p=26281"},"modified":"2023-01-05T19:11:44","modified_gmt":"2023-01-05T22:11:44","slug":"seremi-de-gobierno-destaco-nuevas-medidas-economicas-anunciadas-por-el-presidente-boric","status":"publish","type":"post","link":"https:\/\/radiorevelacionfm.cl\/?p=26281","title":{"rendered":"Seremi de Gobierno destac\u00f3 nuevas medidas econ\u00f3micas anunciadas por el Presidente Boric"},"content":{"rendered":"<div class=\"flex_column av_one_full  flex_column_div av-zero-column-padding first  avia-builder-el-0  el_before_av_one_full  avia-builder-el-first  \" style='border-radius:0px; '><div  class='avia-image-container  av-styling-    avia-builder-el-1  avia-builder-el-no-sibling  avia-align-center '  itemprop=\"image\" itemscope=\"itemscope\" itemtype=\"https:\/\/schema.org\/ImageObject\"  ><div class='avia-image-container-inner'><div class='avia-image-overlay-wrap'><img decoding=\"async\" class='wp-image-26282 avia-img-lazy-loading-not-26282 avia_image' src=\"https:\/\/radiorevelacionfm.cl\/wp-content\/uploads\/2023\/01\/Foto-2-24-1-1.jpeg\" alt='' title='Foto 2 (24) (1) (1)' height=\"600\" width=\"901\"  itemprop=\"thumbnailUrl\" srcset=\"https:\/\/radiorevelacionfm.cl\/wp-content\/uploads\/2023\/01\/Foto-2-24-1-1.jpeg 901w, https:\/\/radiorevelacionfm.cl\/wp-content\/uploads\/2023\/01\/Foto-2-24-1-1-300x200.jpeg 300w, https:\/\/radiorevelacionfm.cl\/wp-content\/uploads\/2023\/01\/Foto-2-24-1-1-768x511.jpeg 768w, https:\/\/radiorevelacionfm.cl\/wp-content\/uploads\/2023\/01\/Foto-2-24-1-1-705x469.jpeg 705w, https:\/\/radiorevelacionfm.cl\/wp-content\/uploads\/2023\/01\/Foto-2-24-1-1-600x400.jpeg 600w\" sizes=\"(max-width: 901px) 100vw, 901px\" \/><\/div><\/div><\/div><\/div><div class=\"flex_column av_one_full  flex_column_div av-zero-column-padding first  avia-builder-el-2  el_after_av_one_full  el_before_av_one_full  column-top-margin\" style='border-radius:0px; '><section class=\"av_textblock_section \"  itemscope=\"itemscope\" itemtype=\"https:\/\/schema.org\/BlogPosting\" itemprop=\"blogPost\" ><div class='avia_textblock  '   itemprop=\"text\" ><p style=\"text-align: center;\"><strong><span style=\"font-size: 18pt;\">Seremi de Gobierno destac\u00f3 nuevas medidas econ\u00f3micas anunciadas por el Presidente Boric<\/span><\/strong><\/p>\n<div id=\"gtx-trans\" style=\"position: absolute; left: -50px; top: 4.31534px;\">\n<div class=\"gtx-trans-icon\"><\/div>\n<\/div>\n<\/div><\/section><\/div><div class=\"flex_column av_one_full  flex_column_div av-zero-column-padding first  avia-builder-el-4  el_after_av_one_full  el_before_av_hr  column-top-margin\" style='border-radius:0px; '><section class=\"av_textblock_section \"  itemscope=\"itemscope\" itemtype=\"https:\/\/schema.org\/BlogPosting\" itemprop=\"blogPost\" ><div class='avia_textblock  '   itemprop=\"text\" ><div>\n<p class=\"v1MsoNormal\" style=\"text-align: justify;\">La Seremi de Gobierno de Ays\u00e9n, Tatiana Pl\u00e1 \u00c1lvarez, relev\u00f3 el anuncio que hiciera este jueves el Presidente de la Rep\u00fablica, Gabriel Boric, de una serie de medidas orientadas a ayudar a las familias del pa\u00eds, ante el complejo panorama actual, donde se vislumbra una baja en el sector econ\u00f3mico.<\/p>\n<p class=\"v1MsoNormal\" style=\"text-align: justify;\">Entre las nuevas medidas presentadas por el mandatario, las que tendr\u00e1n que ser discutidas y respaldadas por el Congreso, la portavoz destac\u00f3 el aumento al doble del Aporte Familiar Permanente (Bono Marzo); la creaci\u00f3n de un Bolsillo Familiar Electr\u00f3nico y el aumento y ampliaci\u00f3n de la Asignaci\u00f3n Familiar (AF) y del Subsidio \u00danico Familiar (SUF) beneficiando a m\u00e1s de 1 mill\u00f3n 500 mil hogares del Subsistema de Seguridades y Oportunidades, o que reciben el pago de Asignaci\u00f3n Familiar o Maternal por sus cargas familiares.<\/p>\n<p class=\"v1MsoNormal\" style=\"text-align: justify;\">\u00abOtra medida a destacar es que se extender\u00e1 el plazo de postulaci\u00f3n para que nuevas personas puedan acceder al IFE Laboral y al Subsidio Protege, durante todo el primer semestre de 2023, y se establecer\u00e1n nuevos convenios con las farmacias para aumentar de 2.700 a 6.900 los medicamentos con descuentos, lo que disminuir\u00e1 su valor en un promedio de 32%\u00bb, agreg\u00f3.<\/p>\n<p class=\"v1MsoNormal\" style=\"text-align: justify;\">La seremi tambi\u00e9n explic\u00f3 que el paquete de medidas econ\u00f3micas considera la ampliaci\u00f3n de los cupos del Programa de Alimentaci\u00f3n Escolar (PAE) a 50 mil ni\u00f1os de pre-kinder y kinder de colegios p\u00fablicos, un aumento en el monto de la Beca de Alimentaci\u00f3n para la Educaci\u00f3n Superior (BAES) y la creaci\u00f3n de un fondo especial de garant\u00edas estatales de 50 mil millones de pesos, para respaldar cr\u00e9ditos en el sector de la construcci\u00f3n, permitiendo la mantenci\u00f3n y el fomento de nuevos empleos.<\/p>\n<p class=\"v1MsoNormal\" style=\"text-align: justify;\">\u00abLas medidas anunciadas por nuestro Presidente se suman a otras iniciativas y proyectos de ley que hemos impulsado desde el gobierno para ayudar a las familias del pa\u00eds y la regi\u00f3n de Ays\u00e9n como por ejemplo la estabilizaci\u00f3n del precio de los combustibles, la incorporaci\u00f3n de 70 mil nuevos bene\ufb01ciarios a la Pensi\u00f3n Garantizada Universal (PGU), la creaci\u00f3n del nuevo Fondo de Garant\u00eda para el Peque\u00f1o Empresario (FOGAPE y la ley de alivio tributario para las empresas de menor tama\u00f1o, entre otras\u00bb, concluy\u00f3 Tatiana Pl\u00e1.<\/p>\n<\/div>\n<div style=\"text-align: justify;\"><\/div>\n<\/div><\/section><\/div><div  style='height:50px' class='hr hr-invisible   avia-builder-el-6  el_after_av_one_full  el_before_av_social_share '><span class='hr-inner ' ><span class='hr-inner-style'><\/span><\/span><\/div><\/p>\n<div  class='av-social-sharing-box  avia-builder-el-7  el_after_av_hr  el_before_av_hr  '><div class='av-share-box'><h5 class='av-share-link-description av-no-toc '>Compartir esta noticia<\/h5><ul class='av-share-box-list noLightbox'><li class='av-share-link av-social-link-facebook' ><a target=\"_blank\" aria-label=\"Compartir en Facebook\" href='https:\/\/www.facebook.com\/sharer.php?u=https:\/\/radiorevelacionfm.cl\/?p=26281&#038;t=Seremi%20de%20Gobierno%20destac%C3%B3%20nuevas%20medidas%20econ%C3%B3micas%20anunciadas%20por%20el%20Presidente%20Boric' aria-hidden='false' data-av_icon='\ue8f3' data-av_iconfont='entypo-fontello' title='' data-avia-related-tooltip='Compartir en Facebook' rel=\"noopener\"><span class='avia_hidden_link_text'>Compartir en Facebook<\/span><\/a><\/li><li class='av-share-link av-social-link-twitter' ><a target=\"_blank\" aria-label=\"Compartir en Twitter\" href='https:\/\/twitter.com\/share?text=Seremi%20de%20Gobierno%20destac%C3%B3%20nuevas%20medidas%20econ%C3%B3micas%20anunciadas%20por%20el%20Presidente%20Boric&#038;url=https:\/\/radiorevelacionfm.cl\/?p=26281' aria-hidden='false' data-av_icon='\ue8f1' data-av_iconfont='entypo-fontello' title='' data-avia-related-tooltip='Compartir en Twitter' rel=\"noopener\"><span class='avia_hidden_link_text'>Compartir en Twitter<\/span><\/a><\/li><li class='av-share-link av-social-link-whatsapp' ><a target=\"_blank\" aria-label=\"Compartir en Whatsapp\" href='https:\/\/api.whatsapp.com\/send?text=https:\/\/radiorevelacionfm.cl\/?p=26281' aria-hidden='false' data-av_icon='\uf232' data-av_iconfont='entypo-fontello' title='' data-avia-related-tooltip='Compartir en Whatsapp' rel=\"noopener\"><span class='avia_hidden_link_text'>Compartir en Whatsapp<\/span><\/a><\/li><li class='av-share-link av-social-link-linkedin' ><a target=\"_blank\" aria-label=\"Compartir en LinkedIn\" href='https:\/\/linkedin.com\/shareArticle?mini=true&#038;title=Seremi%20de%20Gobierno%20destac%C3%B3%20nuevas%20medidas%20econ%C3%B3micas%20anunciadas%20por%20el%20Presidente%20Boric&#038;url=https:\/\/radiorevelacionfm.cl\/?p=26281' aria-hidden='false' data-av_icon='\ue8fc' data-av_iconfont='entypo-fontello' title='' data-avia-related-tooltip='Compartir en LinkedIn' rel=\"noopener\"><span class='avia_hidden_link_text'>Compartir en LinkedIn<\/span><\/a><\/li><li class='av-share-link av-social-link-mail' ><a  aria-label=\"Compartir por correo\" href='mailto:?subject=Seremi%20de%20Gobierno%20destac%C3%B3%20nuevas%20medidas%20econ%C3%B3micas%20anunciadas%20por%20el%20Presidente%20Boric&#038;body=https:\/\/radiorevelacionfm.cl\/?p=26281' aria-hidden='false' data-av_icon='\ue805' data-av_iconfont='entypo-fontello' title='' data-avia-related-tooltip='Compartir por correo'><span class='avia_hidden_link_text'>Compartir por correo<\/span><\/a><\/li><\/ul><\/div><\/div>\n<div  style='height:50px' class='hr hr-invisible   avia-builder-el-8  el_after_av_social_share  el_before_av_comments_list '><span class='hr-inner ' ><span class='hr-inner-style'><\/span><\/span><\/div>\n<div  class='av-buildercomment  av-blog-meta-html-info-disabled av-blog-meta-tag-disabled  '><\/div>\n","protected":false},"excerpt":{"rendered":"","protected":false},"author":1,"featured_media":26282,"comment_status":"open","ping_status":"open","sticky":false,"template":"","format":"standard","meta":{"footnotes":""},"categories":[38],"tags":[],"class_list":["post-26281","post","type-post","status-publish","format-standard","has-post-thumbnail","hentry","category-regional"],"jetpack_featured_media_url":"https:\/\/radiorevelacionfm.cl\/wp-content\/uploads\/2023\/01\/Foto-2-24-1-1.jpeg","_links":{"self":[{"href":"https:\/\/radiorevelacionfm.cl\/index.php?rest_route=\/wp\/v2\/posts\/26281","targetHints":{"allow":["GET"]}}],"collection":[{"href":"https:\/\/radiorevelacionfm.cl\/index.php?rest_route=\/wp\/v2\/posts"}],"about":[{"href":"https:\/\/radiorevelacionfm.cl\/index.php?rest_route=\/wp\/v2\/types\/post"}],"author":[{"embeddable":true,"href":"https:\/\/radiorevelacionfm.cl\/index.php?rest_route=\/wp\/v2\/users\/1"}],"replies":[{"embeddable":true,"href":"https:\/\/radiorevelacionfm.cl\/index.php?rest_route=%2Fwp%2Fv2%2Fcomments&post=26281"}],"version-history":[{"count":2,"href":"https:\/\/radiorevelacionfm.cl\/index.php?rest_route=\/wp\/v2\/posts\/26281\/revisions"}],"predecessor-version":[{"id":26296,"href":"https:\/\/radiorevelacionfm.cl\/index.php?rest_route=\/wp\/v2\/posts\/26281\/revisions\/26296"}],"wp:featuredmedia":[{"embeddable":true,"href":"https:\/\/radiorevelacionfm.cl\/index.php?rest_route=\/wp\/v2\/media\/26282"}],"wp:attachment":[{"href":"https:\/\/radiorevelacionfm.cl\/index.php?rest_route=%2Fwp%2Fv2%2Fmedia&parent=26281"}],"wp:term":[{"taxonomy":"category","embeddable":true,"href":"https:\/\/radiorevelacionfm.cl\/index.php?rest_route=%2Fwp%2Fv2%2Fcategories&post=26281"},{"taxonomy":"post_tag","embeddable":true,"href":"https:\/\/radiorevelacionfm.cl\/index.php?rest_route=%2Fwp%2Fv2%2Ftags&post=26281"}],"curies":[{"name":"wp","href":"https:\/\/api.w.org\/{rel}","templated":true}]}}