{"id":26277,"date":"2023-01-05T16:32:36","date_gmt":"2023-01-05T19:32:36","guid":{"rendered":"https:\/\/radiorevelacionfm.cl\/?p=26277"},"modified":"2023-01-05T16:32:36","modified_gmt":"2023-01-05T19:32:36","slug":"entregan-vivienda-social-con-accesibilidad-universal-a-vecina-de-villa-manihuales","status":"publish","type":"post","link":"https:\/\/radiorevelacionfm.cl\/?p=26277","title":{"rendered":"Entregan vivienda social con accesibilidad universal a vecina de Villa Ma\u00f1ihuales"},"content":{"rendered":"<div class=\"flex_column av_one_full  flex_column_div av-zero-column-padding first  avia-builder-el-0  el_before_av_one_full  avia-builder-el-first  \" style='border-radius:0px; '><div  class='avia-image-container  av-styling-    avia-builder-el-1  avia-builder-el-no-sibling  avia-align-center '  itemprop=\"image\" itemscope=\"itemscope\" itemtype=\"https:\/\/schema.org\/ImageObject\"  ><div class='avia-image-container-inner'><div class='avia-image-overlay-wrap'><img decoding=\"async\" class='wp-image-26278 avia-img-lazy-loading-not-26278 avia_image' src=\"https:\/\/radiorevelacionfm.cl\/wp-content\/uploads\/2023\/01\/Fotografia-3-1.jpg\" alt='' title='Fotograf\u00eda (3) (1)' height=\"600\" width=\"1331\"  itemprop=\"thumbnailUrl\" srcset=\"https:\/\/radiorevelacionfm.cl\/wp-content\/uploads\/2023\/01\/Fotografia-3-1.jpg 1331w, https:\/\/radiorevelacionfm.cl\/wp-content\/uploads\/2023\/01\/Fotografia-3-1-300x135.jpg 300w, https:\/\/radiorevelacionfm.cl\/wp-content\/uploads\/2023\/01\/Fotografia-3-1-1030x464.jpg 1030w, https:\/\/radiorevelacionfm.cl\/wp-content\/uploads\/2023\/01\/Fotografia-3-1-768x346.jpg 768w, https:\/\/radiorevelacionfm.cl\/wp-content\/uploads\/2023\/01\/Fotografia-3-1-705x318.jpg 705w, https:\/\/radiorevelacionfm.cl\/wp-content\/uploads\/2023\/01\/Fotografia-3-1-600x270.jpg 600w\" sizes=\"(max-width: 1331px) 100vw, 1331px\" \/><\/div><\/div><\/div><\/div><div class=\"flex_column av_one_full  flex_column_div av-zero-column-padding first  avia-builder-el-2  el_after_av_one_full  el_before_av_one_full  column-top-margin\" style='border-radius:0px; '><section class=\"av_textblock_section \"  itemscope=\"itemscope\" itemtype=\"https:\/\/schema.org\/BlogPosting\" itemprop=\"blogPost\" ><div class='avia_textblock  '   itemprop=\"text\" ><p style=\"text-align: center;\"><strong><span style=\"font-size: 18pt;\">Entregan vivienda social con accesibilidad universal a vecina de Villa Ma\u00f1ihuales<\/span><\/strong><\/p>\n<div id=\"gtx-trans\" style=\"position: absolute; left: -50px; top: 4.31534px;\">\n<div class=\"gtx-trans-icon\"><\/div>\n<\/div>\n<\/div><\/section><\/div><div class=\"flex_column av_one_full  flex_column_div av-zero-column-padding first  avia-builder-el-4  el_after_av_one_full  el_before_av_hr  column-top-margin\" style='border-radius:0px; '><section class=\"av_textblock_section \"  itemscope=\"itemscope\" itemtype=\"https:\/\/schema.org\/BlogPosting\" itemprop=\"blogPost\" ><div class='avia_textblock  '   itemprop=\"text\" ><p style=\"text-align: justify;\">Durante la semana, el alcalde subrogante, Marco Co\u00f1uecar, y la Seremi de Vivienda, Paulina Ruz, concretaron la entrega de una vivienda social con accesibilidad universal a do\u00f1a Ana Ojeda, residente y emprendedora de Villa Ma\u00f1ihuales, cumpliendo con el compromiso adquirido por el alcalde Julio Uribe Alvarado.<\/p>\n<p style=\"text-align: justify;\">La gesti\u00f3n de la vivienda surgi\u00f3 cuando, durante una visita a la localidad, la vecina se acerc\u00f3 para dar cuenta de su situaci\u00f3n, ya que su casa se encontraba en estado de inhabitabilidad, en la que moraban menores de edad. Esta situaci\u00f3n se vio agravada, debido a que ella se encuentra en situaci\u00f3n de discapacidad por contar con movilidad reducida.<\/p>\n<p style=\"text-align: justify;\">\u201cEstamos muy contentos porque hoy do\u00f1a Ana tiene su casa y su taller. Esta es la se\u00f1al de que cuando uno se compromete, cumple. Puede haber demoras porque los procesos administrativos son lentos, pero gracias a la voluntad de todos se puede concretar un mejor Ays\u00e9n\u201d, se\u00f1al\u00f3 Co\u00f1uecar durante la entrega de la vivienda.<\/p>\n<p style=\"text-align: justify;\">Junto a la Entidad Patrocinante se realizaron las gestiones ante el Serviu, a trav\u00e9s de la formulaci\u00f3n y presentaci\u00f3n del proyecto para conseguir los recursos que permitieran su construcci\u00f3n. As\u00ed, despu\u00e9s de un largo proceso, en el que personal municipal y ministerial supervis\u00f3 e inspeccion\u00f3 la ejecuci\u00f3n de las obras, se logr\u00f3 cumplir con el compromiso del alcalde.<\/p>\n<p style=\"text-align: justify;\">Carolina Cifuentes, encargada de la Unidad Patrocinante Municipal, indic\u00f3 que la vivienda cuenta con todas las condiciones necesarias de habitabilidad para la beneficiaria, acorde a sus necesidades de desplazamiento f\u00edsico.<\/p>\n<p style=\"text-align: justify;\">La construcci\u00f3n de la vivienda se acogi\u00f3 al programa DS10 y fue financiada con recursos del Ministerio de Vivienda y Urbanismo, y cuenta con un recinto complementario para que pueda desarrollar sus actividades econ\u00f3micas de emprendimiento.<\/p>\n<p style=\"text-align: justify;\">Los vecinos que cuenten con una vivienda declarada inhabitable, o que se encuentre en mal estado y pueda ser consignada como tal, pueden acercarse a la Entidad Patrocinante Municipal para buscar asesor\u00eda y postular a proyectos y subsidios que les permitan realizar mejoras en sus hogares.<\/p>\n<p style=\"text-align: justify;\">\u201cEstoy muy contenta y orgullosa porque hoy el sue\u00f1o se hizo realidad, especialmente de don Julio Uribe, que me dio su mano y su apoyo\u201d, se\u00f1al\u00f3 do\u00f1a Ana, agradeciendo el trabajo y seguimiento que se hizo de la gesti\u00f3n de construcci\u00f3n de su vivienda. \u201cEstoy m\u00e1s tranquila porque me construyeron mi local para poder seguir con mi emprendimiento, para poder trabajar desde mi casa\u201d.<\/p>\n<p style=\"text-align: justify;\">Con estas acciones, se reafirma el compromiso de la Ilustre Municipalidad de Ays\u00e9n a seguir trabajando en conjunto con todas y todos los ayseninos, con el fin de mejorar la calidad de vida de quienes residen en la comuna.<\/p>\n<\/div><\/section><\/div><div  style='height:50px' class='hr hr-invisible   avia-builder-el-6  el_after_av_one_full  el_before_av_social_share '><span class='hr-inner ' ><span class='hr-inner-style'><\/span><\/span><\/div><\/p>\n<div  class='av-social-sharing-box  avia-builder-el-7  el_after_av_hr  el_before_av_hr  '><div class='av-share-box'><h5 class='av-share-link-description av-no-toc '>Compartir esta noticia<\/h5><ul class='av-share-box-list noLightbox'><li class='av-share-link av-social-link-facebook' ><a target=\"_blank\" aria-label=\"Compartir en Facebook\" href='https:\/\/www.facebook.com\/sharer.php?u=https:\/\/radiorevelacionfm.cl\/?p=26277&#038;t=Entregan%20vivienda%20social%20con%20accesibilidad%20universal%20a%20vecina%20de%20Villa%20Ma%C3%B1ihuales' aria-hidden='false' data-av_icon='\ue8f3' data-av_iconfont='entypo-fontello' title='' data-avia-related-tooltip='Compartir en Facebook' rel=\"noopener\"><span class='avia_hidden_link_text'>Compartir en Facebook<\/span><\/a><\/li><li class='av-share-link av-social-link-twitter' ><a target=\"_blank\" aria-label=\"Compartir en Twitter\" href='https:\/\/twitter.com\/share?text=Entregan%20vivienda%20social%20con%20accesibilidad%20universal%20a%20vecina%20de%20Villa%20Ma%C3%B1ihuales&#038;url=https:\/\/radiorevelacionfm.cl\/?p=26277' aria-hidden='false' data-av_icon='\ue8f1' data-av_iconfont='entypo-fontello' title='' data-avia-related-tooltip='Compartir en Twitter' rel=\"noopener\"><span class='avia_hidden_link_text'>Compartir en Twitter<\/span><\/a><\/li><li class='av-share-link av-social-link-whatsapp' ><a target=\"_blank\" aria-label=\"Compartir en Whatsapp\" href='https:\/\/api.whatsapp.com\/send?text=https:\/\/radiorevelacionfm.cl\/?p=26277' aria-hidden='false' data-av_icon='\uf232' data-av_iconfont='entypo-fontello' title='' data-avia-related-tooltip='Compartir en Whatsapp' rel=\"noopener\"><span class='avia_hidden_link_text'>Compartir en Whatsapp<\/span><\/a><\/li><li class='av-share-link av-social-link-linkedin' ><a target=\"_blank\" aria-label=\"Compartir en LinkedIn\" href='https:\/\/linkedin.com\/shareArticle?mini=true&#038;title=Entregan%20vivienda%20social%20con%20accesibilidad%20universal%20a%20vecina%20de%20Villa%20Ma%C3%B1ihuales&#038;url=https:\/\/radiorevelacionfm.cl\/?p=26277' aria-hidden='false' data-av_icon='\ue8fc' data-av_iconfont='entypo-fontello' title='' data-avia-related-tooltip='Compartir en LinkedIn' rel=\"noopener\"><span class='avia_hidden_link_text'>Compartir en LinkedIn<\/span><\/a><\/li><li class='av-share-link av-social-link-mail' ><a  aria-label=\"Compartir por correo\" href='mailto:?subject=Entregan%20vivienda%20social%20con%20accesibilidad%20universal%20a%20vecina%20de%20Villa%20Ma%C3%B1ihuales&#038;body=https:\/\/radiorevelacionfm.cl\/?p=26277' aria-hidden='false' data-av_icon='\ue805' data-av_iconfont='entypo-fontello' title='' data-avia-related-tooltip='Compartir por correo'><span class='avia_hidden_link_text'>Compartir por correo<\/span><\/a><\/li><\/ul><\/div><\/div>\n<div  style='height:50px' class='hr hr-invisible   avia-builder-el-8  el_after_av_social_share  el_before_av_comments_list '><span class='hr-inner ' ><span class='hr-inner-style'><\/span><\/span><\/div>\n<div  class='av-buildercomment  av-blog-meta-html-info-disabled av-blog-meta-tag-disabled  '><\/div>\n","protected":false},"excerpt":{"rendered":"","protected":false},"author":1,"featured_media":26278,"comment_status":"open","ping_status":"open","sticky":false,"template":"","format":"standard","meta":{"footnotes":""},"categories":[57],"tags":[],"class_list":["post-26277","post","type-post","status-publish","format-standard","has-post-thumbnail","hentry","category-vivienda"],"jetpack_featured_media_url":"https:\/\/radiorevelacionfm.cl\/wp-content\/uploads\/2023\/01\/Fotografia-3-1.jpg","_links":{"self":[{"href":"https:\/\/radiorevelacionfm.cl\/index.php?rest_route=\/wp\/v2\/posts\/26277","targetHints":{"allow":["GET"]}}],"collection":[{"href":"https:\/\/radiorevelacionfm.cl\/index.php?rest_route=\/wp\/v2\/posts"}],"about":[{"href":"https:\/\/radiorevelacionfm.cl\/index.php?rest_route=\/wp\/v2\/types\/post"}],"author":[{"embeddable":true,"href":"https:\/\/radiorevelacionfm.cl\/index.php?rest_route=\/wp\/v2\/users\/1"}],"replies":[{"embeddable":true,"href":"https:\/\/radiorevelacionfm.cl\/index.php?rest_route=%2Fwp%2Fv2%2Fcomments&post=26277"}],"version-history":[{"count":2,"href":"https:\/\/radiorevelacionfm.cl\/index.php?rest_route=\/wp\/v2\/posts\/26277\/revisions"}],"predecessor-version":[{"id":26280,"href":"https:\/\/radiorevelacionfm.cl\/index.php?rest_route=\/wp\/v2\/posts\/26277\/revisions\/26280"}],"wp:featuredmedia":[{"embeddable":true,"href":"https:\/\/radiorevelacionfm.cl\/index.php?rest_route=\/wp\/v2\/media\/26278"}],"wp:attachment":[{"href":"https:\/\/radiorevelacionfm.cl\/index.php?rest_route=%2Fwp%2Fv2%2Fmedia&parent=26277"}],"wp:term":[{"taxonomy":"category","embeddable":true,"href":"https:\/\/radiorevelacionfm.cl\/index.php?rest_route=%2Fwp%2Fv2%2Fcategories&post=26277"},{"taxonomy":"post_tag","embeddable":true,"href":"https:\/\/radiorevelacionfm.cl\/index.php?rest_route=%2Fwp%2Fv2%2Ftags&post=26277"}],"curies":[{"name":"wp","href":"https:\/\/api.w.org\/{rel}","templated":true}]}}