{"id":26274,"date":"2023-01-06T09:38:39","date_gmt":"2023-01-06T12:38:39","guid":{"rendered":"https:\/\/radiorevelacionfm.cl\/?p=26274"},"modified":"2023-01-06T09:38:39","modified_gmt":"2023-01-06T12:38:39","slug":"premian-a-ganadores-de-concurso-literario-rescatando-la-memoria-organizado-por-programa-pespi-del-servicio-de-salud","status":"publish","type":"post","link":"https:\/\/radiorevelacionfm.cl\/?p=26274","title":{"rendered":"Premian a ganadores de concurso literario \u201cRescatando la Memoria\u201d organizado por programa PESPI del Servicio de Salud"},"content":{"rendered":"<div class=\"flex_column av_one_full  flex_column_div av-zero-column-padding first  avia-builder-el-0  el_before_av_one_full  avia-builder-el-first  \" style='border-radius:0px; '><div  class='avia-image-container  av-styling-    avia-builder-el-1  avia-builder-el-no-sibling  avia-align-center '  itemprop=\"image\" itemscope=\"itemscope\" itemtype=\"https:\/\/schema.org\/ImageObject\"  ><div class='avia-image-container-inner'><div class='avia-image-overlay-wrap'><img decoding=\"async\" class='wp-image-26275 avia-img-lazy-loading-not-26275 avia_image' src=\"https:\/\/radiorevelacionfm.cl\/wp-content\/uploads\/2023\/01\/PREMIACION-PESPI-5-1-1.jpeg\" alt='' title='PREMIACI\u00d3N PESPI (5) (1) (1)' height=\"780\" width=\"1040\"  itemprop=\"thumbnailUrl\" srcset=\"https:\/\/radiorevelacionfm.cl\/wp-content\/uploads\/2023\/01\/PREMIACION-PESPI-5-1-1.jpeg 1040w, https:\/\/radiorevelacionfm.cl\/wp-content\/uploads\/2023\/01\/PREMIACION-PESPI-5-1-1-300x225.jpeg 300w, https:\/\/radiorevelacionfm.cl\/wp-content\/uploads\/2023\/01\/PREMIACION-PESPI-5-1-1-1030x773.jpeg 1030w, https:\/\/radiorevelacionfm.cl\/wp-content\/uploads\/2023\/01\/PREMIACION-PESPI-5-1-1-768x576.jpeg 768w, https:\/\/radiorevelacionfm.cl\/wp-content\/uploads\/2023\/01\/PREMIACION-PESPI-5-1-1-705x529.jpeg 705w, https:\/\/radiorevelacionfm.cl\/wp-content\/uploads\/2023\/01\/PREMIACION-PESPI-5-1-1-600x450.jpeg 600w\" sizes=\"(max-width: 1040px) 100vw, 1040px\" \/><\/div><\/div><\/div><\/div><div class=\"flex_column av_one_full  flex_column_div av-zero-column-padding first  avia-builder-el-2  el_after_av_one_full  el_before_av_one_full  column-top-margin\" style='border-radius:0px; '><section class=\"av_textblock_section \"  itemscope=\"itemscope\" itemtype=\"https:\/\/schema.org\/BlogPosting\" itemprop=\"blogPost\" ><div class='avia_textblock  '   itemprop=\"text\" ><p style=\"text-align: center;\"><span style=\"font-size: 18pt;\"><b>Premian a ganadores de concurso literario \u201cRescatando la Memoria\u201d organizado por programa PESPI del Servicio de Salud<\/b><\/span><\/p>\n<div id=\"gtx-trans\" style=\"position: absolute; left: -50px; top: 4.31534px;\">\n<div class=\"gtx-trans-icon\"><\/div>\n<\/div>\n<\/div><\/section><\/div><div class=\"flex_column av_one_full  flex_column_div av-zero-column-padding first  avia-builder-el-4  el_after_av_one_full  el_before_av_hr  column-top-margin\" style='border-radius:0px; '><section class=\"av_textblock_section \"  itemscope=\"itemscope\" itemtype=\"https:\/\/schema.org\/BlogPosting\" itemprop=\"blogPost\" ><div class='avia_textblock  '   itemprop=\"text\" ><p style=\"text-align: justify;\">Con el fin de fortalecer y promover la cultura, historia, pautas y pr\u00e1cticas culturales de nuestro territorio y la comunidad, adem\u00e1s de promover la lectura y la escritura, el Programa Especial de Salud y Pueblos Ind\u00edgenas (PESPI), premi\u00f3 a los ganadores del primer concurso literario \u201cRescatando la Memoria\u201d, \u00a0encuentro donde se reunieron estudiantes profesores, autoridades, representantes de organizaciones ind\u00edgenas, de empresas colaboradoras y por supuesto las familias de cada uno de los ni\u00f1os participantes;<\/p>\n<p style=\"text-align: justify;\">\u201cLa salud no es solo la dolencia f\u00edsica ni tiene que ver solo con\u00a0 la atenci\u00f3n cl\u00ednica, la salud es un todo e involucra todos los elementos\u00a0 con lo que nos relacionamos d\u00eda a d\u00eda, nuestro territorio,\u00a0 nuestra historia es una parte fundamental para el equilibrio espiritual y de nuestro cuerpo , por eso la importancia de rescatar la memoria y retomar nuestra\u00a0 historia y nuestras pautas culturales, porque son nuestro origen y marcan nuestro futuro\u201d, se\u00f1al\u00f3 Marcia Nahuelqu\u00edn Delgado, referente del programa PESPI del Servicio de Salud Ays\u00e9n.<\/p>\n<p style=\"text-align: justify;\">En esta ceremonia se reconoci\u00f3 la participaci\u00f3n de los 25 ni\u00f1os y ni\u00f1as con un certificado de participaci\u00f3n, y se premiaron 6 obras y\/o cuentos, todos relacionados con alguna historia familiar con pertinencia cultural y territorial. \u201cFue muy emotivo escuchar historias y relatos de experiencias vividas por familias de nuestra regi\u00f3n, sin duda hay mucho por hacer y mucho por recopilar; como\u00a0 referente de Programa\u00a0 Especial de Salud y Pueblos Ind\u00edgenas del Servicio de Salud Ays\u00e9n, espero continuar el pr\u00f3ximo a\u00f1o con esta iniciativa, y sumar mayormente al inter-sector y a empresas\u00a0 colaboradoras, en esta ocasi\u00f3n nos acompa\u00f1\u00f3 la encargada de la oficina de asuntos ind\u00edgenas de la Ilustre Municipalidad de Ays\u00e9n, adem\u00e1s de las empresas AquaChile\u00a0 y Australis Mar, quienes colaboraron con los premios.\u00a0\u00a0 Esperamos para el\u00a0\u00a0 a\u00f1o 2023 poder sacar la primera edici\u00f3n del primer libro con los cuentos de los ni\u00f1os de nuestra comuna\u201d, agreg\u00f3 Nahuelqu\u00edn Delgado.<\/p>\n<p style=\"text-align: justify;\">Cabe mencionar a la comisi\u00f3n seleccionadora de las obras, estuvo compuesta por 4 personas, como presidenta de esta comisi\u00f3n Madeline Foitzick profesional del CESFAM de Puerto Ays\u00e9n, Marco Co\u00f1oecar representante de la Ilustre Municipalidad de Ays\u00e9n, el Profesor de Arte, Cristian Bustamante y Pamela Navarrete Profesional, periodista de nuestra regi\u00f3n.<\/p>\n<p style=\"text-align: justify;\">Los cuentos seleccionados fueron:<\/p>\n<p style=\"text-align: justify;\"><strong>Primeros Lugares<\/strong><\/p>\n<p style=\"text-align: justify;\"><strong>\u201cHijo de la\u00a0Luna\u201d<\/strong>\u00a0escrito por Maura Linay Linay de la Escuela B\u00e1sica Almirante Simpson de Puerto Chacabuco.<\/p>\n<p style=\"text-align: justify;\"><strong>\u201cEl Buen Hombre y el Santo de Caguach\u201d<\/strong>, escrito por Paloma Almonacid de la Escuela Ribera Sur de Puerto Ays\u00e9n.<\/p>\n<p style=\"text-align: justify;\"><strong>Segundos\u00a0Lugares<\/strong><\/p>\n<p style=\"text-align: justify;\"><strong>\u201cLa vida de mi Herminda\u201d<\/strong>, escrito por Alonzo Ru\u00edz Ru\u00edz de la Escuela B\u00e1sica.<\/p>\n<p style=\"text-align: justify;\"><strong>\u201cEl Duende del R\u00edo Blanco\u201d<\/strong>, escrito por Emilia Castro Barrientos, de la Escuela Almirante Simpson de Puerto Chacabuco.<\/p>\n<p style=\"text-align: justify;\"><strong>Terceros Lugares.<\/strong><\/p>\n<p style=\"text-align: justify;\"><strong>\u00abLa Leyenda del Cuarto Creciente\u00bb<\/strong>, escrito por Isabella Coronado Haro de la Escuela Almirante Simpson de Puerto Chacabuco.<\/p>\n<p style=\"text-align: justify;\"><strong>\u00a0\u00abPiecitos\u00a0Fr\u00edos\u00bb<\/strong>, escrito por Philippe Creton Maul\u00e9n del Colegio Kalem de Puerto Ays\u00e9n.<\/p>\n<\/div><\/section><\/div><div  style='height:50px' class='hr hr-invisible   avia-builder-el-6  el_after_av_one_full  el_before_av_social_share '><span class='hr-inner ' ><span class='hr-inner-style'><\/span><\/span><\/div><\/p>\n<div  class='av-social-sharing-box  avia-builder-el-7  el_after_av_hr  el_before_av_hr  '><div class='av-share-box'><h5 class='av-share-link-description av-no-toc '>Compartir esta noticia<\/h5><ul class='av-share-box-list noLightbox'><li class='av-share-link av-social-link-facebook' ><a target=\"_blank\" aria-label=\"Compartir en Facebook\" href='https:\/\/www.facebook.com\/sharer.php?u=https:\/\/radiorevelacionfm.cl\/?p=26274&#038;t=Premian%20a%20ganadores%20de%20concurso%20literario%20%E2%80%9CRescatando%20la%20Memoria%E2%80%9D%20organizado%20por%20programa%20PESPI%20del%20Servicio%20de%20Salud' aria-hidden='false' data-av_icon='\ue8f3' data-av_iconfont='entypo-fontello' title='' data-avia-related-tooltip='Compartir en Facebook' rel=\"noopener\"><span class='avia_hidden_link_text'>Compartir en Facebook<\/span><\/a><\/li><li class='av-share-link av-social-link-twitter' ><a target=\"_blank\" aria-label=\"Compartir en Twitter\" href='https:\/\/twitter.com\/share?text=Premian%20a%20ganadores%20de%20concurso%20literario%20%E2%80%9CRescatando%20la%20Memoria%E2%80%9D%20organizado%20por%20programa%20PESPI%20del%20Servicio%20de%20Salud&#038;url=https:\/\/radiorevelacionfm.cl\/?p=26274' aria-hidden='false' data-av_icon='\ue8f1' data-av_iconfont='entypo-fontello' title='' data-avia-related-tooltip='Compartir en Twitter' rel=\"noopener\"><span class='avia_hidden_link_text'>Compartir en Twitter<\/span><\/a><\/li><li class='av-share-link av-social-link-whatsapp' ><a target=\"_blank\" aria-label=\"Compartir en Whatsapp\" href='https:\/\/api.whatsapp.com\/send?text=https:\/\/radiorevelacionfm.cl\/?p=26274' aria-hidden='false' data-av_icon='\uf232' data-av_iconfont='entypo-fontello' title='' data-avia-related-tooltip='Compartir en Whatsapp' rel=\"noopener\"><span class='avia_hidden_link_text'>Compartir en Whatsapp<\/span><\/a><\/li><li class='av-share-link av-social-link-linkedin' ><a target=\"_blank\" aria-label=\"Compartir en LinkedIn\" href='https:\/\/linkedin.com\/shareArticle?mini=true&#038;title=Premian%20a%20ganadores%20de%20concurso%20literario%20%E2%80%9CRescatando%20la%20Memoria%E2%80%9D%20organizado%20por%20programa%20PESPI%20del%20Servicio%20de%20Salud&#038;url=https:\/\/radiorevelacionfm.cl\/?p=26274' aria-hidden='false' data-av_icon='\ue8fc' data-av_iconfont='entypo-fontello' title='' data-avia-related-tooltip='Compartir en LinkedIn' rel=\"noopener\"><span class='avia_hidden_link_text'>Compartir en LinkedIn<\/span><\/a><\/li><li class='av-share-link av-social-link-mail' ><a  aria-label=\"Compartir por correo\" href='mailto:?subject=Premian%20a%20ganadores%20de%20concurso%20literario%20%E2%80%9CRescatando%20la%20Memoria%E2%80%9D%20organizado%20por%20programa%20PESPI%20del%20Servicio%20de%20Salud&#038;body=https:\/\/radiorevelacionfm.cl\/?p=26274' aria-hidden='false' data-av_icon='\ue805' data-av_iconfont='entypo-fontello' title='' data-avia-related-tooltip='Compartir por correo'><span class='avia_hidden_link_text'>Compartir por correo<\/span><\/a><\/li><\/ul><\/div><\/div>\n<div  style='height:50px' class='hr hr-invisible   avia-builder-el-8  el_after_av_social_share  el_before_av_comments_list '><span class='hr-inner ' ><span class='hr-inner-style'><\/span><\/span><\/div>\n<div  class='av-buildercomment  av-blog-meta-html-info-disabled av-blog-meta-tag-disabled  '><\/div>\n","protected":false},"excerpt":{"rendered":"","protected":false},"author":1,"featured_media":26275,"comment_status":"open","ping_status":"open","sticky":false,"template":"","format":"standard","meta":{"footnotes":""},"categories":[46],"tags":[],"class_list":["post-26274","post","type-post","status-publish","format-standard","has-post-thumbnail","hentry","category-salud"],"jetpack_featured_media_url":"https:\/\/radiorevelacionfm.cl\/wp-content\/uploads\/2023\/01\/PREMIACION-PESPI-5-1-1.jpeg","_links":{"self":[{"href":"https:\/\/radiorevelacionfm.cl\/index.php?rest_route=\/wp\/v2\/posts\/26274","targetHints":{"allow":["GET"]}}],"collection":[{"href":"https:\/\/radiorevelacionfm.cl\/index.php?rest_route=\/wp\/v2\/posts"}],"about":[{"href":"https:\/\/radiorevelacionfm.cl\/index.php?rest_route=\/wp\/v2\/types\/post"}],"author":[{"embeddable":true,"href":"https:\/\/radiorevelacionfm.cl\/index.php?rest_route=\/wp\/v2\/users\/1"}],"replies":[{"embeddable":true,"href":"https:\/\/radiorevelacionfm.cl\/index.php?rest_route=%2Fwp%2Fv2%2Fcomments&post=26274"}],"version-history":[{"count":2,"href":"https:\/\/radiorevelacionfm.cl\/index.php?rest_route=\/wp\/v2\/posts\/26274\/revisions"}],"predecessor-version":[{"id":26307,"href":"https:\/\/radiorevelacionfm.cl\/index.php?rest_route=\/wp\/v2\/posts\/26274\/revisions\/26307"}],"wp:featuredmedia":[{"embeddable":true,"href":"https:\/\/radiorevelacionfm.cl\/index.php?rest_route=\/wp\/v2\/media\/26275"}],"wp:attachment":[{"href":"https:\/\/radiorevelacionfm.cl\/index.php?rest_route=%2Fwp%2Fv2%2Fmedia&parent=26274"}],"wp:term":[{"taxonomy":"category","embeddable":true,"href":"https:\/\/radiorevelacionfm.cl\/index.php?rest_route=%2Fwp%2Fv2%2Fcategories&post=26274"},{"taxonomy":"post_tag","embeddable":true,"href":"https:\/\/radiorevelacionfm.cl\/index.php?rest_route=%2Fwp%2Fv2%2Ftags&post=26274"}],"curies":[{"name":"wp","href":"https:\/\/api.w.org\/{rel}","templated":true}]}}