{"id":26271,"date":"2023-01-06T12:31:11","date_gmt":"2023-01-06T15:31:11","guid":{"rendered":"https:\/\/radiorevelacionfm.cl\/?p=26271"},"modified":"2023-01-06T12:31:11","modified_gmt":"2023-01-06T15:31:11","slug":"biblioteca-regional-de-aysen-proyecta-el-2023-tras-la-reapertura-pospandemia","status":"publish","type":"post","link":"https:\/\/radiorevelacionfm.cl\/?p=26271","title":{"rendered":"Biblioteca Regional de Ays\u00e9n proyecta el 2023 tras la reapertura pospandemia"},"content":{"rendered":"<div class=\"flex_column av_one_full  flex_column_div av-zero-column-padding first  avia-builder-el-0  el_before_av_one_full  avia-builder-el-first  \" style='border-radius:0px; '><div  class='avia-image-container  av-styling-    avia-builder-el-1  avia-builder-el-no-sibling  avia-align-center '  itemprop=\"image\" itemscope=\"itemscope\" itemtype=\"https:\/\/schema.org\/ImageObject\"  ><div class='avia-image-container-inner'><div class='avia-image-overlay-wrap'><img decoding=\"async\" class='wp-image-26272 avia-img-lazy-loading-not-26272 avia_image' src=\"https:\/\/radiorevelacionfm.cl\/wp-content\/uploads\/2023\/01\/biblioteca-1-1_optimized.jpg\" alt='' title='biblioteca-1-(1)_optimized' height=\"600\" width=\"899\"  itemprop=\"thumbnailUrl\" srcset=\"https:\/\/radiorevelacionfm.cl\/wp-content\/uploads\/2023\/01\/biblioteca-1-1_optimized.jpg 899w, https:\/\/radiorevelacionfm.cl\/wp-content\/uploads\/2023\/01\/biblioteca-1-1_optimized-300x200.jpg 300w, https:\/\/radiorevelacionfm.cl\/wp-content\/uploads\/2023\/01\/biblioteca-1-1_optimized-768x513.jpg 768w, https:\/\/radiorevelacionfm.cl\/wp-content\/uploads\/2023\/01\/biblioteca-1-1_optimized-705x471.jpg 705w, https:\/\/radiorevelacionfm.cl\/wp-content\/uploads\/2023\/01\/biblioteca-1-1_optimized-600x400.jpg 600w\" sizes=\"(max-width: 899px) 100vw, 899px\" \/><\/div><\/div><\/div><\/div><div class=\"flex_column av_one_full  flex_column_div av-zero-column-padding first  avia-builder-el-2  el_after_av_one_full  el_before_av_one_full  column-top-margin\" style='border-radius:0px; '><section class=\"av_textblock_section \"  itemscope=\"itemscope\" itemtype=\"https:\/\/schema.org\/BlogPosting\" itemprop=\"blogPost\" ><div class='avia_textblock  '   itemprop=\"text\" ><p style=\"text-align: center;\"><strong><span style=\"font-size: 18pt;\">Biblioteca Regional de Ays\u00e9n proyecta el 2023 tras la reapertura pospandemia<\/span><\/strong><\/p>\n<div id=\"gtx-trans\" style=\"position: absolute; left: -50px; top: 4.31534px;\">\n<div class=\"gtx-trans-icon\"><\/div>\n<\/div>\n<\/div><\/section><\/div><div class=\"flex_column av_one_full  flex_column_div av-zero-column-padding first  avia-builder-el-4  el_after_av_one_full  el_before_av_hr  column-top-margin\" style='border-radius:0px; '><section class=\"av_textblock_section \"  itemscope=\"itemscope\" itemtype=\"https:\/\/schema.org\/BlogPosting\" itemprop=\"blogPost\" ><div class='avia_textblock  '   itemprop=\"text\" ><p style=\"text-align: justify;\">Un positivo balance 2022 y una auspiciosa proyecci\u00f3n 2023 entreg\u00f3 la Biblioteca Regional de Aysen, tras despuntar la nueva temporada y cerrar el a\u00f1o anterior con 14.094 pr\u00e9stamos de libros a la comunidad.<\/p>\n<p style=\"text-align: justify;\">Su directora, Gloria Carillo, recuerda que fueron los primeros en reabrir en la Regi\u00f3n de Ays\u00e9n, luego de la crisis sanitaria producto del Covid-19: \u201cPartimos funcionando el 2021. Fuimos una de las primeras bibliotecas regionales que pudo abrir a p\u00fablico, considerando las condiciones que hab\u00eda en nuestra localidad. Por lo tanto, el 16 de marzo de 2021 abrimos y empezamos unos d\u00edas a la semana, despu\u00e9s en las tardes, hasta que logramos abrir todos los d\u00edas. Por lo tanto, el 2022 fue el a\u00f1o en que la gente reci\u00e9n se dio cuenta de que la biblioteca estaba funcionando normal. Y ahora, yo creo que en el segundo semestre, cuando ya se liber\u00f3 el tema de las mascarillas, la gente empez\u00f3 a volver m\u00e1s habitualmente\u201d.<\/p>\n<p style=\"text-align: justify;\">Para Gloria, se trata de un per\u00edodo que tiene mucho de reencuentro y nostalgia: \u201cNos encontramos con la nostalgia de los usuarios que estaban desaparecidos. El 2020 ten\u00edamos muchas mujeres que eran futuras usuarias de la \u2018guaguateca\u2019 y ahora los ni\u00f1itos llegaron caminando. Entonces ha sido una \u00e9poca de reencuentro, de nostalgia, de usuarios que ya no est\u00e1n\u201d.<\/p>\n<p style=\"text-align: justify;\">A pesar de estar ubicada en la regi\u00f3n con menos densidad poblacional, la Biblioteca Regional de Ays\u00e9n presenta \u00edndices similares a los de la Biblioteca de Puerto Montt, que tiene una densidad mucho mayor. Gloria Carrillo dice que \u201cestamos muy contentos de estar retomando esta normalidad de vernos las caras ya sin mascarillas. Comenzamos el fomento lector casi desde el vientre con m\u00e1s embarazadas. Luego tenemos la \u2018guaguateca\u2019 que es para ni\u00f1os de cero a 24 meses, cosa que tambi\u00e9n podremos retomar los jueves a las 17 horas. Esperamos poder ampliar nuestras actividades de los d\u00edas s\u00e1bado; hicimos un plan piloto el 2022 y queremos retomar esa atenci\u00f3n\u201d.<\/p>\n<p style=\"text-align: justify;\">El director (s) Regional de Patrimonio, Jos\u00e9 Mansilla, explic\u00f3 que \u201cen el caso de la Biblioteca Regional, hemos recuperado la presencia de lectores con la entrega de libros en formato papel para que puedan llevarlos, retirarlos, leerlos y despu\u00e9s volver a traerlos. Pero junto con eso tambi\u00e9n tenemos un servicio de actividades de extensi\u00f3n, donde facilitamos nuestros espacios tanto en el museo como en la biblioteca, para las distintas organizaciones o instituciones que requieran realizar actividades en nuestros espacios\u201d.<\/p>\n<p style=\"text-align: justify;\">Sin duda, el proyecto estrella de los \u00faltimo a\u00f1os en la Biblioteca Regional fue la digitalizaci\u00f3n de la prensa regional que estaba en formato microfilm y que hoy ya est\u00e1 accesible para investigadores con informaci\u00f3n que abarca desde el a\u00f1o 1952 hasta 1980. Se trata de un proyecto financiado con el Fondo de Fortalecimiento de la Identidad Cultural Regional del Ministerio de las Culturas, las Artes y el Patrimonio. Gloria Carrillo cuenta que esos diarios \u201cson una fuente maravillosa de informaci\u00f3n, pero el soporte en el cual estaban era muy prehist\u00f3rico. No hab\u00eda c\u00f3mo sacar la informaci\u00f3n de ah\u00ed, a no ser que fuera tom\u00e1ndole una foto a la pantalla, que tampoco era muy legible. Ya est\u00e1n en formato PDF completamente asequibles y han tenido un excelente impacto en los investigadores; la idea es continuar con lo que tenemos impreso desde 1980 al 2020 para tener una colecci\u00f3n digitalizada de diarios regionales, que no me cabe duda que es la m\u00e1s grande de Ays\u00e9n\u201d.<\/p>\n<p style=\"text-align: justify;\">La cartelera de 2023 ya comenz\u00f3 con un\u00a0<a href=\"https:\/\/www.bibliotecaregionalaysen.gob.cl\/cartelera\/taller-de-iniciacion-en-la-robotica\" target=\"_blank\" rel=\"noopener\" data-saferedirecturl=\"https:\/\/www.google.com\/url?q=https:\/\/www.bibliotecaregionalaysen.gob.cl\/cartelera\/taller-de-iniciacion-en-la-robotica&amp;source=gmail&amp;ust=1673029589987000&amp;usg=AOvVaw3Lc4EkvzBDBMawH4qdz_mL\">Taller de Iniciaci\u00f3n en la Robotica<\/a>, el funcionamiento de la guaguateca los jueves a partir de las 16 horas\u00a0y un Taller de Truco Infantil preparado para el 9 de enero desde las 10:30 horas.<\/p>\n<p style=\"text-align: justify;\">Toda la programaci\u00f3n en\u00a0<a href=\"https:\/\/www.bibliotecaregionalaysen.gob.cl\/cartelera\" target=\"_blank\" rel=\"noopener\" data-saferedirecturl=\"https:\/\/www.google.com\/url?q=https:\/\/www.bibliotecaregionalaysen.gob.cl\/cartelera&amp;source=gmail&amp;ust=1673029589987000&amp;usg=AOvVaw3A6XeBB-yxgyVBjve4-IPC\">https:\/\/www.<wbr \/>bibliotecaregionalaysen.gob.<wbr \/>cl\/cartelera<\/a>.<\/p>\n<\/div><\/section><\/div><div  style='height:50px' class='hr hr-invisible   avia-builder-el-6  el_after_av_one_full  el_before_av_social_share '><span class='hr-inner ' ><span class='hr-inner-style'><\/span><\/span><\/div><\/p>\n<div  class='av-social-sharing-box  avia-builder-el-7  el_after_av_hr  el_before_av_hr  '><div class='av-share-box'><h5 class='av-share-link-description av-no-toc '>Compartir esta noticia<\/h5><ul class='av-share-box-list noLightbox'><li class='av-share-link av-social-link-facebook' ><a target=\"_blank\" aria-label=\"Compartir en Facebook\" href='https:\/\/www.facebook.com\/sharer.php?u=https:\/\/radiorevelacionfm.cl\/?p=26271&#038;t=Biblioteca%20Regional%20de%20Ays%C3%A9n%20proyecta%20el%202023%20tras%20la%20reapertura%20pospandemia' aria-hidden='false' data-av_icon='\ue8f3' data-av_iconfont='entypo-fontello' title='' data-avia-related-tooltip='Compartir en Facebook' rel=\"noopener\"><span class='avia_hidden_link_text'>Compartir en Facebook<\/span><\/a><\/li><li class='av-share-link av-social-link-twitter' ><a target=\"_blank\" aria-label=\"Compartir en Twitter\" href='https:\/\/twitter.com\/share?text=Biblioteca%20Regional%20de%20Ays%C3%A9n%20proyecta%20el%202023%20tras%20la%20reapertura%20pospandemia&#038;url=https:\/\/radiorevelacionfm.cl\/?p=26271' aria-hidden='false' data-av_icon='\ue8f1' data-av_iconfont='entypo-fontello' title='' data-avia-related-tooltip='Compartir en Twitter' rel=\"noopener\"><span class='avia_hidden_link_text'>Compartir en Twitter<\/span><\/a><\/li><li class='av-share-link av-social-link-whatsapp' ><a target=\"_blank\" aria-label=\"Compartir en Whatsapp\" href='https:\/\/api.whatsapp.com\/send?text=https:\/\/radiorevelacionfm.cl\/?p=26271' aria-hidden='false' data-av_icon='\uf232' data-av_iconfont='entypo-fontello' title='' data-avia-related-tooltip='Compartir en Whatsapp' rel=\"noopener\"><span class='avia_hidden_link_text'>Compartir en Whatsapp<\/span><\/a><\/li><li class='av-share-link av-social-link-linkedin' ><a target=\"_blank\" aria-label=\"Compartir en LinkedIn\" href='https:\/\/linkedin.com\/shareArticle?mini=true&#038;title=Biblioteca%20Regional%20de%20Ays%C3%A9n%20proyecta%20el%202023%20tras%20la%20reapertura%20pospandemia&#038;url=https:\/\/radiorevelacionfm.cl\/?p=26271' aria-hidden='false' data-av_icon='\ue8fc' data-av_iconfont='entypo-fontello' title='' data-avia-related-tooltip='Compartir en LinkedIn' rel=\"noopener\"><span class='avia_hidden_link_text'>Compartir en LinkedIn<\/span><\/a><\/li><li class='av-share-link av-social-link-mail' ><a  aria-label=\"Compartir por correo\" href='mailto:?subject=Biblioteca%20Regional%20de%20Ays%C3%A9n%20proyecta%20el%202023%20tras%20la%20reapertura%20pospandemia&#038;body=https:\/\/radiorevelacionfm.cl\/?p=26271' aria-hidden='false' data-av_icon='\ue805' data-av_iconfont='entypo-fontello' title='' data-avia-related-tooltip='Compartir por correo'><span class='avia_hidden_link_text'>Compartir por correo<\/span><\/a><\/li><\/ul><\/div><\/div>\n<div  style='height:50px' class='hr hr-invisible   avia-builder-el-8  el_after_av_social_share  el_before_av_comments_list '><span class='hr-inner ' ><span class='hr-inner-style'><\/span><\/span><\/div>\n<div  class='av-buildercomment  av-blog-meta-html-info-disabled av-blog-meta-tag-disabled  '><\/div>\n","protected":false},"excerpt":{"rendered":"","protected":false},"author":1,"featured_media":26272,"comment_status":"open","ping_status":"open","sticky":false,"template":"","format":"standard","meta":{"footnotes":""},"categories":[38],"tags":[],"class_list":["post-26271","post","type-post","status-publish","format-standard","has-post-thumbnail","hentry","category-regional"],"jetpack_featured_media_url":"https:\/\/radiorevelacionfm.cl\/wp-content\/uploads\/2023\/01\/biblioteca-1-1_optimized.jpg","_links":{"self":[{"href":"https:\/\/radiorevelacionfm.cl\/index.php?rest_route=\/wp\/v2\/posts\/26271","targetHints":{"allow":["GET"]}}],"collection":[{"href":"https:\/\/radiorevelacionfm.cl\/index.php?rest_route=\/wp\/v2\/posts"}],"about":[{"href":"https:\/\/radiorevelacionfm.cl\/index.php?rest_route=\/wp\/v2\/types\/post"}],"author":[{"embeddable":true,"href":"https:\/\/radiorevelacionfm.cl\/index.php?rest_route=\/wp\/v2\/users\/1"}],"replies":[{"embeddable":true,"href":"https:\/\/radiorevelacionfm.cl\/index.php?rest_route=%2Fwp%2Fv2%2Fcomments&post=26271"}],"version-history":[{"count":2,"href":"https:\/\/radiorevelacionfm.cl\/index.php?rest_route=\/wp\/v2\/posts\/26271\/revisions"}],"predecessor-version":[{"id":26314,"href":"https:\/\/radiorevelacionfm.cl\/index.php?rest_route=\/wp\/v2\/posts\/26271\/revisions\/26314"}],"wp:featuredmedia":[{"embeddable":true,"href":"https:\/\/radiorevelacionfm.cl\/index.php?rest_route=\/wp\/v2\/media\/26272"}],"wp:attachment":[{"href":"https:\/\/radiorevelacionfm.cl\/index.php?rest_route=%2Fwp%2Fv2%2Fmedia&parent=26271"}],"wp:term":[{"taxonomy":"category","embeddable":true,"href":"https:\/\/radiorevelacionfm.cl\/index.php?rest_route=%2Fwp%2Fv2%2Fcategories&post=26271"},{"taxonomy":"post_tag","embeddable":true,"href":"https:\/\/radiorevelacionfm.cl\/index.php?rest_route=%2Fwp%2Fv2%2Ftags&post=26271"}],"curies":[{"name":"wp","href":"https:\/\/api.w.org\/{rel}","templated":true}]}}