{"id":26268,"date":"2023-01-05T17:08:41","date_gmt":"2023-01-05T20:08:41","guid":{"rendered":"https:\/\/radiorevelacionfm.cl\/?p=26268"},"modified":"2023-01-05T17:08:41","modified_gmt":"2023-01-05T20:08:41","slug":"veinticuatro-organizaciones-obtuvieron-fondo-social-presidente-de-la-republica-en-coyhaique","status":"publish","type":"post","link":"https:\/\/radiorevelacionfm.cl\/?p=26268","title":{"rendered":"Veinticuatro organizaciones obtuvieron Fondo Social Presidente de la Rep\u00fablica en Coyhaique"},"content":{"rendered":"<div class=\"flex_column av_one_full  flex_column_div av-zero-column-padding first  avia-builder-el-0  el_before_av_one_full  avia-builder-el-first  \" style='border-radius:0px; '><div  class='avia-image-container  av-styling-    avia-builder-el-1  avia-builder-el-no-sibling  avia-align-center '  itemprop=\"image\" itemscope=\"itemscope\" itemtype=\"https:\/\/schema.org\/ImageObject\"  ><div class='avia-image-container-inner'><div class='avia-image-overlay-wrap'><img decoding=\"async\" class='wp-image-26269 avia-img-lazy-loading-not-26269 avia_image' src=\"https:\/\/radiorevelacionfm.cl\/wp-content\/uploads\/2023\/01\/WhatsApp-Image-2023-01-05-at-12.26.20-1-1.jpeg\" alt='' title='WhatsApp Image 2023-01-05 at 12.26.20 (1) (1)' height=\"600\" width=\"900\"  itemprop=\"thumbnailUrl\" srcset=\"https:\/\/radiorevelacionfm.cl\/wp-content\/uploads\/2023\/01\/WhatsApp-Image-2023-01-05-at-12.26.20-1-1.jpeg 900w, https:\/\/radiorevelacionfm.cl\/wp-content\/uploads\/2023\/01\/WhatsApp-Image-2023-01-05-at-12.26.20-1-1-300x200.jpeg 300w, https:\/\/radiorevelacionfm.cl\/wp-content\/uploads\/2023\/01\/WhatsApp-Image-2023-01-05-at-12.26.20-1-1-768x512.jpeg 768w, https:\/\/radiorevelacionfm.cl\/wp-content\/uploads\/2023\/01\/WhatsApp-Image-2023-01-05-at-12.26.20-1-1-705x470.jpeg 705w, https:\/\/radiorevelacionfm.cl\/wp-content\/uploads\/2023\/01\/WhatsApp-Image-2023-01-05-at-12.26.20-1-1-600x400.jpeg 600w\" sizes=\"(max-width: 900px) 100vw, 900px\" \/><\/div><\/div><\/div><\/div><div class=\"flex_column av_one_full  flex_column_div av-zero-column-padding first  avia-builder-el-2  el_after_av_one_full  el_before_av_one_full  column-top-margin\" style='border-radius:0px; '><section class=\"av_textblock_section \"  itemscope=\"itemscope\" itemtype=\"https:\/\/schema.org\/BlogPosting\" itemprop=\"blogPost\" ><div class='avia_textblock  '   itemprop=\"text\" ><p style=\"text-align: center;\"><strong><span style=\"font-size: 18pt;\">Veinticuatro organizaciones obtuvieron Fondo Social Presidente de la Rep\u00fablica en Coyhaique<\/span><\/strong><\/p>\n<div id=\"gtx-trans\" style=\"position: absolute; left: -50px; top: 4.31534px;\">\n<div class=\"gtx-trans-icon\"><\/div>\n<\/div>\n<\/div><\/section><\/div><div class=\"flex_column av_one_full  flex_column_div av-zero-column-padding first  avia-builder-el-4  el_after_av_one_full  el_before_av_hr  column-top-margin\" style='border-radius:0px; '><section class=\"av_textblock_section \"  itemscope=\"itemscope\" itemtype=\"https:\/\/schema.org\/BlogPosting\" itemprop=\"blogPost\" ><div class='avia_textblock  '   itemprop=\"text\" ><p style=\"font-weight: 400; text-align: justify;\">Un total de 24 organizaciones sociales, culturales y deportivas de la provincia de Coyhaique obtuvieron durante el a\u00f1o reci\u00e9n pasado el Fondo Social Presidente de la Rep\u00fablica.<\/p>\n<p style=\"font-weight: 400; text-align: justify;\">El Fondo es administrado por las Delegaciones Presidencial Regional y Provinciales, con el objetivo de contribuir a potenciar el desarrollo de organizaciones territoriales, como parte del fortalecimiento del tejido social y de las instancias de participaci\u00f3n ciudadana.<\/p>\n<p style=\"font-weight: 400; text-align: justify;\">\u201cEl objetivo final de nuestro gobierno y uno de los temas que m\u00e1s ha recalcado nuestro Presidente Gabriel Boric, es reforzar la organizaci\u00f3n social. Y vemos con mucha satisfacci\u00f3n que hay una cantidad de organizaciones que est\u00e1n activas y que, a trav\u00e9s de estos recursos, pueden mantenerse en contacto con sus asociados, proyectarse y hacer cosas nuevas. Esperamos que sea de mucha utilidad y apoyarlos en el fortalecimiento como agrupaci\u00f3n, porque es tremendamente necesario para tener una comunidad solidaria, donde no prime el individualismo y donde tengamos cosas que compartir\u201d, expres\u00f3 el Delegado Presidencial Regional de Ays\u00e9n, Rodrigo Araya.<\/p>\n<p style=\"font-weight: 400; text-align: justify;\">Alejandra Canum\u00e1n, presidenta del Centro de Padres Fundaci\u00f3n Coanil, tambi\u00e9n conocido como Taller Laboral Patagonia, explic\u00f3 el sentido de la iniciativa que desarrollar\u00e1n como organizaci\u00f3n.<\/p>\n<p style=\"font-weight: 400; text-align: justify;\">\u201cEste taller atiende a usuarios con discapacidad mental y tambi\u00e9n f\u00edsica. Nosotros nos adjudicamos un proyecto que en realidad era tan necesario, que es la implementaci\u00f3n de un notebook, un data show y de un equipo de m\u00fasica. Con estos elementos en el taller, los usuarios pueden estar en una tarde de karaoke, disfrutar de la m\u00fasica del computador y todo eso con la parte recreativa que es tan necesaria y que no ten\u00edamos\u201d, indic\u00f3.<\/p>\n<p style=\"font-weight: 400; text-align: justify;\">Por su parte, Javier C\u00e1rdenas, presidente de la Asociaci\u00f3n Gremial de Le\u00f1eros de Ays\u00e9n, detall\u00f3 que adquirir\u00e1n implementaci\u00f3n para mejorar las condiciones de producci\u00f3n y del servicio a la comunidad.<\/p>\n<p style=\"font-weight: 400; text-align: justify;\">\u201cNosotros vamos a comprar un hacha, una pala y un par de guantes para una gran mayor\u00eda de socios, a cada uno le vamos a entregar una herramienta de trabajo que no es menor y es \u00fatil para el trabajo que hacemos nosotros de lo que es la le\u00f1a\u201d, concluy\u00f3.<\/p>\n<p style=\"font-weight: 400; text-align: justify;\"><strong>Organizaciones que desarrollar\u00e1n iniciativas<\/strong><\/p>\n<p style=\"font-weight: 400; text-align: justify;\">Las organizaciones que ejecutar\u00e1n proyectos son Agrupaci\u00f3n Alma Morena; Club Deportivo, Social y Cultural 21 de Mayo; Agrupaci\u00f3n Cultural y Social de Artesanas de R\u00edo Claro; Junta de Vecinos Villa Patagonia; Comit\u00e9 de Horticultores R\u00edo Claro y Coyhaique Bajo; Club Deportivo \u00c1rbitros ANFA Coyhaique y Taller de Adulto Mayor Baquedano.<\/p>\n<p style=\"font-weight: 400; text-align: justify;\">Del mismo modo, la Asociaci\u00f3n Deportiva Regional de Rodeo; Comit\u00e9 de Vivienda Granizos; Asociaci\u00f3n Deportiva Local Patagonia; Junta de Vecinos General Bernales; Club Deportivo Seis Lagunas; Agrupaci\u00f3n de Discapacidad Sin Fronteras; Junta Vecinal Poblaci\u00f3n Clotario Blest I y II; Club de Voleibol Fogliatto Santini; Club Deportivo Basketball Coyhaique; Taller Adulto Mayor Los C\u00f3ndores; y Club de Adulto Mayor Los Colonos.<\/p>\n<p style=\"font-weight: 400; text-align: justify;\">Por \u00faltimo, Club Deportivo Shotokan Coyhaique, Junta Vecinal Ampliaci\u00f3n V\u00edctor Domingo Silva, Centro de Padres y Fundaci\u00f3n Coanil, Asociaci\u00f3n Gremial de Le\u00f1eros de Ays\u00e9n, Corporaci\u00f3n Municipal de Deportes y Recreaci\u00f3n y Centro de Padres Sembrando Futuro.<\/p>\n<p style=\"font-weight: 400; text-align: justify;\">Mayores antecedentes en el portal\u00a0<a href=\"https:\/\/www.fondos.gob.cl\/\" data-saferedirecturl=\"https:\/\/www.google.com\/url?q=https:\/\/www.fondos.gob.cl\/&amp;source=gmail&amp;ust=1673029595262000&amp;usg=AOvVaw3gaxnpKcCmh70yx74_QuqT\">https:\/\/www.fondos.gob.cl\/<\/a>.<\/p>\n<\/div><\/section><\/div><div  style='height:50px' class='hr hr-invisible   avia-builder-el-6  el_after_av_one_full  el_before_av_social_share '><span class='hr-inner ' ><span class='hr-inner-style'><\/span><\/span><\/div><\/p>\n<div  class='av-social-sharing-box  avia-builder-el-7  el_after_av_hr  el_before_av_hr  '><div class='av-share-box'><h5 class='av-share-link-description av-no-toc '>Compartir esta noticia<\/h5><ul class='av-share-box-list noLightbox'><li class='av-share-link av-social-link-facebook' ><a target=\"_blank\" aria-label=\"Compartir en Facebook\" href='https:\/\/www.facebook.com\/sharer.php?u=https:\/\/radiorevelacionfm.cl\/?p=26268&#038;t=Veinticuatro%20organizaciones%20obtuvieron%20Fondo%20Social%20Presidente%20de%20la%20Rep%C3%BAblica%20en%20Coyhaique' aria-hidden='false' data-av_icon='\ue8f3' data-av_iconfont='entypo-fontello' title='' data-avia-related-tooltip='Compartir en Facebook' rel=\"noopener\"><span class='avia_hidden_link_text'>Compartir en Facebook<\/span><\/a><\/li><li class='av-share-link av-social-link-twitter' ><a target=\"_blank\" aria-label=\"Compartir en Twitter\" href='https:\/\/twitter.com\/share?text=Veinticuatro%20organizaciones%20obtuvieron%20Fondo%20Social%20Presidente%20de%20la%20Rep%C3%BAblica%20en%20Coyhaique&#038;url=https:\/\/radiorevelacionfm.cl\/?p=26268' aria-hidden='false' data-av_icon='\ue8f1' data-av_iconfont='entypo-fontello' title='' data-avia-related-tooltip='Compartir en Twitter' rel=\"noopener\"><span class='avia_hidden_link_text'>Compartir en Twitter<\/span><\/a><\/li><li class='av-share-link av-social-link-whatsapp' ><a target=\"_blank\" aria-label=\"Compartir en Whatsapp\" href='https:\/\/api.whatsapp.com\/send?text=https:\/\/radiorevelacionfm.cl\/?p=26268' aria-hidden='false' data-av_icon='\uf232' data-av_iconfont='entypo-fontello' title='' data-avia-related-tooltip='Compartir en Whatsapp' rel=\"noopener\"><span class='avia_hidden_link_text'>Compartir en Whatsapp<\/span><\/a><\/li><li class='av-share-link av-social-link-linkedin' ><a target=\"_blank\" aria-label=\"Compartir en LinkedIn\" href='https:\/\/linkedin.com\/shareArticle?mini=true&#038;title=Veinticuatro%20organizaciones%20obtuvieron%20Fondo%20Social%20Presidente%20de%20la%20Rep%C3%BAblica%20en%20Coyhaique&#038;url=https:\/\/radiorevelacionfm.cl\/?p=26268' aria-hidden='false' data-av_icon='\ue8fc' data-av_iconfont='entypo-fontello' title='' data-avia-related-tooltip='Compartir en LinkedIn' rel=\"noopener\"><span class='avia_hidden_link_text'>Compartir en LinkedIn<\/span><\/a><\/li><li class='av-share-link av-social-link-mail' ><a  aria-label=\"Compartir por correo\" href='mailto:?subject=Veinticuatro%20organizaciones%20obtuvieron%20Fondo%20Social%20Presidente%20de%20la%20Rep%C3%BAblica%20en%20Coyhaique&#038;body=https:\/\/radiorevelacionfm.cl\/?p=26268' aria-hidden='false' data-av_icon='\ue805' data-av_iconfont='entypo-fontello' title='' data-avia-related-tooltip='Compartir por correo'><span class='avia_hidden_link_text'>Compartir por correo<\/span><\/a><\/li><\/ul><\/div><\/div>\n<div  style='height:50px' class='hr hr-invisible   avia-builder-el-8  el_after_av_social_share  el_before_av_comments_list '><span class='hr-inner ' ><span class='hr-inner-style'><\/span><\/span><\/div>\n<div  class='av-buildercomment  av-blog-meta-html-info-disabled av-blog-meta-tag-disabled  '><\/div>\n","protected":false},"excerpt":{"rendered":"","protected":false},"author":1,"featured_media":26269,"comment_status":"open","ping_status":"open","sticky":false,"template":"","format":"standard","meta":{"footnotes":""},"categories":[38],"tags":[],"class_list":["post-26268","post","type-post","status-publish","format-standard","has-post-thumbnail","hentry","category-regional"],"jetpack_featured_media_url":"https:\/\/radiorevelacionfm.cl\/wp-content\/uploads\/2023\/01\/WhatsApp-Image-2023-01-05-at-12.26.20-1-1.jpeg","_links":{"self":[{"href":"https:\/\/radiorevelacionfm.cl\/index.php?rest_route=\/wp\/v2\/posts\/26268","targetHints":{"allow":["GET"]}}],"collection":[{"href":"https:\/\/radiorevelacionfm.cl\/index.php?rest_route=\/wp\/v2\/posts"}],"about":[{"href":"https:\/\/radiorevelacionfm.cl\/index.php?rest_route=\/wp\/v2\/types\/post"}],"author":[{"embeddable":true,"href":"https:\/\/radiorevelacionfm.cl\/index.php?rest_route=\/wp\/v2\/users\/1"}],"replies":[{"embeddable":true,"href":"https:\/\/radiorevelacionfm.cl\/index.php?rest_route=%2Fwp%2Fv2%2Fcomments&post=26268"}],"version-history":[{"count":2,"href":"https:\/\/radiorevelacionfm.cl\/index.php?rest_route=\/wp\/v2\/posts\/26268\/revisions"}],"predecessor-version":[{"id":26288,"href":"https:\/\/radiorevelacionfm.cl\/index.php?rest_route=\/wp\/v2\/posts\/26268\/revisions\/26288"}],"wp:featuredmedia":[{"embeddable":true,"href":"https:\/\/radiorevelacionfm.cl\/index.php?rest_route=\/wp\/v2\/media\/26269"}],"wp:attachment":[{"href":"https:\/\/radiorevelacionfm.cl\/index.php?rest_route=%2Fwp%2Fv2%2Fmedia&parent=26268"}],"wp:term":[{"taxonomy":"category","embeddable":true,"href":"https:\/\/radiorevelacionfm.cl\/index.php?rest_route=%2Fwp%2Fv2%2Fcategories&post=26268"},{"taxonomy":"post_tag","embeddable":true,"href":"https:\/\/radiorevelacionfm.cl\/index.php?rest_route=%2Fwp%2Fv2%2Ftags&post=26268"}],"curies":[{"name":"wp","href":"https:\/\/api.w.org\/{rel}","templated":true}]}}