{"id":26263,"date":"2023-01-05T15:34:22","date_gmt":"2023-01-05T18:34:22","guid":{"rendered":"https:\/\/radiorevelacionfm.cl\/?p=26263"},"modified":"2023-01-05T15:39:53","modified_gmt":"2023-01-05T18:39:53","slug":"diversas-instituciones-se-sumaron-a-operativo-antidrogas-en-aeropuerto-de-balmaceda","status":"publish","type":"post","link":"https:\/\/radiorevelacionfm.cl\/?p=26263","title":{"rendered":"Diversas instituciones se sumaron a operativo antidrogas en aeropuerto de Balmaceda"},"content":{"rendered":"<div class=\"flex_column av_one_full  flex_column_div av-zero-column-padding first  avia-builder-el-0  el_before_av_one_full  avia-builder-el-first  \" style='border-radius:0px; '><div  class='avia-image-container  av-styling-    avia-builder-el-1  avia-builder-el-no-sibling  avia-align-center '  itemprop=\"image\" itemscope=\"itemscope\" itemtype=\"https:\/\/schema.org\/ImageObject\"  ><div class='avia-image-container-inner'><div class='avia-image-overlay-wrap'><img decoding=\"async\" class='wp-image-26264 avia-img-lazy-loading-not-26264 avia_image' src=\"https:\/\/radiorevelacionfm.cl\/wp-content\/uploads\/2023\/01\/operativo1-1_optimized.jpg\" alt='' title='operativo1-(1)_optimized' height=\"600\" width=\"823\"  itemprop=\"thumbnailUrl\" srcset=\"https:\/\/radiorevelacionfm.cl\/wp-content\/uploads\/2023\/01\/operativo1-1_optimized.jpg 823w, https:\/\/radiorevelacionfm.cl\/wp-content\/uploads\/2023\/01\/operativo1-1_optimized-300x219.jpg 300w, https:\/\/radiorevelacionfm.cl\/wp-content\/uploads\/2023\/01\/operativo1-1_optimized-768x560.jpg 768w, https:\/\/radiorevelacionfm.cl\/wp-content\/uploads\/2023\/01\/operativo1-1_optimized-705x514.jpg 705w, https:\/\/radiorevelacionfm.cl\/wp-content\/uploads\/2023\/01\/operativo1-1_optimized-600x437.jpg 600w\" sizes=\"(max-width: 823px) 100vw, 823px\" \/><\/div><\/div><\/div><\/div>\n<div class=\"flex_column av_one_full  flex_column_div av-zero-column-padding first  avia-builder-el-2  el_after_av_one_full  el_before_av_one_full  column-top-margin\" style='border-radius:0px; '><section class=\"av_textblock_section \"  itemscope=\"itemscope\" itemtype=\"https:\/\/schema.org\/BlogPosting\" itemprop=\"blogPost\" ><div class='avia_textblock  '   itemprop=\"text\" ><p style=\"text-align: center;\"><span style=\"font-size: 18pt;\"><strong>Diversas instituciones se sumaron a operativo antidrogas en aeropuerto de Balmaceda<\/strong><\/span><\/p>\n<div id=\"gtx-trans\" style=\"position: absolute; left: -50px; top: 4.31534px;\">\n<div class=\"gtx-trans-icon\"><\/div>\n<\/div>\n<\/div><\/section><\/div>\n<div class=\"flex_column av_one_full  flex_column_div av-zero-column-padding first  avia-builder-el-4  el_after_av_one_full  el_before_av_hr  column-top-margin\" style='border-radius:0px; '><section class=\"av_textblock_section \"  itemscope=\"itemscope\" itemtype=\"https:\/\/schema.org\/BlogPosting\" itemprop=\"blogPost\" ><div class='avia_textblock  '   itemprop=\"text\" ><p style=\"text-align: justify;\">La acci\u00f3n \u2013 que nace al alero de la mesa regional de drogas \u2013 busca visibilizar el trabajo permanente y coordinado que llevan a cabo las instituciones que trabajan por combatir este delito en la regi\u00f3n de Ays\u00e9n.<\/p>\n<p style=\"text-align: justify;\">La Coordinaci\u00f3n Regional de Seguridad P\u00fablica, Fiscal\u00eda Regional, Carabineros de Chile, Polic\u00eda de Investigaciones, Senda y DGAC se sumaron a este operativo que tuvo como escenario el aeropuerto de Balmaceda. Hasta all\u00e1 concurrieron numerosos funcionarios apoyados por canes detectores de drogas, con el objetivo de impedir el ingreso de droga a nuestra regi\u00f3n a trav\u00e9s del terminal a\u00e9reo.<\/p>\n<p style=\"text-align: justify;\">Crist\u00f3bal Barcel\u00f3, Coordinador Regional de la Subsecretar\u00eda de Prevenci\u00f3n del Delito (SPD), se\u00f1al\u00f3 que \u201cnos dej\u00f3 muy satisfechos esta importante acci\u00f3n de control y fiscalizaci\u00f3n que nace al alero de la mesa de drogas de la que somos parte junto a todas las instituciones que hoy nos acompa\u00f1an. A ello se suma la coordinaci\u00f3n y el compromiso de todos los actores que trabajan a diario por impedir el ingreso y tr\u00e1fico de drogas a nuestro territorio. Sin lugar a dudas, seguiremos trabajando en el combate contra este delito, una tarea donde todos pueden aportar utilizando el fono *4242 \u201cDenuncia Seguro\u201d, que recibe denuncias completamente an\u00f3nimas\u201d.<\/p>\n<p style=\"text-align: justify;\">En el transcurso del a\u00f1o 2022 se realizaron diversas t\u00e9cnicas y diligencias investigativas de inteligencia antidrogas, lo que permiti\u00f3 la detenci\u00f3n de numerosas personas por delitos contemplados en la Ley de drogas, logrando desbaratar organizaciones y bandas criminales dedicadas al tr\u00e1fico de drogas que operaban en la regi\u00f3n, ingresando sustancias tales como clorhidrato de coca\u00edna, marihuana, plantas de cannabis sativa, ketamina, hongos alucin\u00f3genos y f\u00e1rmacos.<\/p>\n<p style=\"text-align: justify;\">La fiscal Mar\u00eda In\u00e9s N\u00fa\u00f1ez, sostuvo que \u201cconcurrimos a este operativo de fiscalizaci\u00f3n conjunto, apoyados por las unidades especializadas de Carabineros y la Polic\u00eda de Investigaciones, con la finalidad de evitar la internaci\u00f3n de droga a la regi\u00f3n. En ese sentido, para esta \u00e9poca estival hemos coordinado una fiscalizaci\u00f3n permanente, tanto en el aeropuerto de Balmaceda como en los puertos de la zona mar\u00edtima y lacustre\u201d.<\/p>\n<p style=\"text-align: justify;\">Junto con ello, N\u00fa\u00f1ez agrego que \u201ccomo Fiscal\u00eda estamos trabajando mancomunadamente con OS7 y Brigada contra el Crimen Organizado para desbaratar bandas dedicadas al tr\u00e1fico de drogas y detener a quienes realicen ventas de drogas en peque\u00f1as cantidades, imprimiendo un sello de cooperaci\u00f3n y trabajo en equipo, lo cual ha dado importantes frutos durante el a\u00f1o reci\u00e9n pasado, logrando incautaciones hist\u00f3ricas para lo que se acostumbra en la regi\u00f3n de Ays\u00e9n\u201d.<\/p>\n<p style=\"text-align: justify;\">En la regi\u00f3n se viene desarrollando un importante trabajo intersectorial para combatir el flagelo de la droga, el cual va desde distintas charlas y exposiciones orientadas a la prevenci\u00f3n del consumo de drogas &#8211; las cuales se imparten en diferentes establecimientos educacionales &#8211; hasta el desarrollo de actividades deportivo\/recreativas y la recuperaron espacios p\u00fablicos y \u00e1reas verdes para la comunidad.<\/p>\n<p style=\"text-align: justify;\">\u201cCarabineros de Ays\u00e9n mantiene desplegado a su personal especializado en diferentes puntos estrat\u00e9gicos de la regi\u00f3n, donde a trav\u00e9s de fiscalizaciones y controles antidrogas en rutas de ingreso a la regi\u00f3n, tanto a\u00e9reas como mar\u00edtimas y terrestres \u2013 siempre en coordinaci\u00f3n con otras instituciones como SPD, DGAC, Armada de Chile y Aduanas &#8211; detectan y neutralizan importantes cantidades de drogas, permitiendo que estas no sean comercializadas en el territorio\u201d, manifest\u00f3 el Teniente Coronel, Cristian Morgenstern.<\/p>\n<p style=\"text-align: justify;\">Finalmente, la Prefecta Carolina Namor, Jefe de la Prefectura Provincial Coyhaique, sostuvo que \u201cpara la PDI, las investigaciones profesionales que se desarrollan en materia de crimen organizado tienen una gran relevancia, ya que est\u00e1s afectan a distintas esferas de la sociedad. Es por ello que nuestro enfoque investigativo desarrolla procesos de desfragmentaci\u00f3n de la informaci\u00f3n, la qu\u00e9 extraemos desde distintas fuentes &#8211; tanto abiertas como cerradas &#8211; y luego de este trabajo de an\u00e1lisis, se integran los datos recolectados, para as\u00ed focalizar y orientar nuestros esfuerzos\u201d.<\/p>\n<\/div><\/section><\/div><div  style='height:50px' class='hr hr-invisible   avia-builder-el-6  el_after_av_one_full  el_before_av_social_share '><span class='hr-inner ' ><span class='hr-inner-style'><\/span><\/span><\/div><\/p>\n<div  class='av-social-sharing-box  avia-builder-el-7  el_after_av_hr  el_before_av_hr  '><div class='av-share-box'><h5 class='av-share-link-description av-no-toc '>Compartir esta noticia<\/h5><ul class='av-share-box-list noLightbox'><li class='av-share-link av-social-link-facebook' ><a target=\"_blank\" aria-label=\"Compartir en Facebook\" href='https:\/\/www.facebook.com\/sharer.php?u=https:\/\/radiorevelacionfm.cl\/?p=26263&#038;t=Diversas%20instituciones%20se%20sumaron%20a%20operativo%20antidrogas%20en%20aeropuerto%20de%20Balmaceda' aria-hidden='false' data-av_icon='\ue8f3' data-av_iconfont='entypo-fontello' title='' data-avia-related-tooltip='Compartir en Facebook' rel=\"noopener\"><span class='avia_hidden_link_text'>Compartir en Facebook<\/span><\/a><\/li><li class='av-share-link av-social-link-twitter' ><a target=\"_blank\" aria-label=\"Compartir en Twitter\" href='https:\/\/twitter.com\/share?text=Diversas%20instituciones%20se%20sumaron%20a%20operativo%20antidrogas%20en%20aeropuerto%20de%20Balmaceda&#038;url=https:\/\/radiorevelacionfm.cl\/?p=26263' aria-hidden='false' data-av_icon='\ue8f1' data-av_iconfont='entypo-fontello' title='' data-avia-related-tooltip='Compartir en Twitter' rel=\"noopener\"><span class='avia_hidden_link_text'>Compartir en Twitter<\/span><\/a><\/li><li class='av-share-link av-social-link-whatsapp' ><a target=\"_blank\" aria-label=\"Compartir en Whatsapp\" href='https:\/\/api.whatsapp.com\/send?text=https:\/\/radiorevelacionfm.cl\/?p=26263' aria-hidden='false' data-av_icon='\uf232' data-av_iconfont='entypo-fontello' title='' data-avia-related-tooltip='Compartir en Whatsapp' rel=\"noopener\"><span class='avia_hidden_link_text'>Compartir en Whatsapp<\/span><\/a><\/li><li class='av-share-link av-social-link-linkedin' ><a target=\"_blank\" aria-label=\"Compartir en LinkedIn\" href='https:\/\/linkedin.com\/shareArticle?mini=true&#038;title=Diversas%20instituciones%20se%20sumaron%20a%20operativo%20antidrogas%20en%20aeropuerto%20de%20Balmaceda&#038;url=https:\/\/radiorevelacionfm.cl\/?p=26263' aria-hidden='false' data-av_icon='\ue8fc' data-av_iconfont='entypo-fontello' title='' data-avia-related-tooltip='Compartir en LinkedIn' rel=\"noopener\"><span class='avia_hidden_link_text'>Compartir en LinkedIn<\/span><\/a><\/li><li class='av-share-link av-social-link-mail' ><a  aria-label=\"Compartir por correo\" href='mailto:?subject=Diversas%20instituciones%20se%20sumaron%20a%20operativo%20antidrogas%20en%20aeropuerto%20de%20Balmaceda&#038;body=https:\/\/radiorevelacionfm.cl\/?p=26263' aria-hidden='false' data-av_icon='\ue805' data-av_iconfont='entypo-fontello' title='' data-avia-related-tooltip='Compartir por correo'><span class='avia_hidden_link_text'>Compartir por correo<\/span><\/a><\/li><\/ul><\/div><\/div>\n<div  style='height:50px' class='hr hr-invisible   avia-builder-el-8  el_after_av_social_share  el_before_av_comments_list '><span class='hr-inner ' ><span class='hr-inner-style'><\/span><\/span><\/div>\n<div  class='av-buildercomment  av-blog-meta-html-info-disabled av-blog-meta-tag-disabled  '><\/div>\n","protected":false},"excerpt":{"rendered":"","protected":false},"author":1,"featured_media":26264,"comment_status":"open","ping_status":"open","sticky":false,"template":"","format":"standard","meta":{"footnotes":""},"categories":[36],"tags":[],"class_list":["post-26263","post","type-post","status-publish","format-standard","has-post-thumbnail","hentry","category-policial"],"jetpack_featured_media_url":"https:\/\/radiorevelacionfm.cl\/wp-content\/uploads\/2023\/01\/operativo1-1_optimized.jpg","_links":{"self":[{"href":"https:\/\/radiorevelacionfm.cl\/index.php?rest_route=\/wp\/v2\/posts\/26263","targetHints":{"allow":["GET"]}}],"collection":[{"href":"https:\/\/radiorevelacionfm.cl\/index.php?rest_route=\/wp\/v2\/posts"}],"about":[{"href":"https:\/\/radiorevelacionfm.cl\/index.php?rest_route=\/wp\/v2\/types\/post"}],"author":[{"embeddable":true,"href":"https:\/\/radiorevelacionfm.cl\/index.php?rest_route=\/wp\/v2\/users\/1"}],"replies":[{"embeddable":true,"href":"https:\/\/radiorevelacionfm.cl\/index.php?rest_route=%2Fwp%2Fv2%2Fcomments&post=26263"}],"version-history":[{"count":3,"href":"https:\/\/radiorevelacionfm.cl\/index.php?rest_route=\/wp\/v2\/posts\/26263\/revisions"}],"predecessor-version":[{"id":26266,"href":"https:\/\/radiorevelacionfm.cl\/index.php?rest_route=\/wp\/v2\/posts\/26263\/revisions\/26266"}],"wp:featuredmedia":[{"embeddable":true,"href":"https:\/\/radiorevelacionfm.cl\/index.php?rest_route=\/wp\/v2\/media\/26264"}],"wp:attachment":[{"href":"https:\/\/radiorevelacionfm.cl\/index.php?rest_route=%2Fwp%2Fv2%2Fmedia&parent=26263"}],"wp:term":[{"taxonomy":"category","embeddable":true,"href":"https:\/\/radiorevelacionfm.cl\/index.php?rest_route=%2Fwp%2Fv2%2Fcategories&post=26263"},{"taxonomy":"post_tag","embeddable":true,"href":"https:\/\/radiorevelacionfm.cl\/index.php?rest_route=%2Fwp%2Fv2%2Ftags&post=26263"}],"curies":[{"name":"wp","href":"https:\/\/api.w.org\/{rel}","templated":true}]}}