{"id":2626,"date":"2021-02-15T17:42:57","date_gmt":"2021-02-15T20:42:57","guid":{"rendered":"https:\/\/radiorevelacionfm.cl\/?p=2626"},"modified":"2021-02-16T19:31:26","modified_gmt":"2021-02-16T22:31:26","slug":"anuncian-subsidio-por-mil-millones-de-pesos-para-el-sector-turismo-en-aysen","status":"publish","type":"post","link":"https:\/\/radiorevelacionfm.cl\/?p=2626","title":{"rendered":"Anuncian subsidio por mil millones de pesos para el sector turismo en Ays\u00e9n"},"content":{"rendered":"<div class=\"flex_column av_one_full  flex_column_div av-zero-column-padding first  avia-builder-el-0  el_before_av_one_full  avia-builder-el-first  \" style='border-radius:0px; '><div  class='avia-image-container  av-styling-    avia-builder-el-1  avia-builder-el-no-sibling  avia-align-center '  itemprop=\"image\" itemscope=\"itemscope\" itemtype=\"https:\/\/schema.org\/ImageObject\"  ><div class='avia-image-container-inner'><div class='avia-image-overlay-wrap'><img decoding=\"async\" class='wp-image-0 avia-img-lazy-loading-not-0 avia_image' src=\"https:\/\/radiorevelacionfm.cl\/wp-content\/uploads\/2021\/02\/0813-turismo-sigo-5-1.jpg\" alt='' title=''   itemprop=\"thumbnailUrl\"  \/><\/div><\/div><\/div><\/div><div class=\"flex_column av_one_full  flex_column_div av-zero-column-padding first  avia-builder-el-2  el_after_av_one_full  el_before_av_one_full  column-top-margin\" style='border-radius:0px; '><section class=\"av_textblock_section \"  itemscope=\"itemscope\" itemtype=\"https:\/\/schema.org\/BlogPosting\" itemprop=\"blogPost\" ><div class='avia_textblock  '   itemprop=\"text\" ><p style=\"text-align: center;\"><span style=\"font-size: 18pt;\"><strong>Anuncian subsidio por mil millones de pesos para el sector turismo en Ays\u00e9n<\/strong><\/span><\/p>\n<div id=\"gtx-trans\" style=\"position: absolute; left: -50px; top: 4.31534px;\">\n<div class=\"gtx-trans-icon\"><\/div>\n<\/div>\n<\/div><\/section><\/div><\/p>\n<div class=\"flex_column av_one_full  flex_column_div av-zero-column-padding first  avia-builder-el-4  el_after_av_one_full  el_before_av_hr  column-top-margin\" style='border-radius:0px; '><section class=\"av_textblock_section \"  itemscope=\"itemscope\" itemtype=\"https:\/\/schema.org\/BlogPosting\" itemprop=\"blogPost\" ><div class='avia_textblock  '   itemprop=\"text\" ><p style=\"text-align: justify;\"><em>La primera convocatoria, que ser\u00e1 por 250 millones, se inicia este martes 16 de febrero, desde las 15:00 horas en el portal de Corfo <\/em><a href=\"http:\/\/www.corfo.cl\"><em>www.corfo.cl<\/em><\/a><\/p>\n<p style=\"text-align: justify;\">Un nuevo plan de apoyo al sector del turismo, dieron a conocer autoridades del sector econom\u00eda, el que contempla cuatro ejes de trabajo, entre los que se encuentran subsidios para empresas, facilidades crediticias a trav\u00e9s del programa FOGAPE Reactiva, flexibilidades en materia de Ley de Protecci\u00f3n al Empleo y programas especiales en asociaci\u00f3n con Banco Estado.<\/p>\n<p style=\"text-align: justify;\">Respecto al acceso a estos subsidios, durante los meses de febrero y marzo el Ministerio de Econom\u00eda realizar\u00e1 el primer llamado a concurso, a trav\u00e9s de Corfo Ays\u00e9n, que contempla para la regi\u00f3n un total de mil millones de pesos.<\/p>\n<p style=\"text-align: justify;\">As\u00ed lo inform\u00f3 Margarita Ossa Rojas, Intendenta Regional de Ays\u00e9n, quien detall\u00f3 los alcances regionales de este anuncio. \u201cEstos mil millones de pesos que se pondr\u00e1n a disposici\u00f3n son un esfuerzo m\u00e1s por parte del Gobierno del Presidente Pi\u00f1era por apoyar a los sectores m\u00e1s golpeados por esta pandemia, instrumento que se suma a las otras iniciativas de la red social; pero que en esta iniciativa en espec\u00edfico busca ir en apoyo a un sector relevante para la econom\u00eda regional como lo es el turismo. Nosotros dijimos que el 2021 debe ser el a\u00f1o de la recuperaci\u00f3n econ\u00f3mica y hac\u00eda all\u00e1 apuntaremos porque entendemos que detr\u00e1s de cada emprendimiento hay familias y proyectos de vida que no podemos dejar de apoyar como regi\u00f3n\u201d.<\/p>\n<p style=\"text-align: justify;\">En tanto, Carlos Pacheco Toledo, Seremi de Econom\u00eda, Fomento y Turismo, se\u00f1al\u00f3 que \u201ccomo gobierno del Presidente Sebasti\u00e1n Pi\u00f1era hemos hecho un lanzamiento especial que se llama PAR Impulsa Turismo, que se enmarca en una pol\u00edtica p\u00fablica financiada por el fondo COVID aprobado el a\u00f1o 2020 y que va en apoyo directo a las personas y empresas afectadas por la pandemia. La iniciativa est\u00e1 dirigida a las empresas con iniciaci\u00f3n de actividades en primera categor\u00eda, sobre todo los rubros m\u00e1s vinculados, como el gastron\u00f3mico, turismo y transporte privado de pasajeros\u201d, se\u00f1al\u00f3.<\/p>\n<p style=\"text-align: justify;\">Por su parte, el Director de Corfo Ays\u00e9n, Omar Mu\u00f1oz Sierra, se\u00f1al\u00f3 que \u201cel objetivo de la tipolog\u00eda PAR Impulsa Turismo es apoyar a los contribuyentes que califiquen como micro peque\u00f1a y mediana empresa del sector turismo en la reactivaci\u00f3n de su actividad recuperando y\/o mejorando su potencial productivo y su gesti\u00f3n en el marco de la coyuntura social econ\u00f3mica y sanitaria a trav\u00e9s del otorgamiento de financiamiento para planes de trabajo de inversi\u00f3n y\/o capital de trabajo\u201d.<\/p>\n<p style=\"text-align: justify;\">Finalmente, Patricio Bast\u00edas Mora, director de Sernatur Ays\u00e9n, valor\u00f3 este apoyo al sector turismo. \u201cPara un sector tan alica\u00eddo lo importante va en dos l\u00edneas. Una que tiene que ver con que existan apoyos suficientes para que puedan seguir y continuar con esos emprendimientos de tal manera de poder llegar a un segundo trimestre donde esperamos que la movilidad sea mayor y obviamente la actividad pueda reactivarse de manera tal que le permita generar sus ingresos. As\u00ed que en ese sentido destacamos y valoramos este apoyo y que va en la l\u00ednea de que el sector no tenga que competir con otros sectores\u201d, concluy\u00f3.<\/p>\n<p style=\"text-align: justify;\"><strong>PAR TURISMO IMPULSA<\/strong><\/p>\n<p style=\"text-align: justify;\">El Fondo COVID tiene como primera prioridad entregar subsidios a personas naturales que se han visto disminuidos sus ingresos, en segundo lugar, financiar proyectos en obras p\u00fablicas que permitan generar empleo, y en tercer lugar entregar apoyo a trav\u00e9s de subsidios a las micro, peque\u00f1as y medianas empresas del pa\u00eds, principalmente en aquellos sectores productivos m\u00e1s afectados, como el turismo.<\/p>\n<p style=\"text-align: justify;\">En el caso del subsidio PAR Impulsa Turismo se entregar\u00e1 en tres tramos:<\/p>\n<p style=\"text-align: justify;\">&#8211; Hasta el 70% del costo del proyecto (3 millones de pesos) para empresas con ventas menores a 25 mil UF.<\/p>\n<p style=\"text-align: justify;\">&#8211;\u00a0Hasta el 60% del costo del proyecto (4 millones de pesos) para empresas con ventas menores a 50 mil UF.<\/p>\n<p style=\"text-align: justify;\">&#8211; Hasta el 50% del costo del proyecto (5 millones de pesos) para empresas con ventas menores a 100 mil UF<\/p>\n<p style=\"text-align: justify;\">Las postulaciones estar\u00e1n abiertas a contar del d\u00eda martes 16 de febrero a las 15:00 horas en el sitio web www.corfo.cl. M\u00e1s informaci\u00f3n llamar al 67245150 67245151 o escribir a <a href=\"mailto:oficinapartesaysen@corfo.cl\">oficinapartesaysen@corfo.cl<\/a><\/p>\n<\/div><\/section><\/div>\n<div  style='height:50px' class='hr hr-invisible   avia-builder-el-6  el_after_av_one_full  el_before_av_social_share '><span class='hr-inner ' ><span class='hr-inner-style'><\/span><\/span><\/div>\n<div  class='av-social-sharing-box  avia-builder-el-7  el_after_av_hr  el_before_av_hr  '><div class='av-share-box'><h5 class='av-share-link-description av-no-toc '>Compartir esta noticia<\/h5><ul class='av-share-box-list noLightbox'><li class='av-share-link av-social-link-facebook' ><a target=\"_blank\" aria-label=\"Compartir en Facebook\" href='https:\/\/www.facebook.com\/sharer.php?u=https:\/\/radiorevelacionfm.cl\/?p=2626&#038;t=Anuncian%20subsidio%20por%20mil%20millones%20de%20pesos%20para%20el%20sector%20turismo%20en%20Ays%C3%A9n' aria-hidden='false' data-av_icon='\ue8f3' data-av_iconfont='entypo-fontello' title='' data-avia-related-tooltip='Compartir en Facebook' rel=\"noopener\"><span class='avia_hidden_link_text'>Compartir en Facebook<\/span><\/a><\/li><li class='av-share-link av-social-link-twitter' ><a target=\"_blank\" aria-label=\"Compartir en Twitter\" href='https:\/\/twitter.com\/share?text=Anuncian%20subsidio%20por%20mil%20millones%20de%20pesos%20para%20el%20sector%20turismo%20en%20Ays%C3%A9n&#038;url=https:\/\/radiorevelacionfm.cl\/?p=2626' aria-hidden='false' data-av_icon='\ue8f1' data-av_iconfont='entypo-fontello' title='' data-avia-related-tooltip='Compartir en Twitter' rel=\"noopener\"><span class='avia_hidden_link_text'>Compartir en Twitter<\/span><\/a><\/li><li class='av-share-link av-social-link-whatsapp' ><a target=\"_blank\" aria-label=\"Compartir en Whatsapp\" href='https:\/\/api.whatsapp.com\/send?text=https:\/\/radiorevelacionfm.cl\/?p=2626' aria-hidden='false' data-av_icon='\uf232' data-av_iconfont='entypo-fontello' title='' data-avia-related-tooltip='Compartir en Whatsapp' rel=\"noopener\"><span class='avia_hidden_link_text'>Compartir en Whatsapp<\/span><\/a><\/li><li class='av-share-link av-social-link-linkedin' ><a target=\"_blank\" aria-label=\"Compartir en LinkedIn\" href='https:\/\/linkedin.com\/shareArticle?mini=true&#038;title=Anuncian%20subsidio%20por%20mil%20millones%20de%20pesos%20para%20el%20sector%20turismo%20en%20Ays%C3%A9n&#038;url=https:\/\/radiorevelacionfm.cl\/?p=2626' aria-hidden='false' data-av_icon='\ue8fc' data-av_iconfont='entypo-fontello' title='' data-avia-related-tooltip='Compartir en LinkedIn' rel=\"noopener\"><span class='avia_hidden_link_text'>Compartir en LinkedIn<\/span><\/a><\/li><li class='av-share-link av-social-link-mail' ><a  aria-label=\"Compartir por correo\" href='mailto:?subject=Anuncian%20subsidio%20por%20mil%20millones%20de%20pesos%20para%20el%20sector%20turismo%20en%20Ays%C3%A9n&#038;body=https:\/\/radiorevelacionfm.cl\/?p=2626' aria-hidden='false' data-av_icon='\ue805' data-av_iconfont='entypo-fontello' title='' data-avia-related-tooltip='Compartir por correo'><span class='avia_hidden_link_text'>Compartir por correo<\/span><\/a><\/li><\/ul><\/div><\/div>\n<div  style='height:50px' class='hr hr-invisible   avia-builder-el-8  el_after_av_social_share  el_before_av_comments_list '><span class='hr-inner ' ><span class='hr-inner-style'><\/span><\/span><\/div>\n<div  class='av-buildercomment  av-blog-meta-html-info-disabled av-blog-meta-tag-disabled  '><\/div>\n","protected":false},"excerpt":{"rendered":"","protected":false},"author":1,"featured_media":0,"comment_status":"open","ping_status":"open","sticky":false,"template":"","format":"standard","meta":{"footnotes":""},"categories":[54],"tags":[],"class_list":["post-2626","post","type-post","status-publish","format-standard","hentry","category-turismo"],"jetpack_featured_media_url":"","_links":{"self":[{"href":"https:\/\/radiorevelacionfm.cl\/index.php?rest_route=\/wp\/v2\/posts\/2626","targetHints":{"allow":["GET"]}}],"collection":[{"href":"https:\/\/radiorevelacionfm.cl\/index.php?rest_route=\/wp\/v2\/posts"}],"about":[{"href":"https:\/\/radiorevelacionfm.cl\/index.php?rest_route=\/wp\/v2\/types\/post"}],"author":[{"embeddable":true,"href":"https:\/\/radiorevelacionfm.cl\/index.php?rest_route=\/wp\/v2\/users\/1"}],"replies":[{"embeddable":true,"href":"https:\/\/radiorevelacionfm.cl\/index.php?rest_route=%2Fwp%2Fv2%2Fcomments&post=2626"}],"version-history":[{"count":4,"href":"https:\/\/radiorevelacionfm.cl\/index.php?rest_route=\/wp\/v2\/posts\/2626\/revisions"}],"predecessor-version":[{"id":2680,"href":"https:\/\/radiorevelacionfm.cl\/index.php?rest_route=\/wp\/v2\/posts\/2626\/revisions\/2680"}],"wp:attachment":[{"href":"https:\/\/radiorevelacionfm.cl\/index.php?rest_route=%2Fwp%2Fv2%2Fmedia&parent=2626"}],"wp:term":[{"taxonomy":"category","embeddable":true,"href":"https:\/\/radiorevelacionfm.cl\/index.php?rest_route=%2Fwp%2Fv2%2Fcategories&post=2626"},{"taxonomy":"post_tag","embeddable":true,"href":"https:\/\/radiorevelacionfm.cl\/index.php?rest_route=%2Fwp%2Fv2%2Ftags&post=2626"}],"curies":[{"name":"wp","href":"https:\/\/api.w.org\/{rel}","templated":true}]}}