{"id":26259,"date":"2023-01-05T15:21:43","date_gmt":"2023-01-05T18:21:43","guid":{"rendered":"https:\/\/radiorevelacionfm.cl\/?p=26259"},"modified":"2023-01-05T15:21:43","modified_gmt":"2023-01-05T18:21:43","slug":"con-reconocimiento-a-los-pioneros-chilotes-se-dara-inicio-a-las-actividades-del-verano-en-aysen","status":"publish","type":"post","link":"https:\/\/radiorevelacionfm.cl\/?p=26259","title":{"rendered":"Con reconocimiento a los pioneros chilotes se dar\u00e1 inicio a las actividades del Verano en Ays\u00e9n"},"content":{"rendered":"<div class=\"flex_column av_one_full  flex_column_div av-zero-column-padding first  avia-builder-el-0  el_before_av_one_full  avia-builder-el-first  \" style='border-radius:0px; '><div  class='avia-image-container  av-styling-    avia-builder-el-1  avia-builder-el-no-sibling  avia-align-center '  itemprop=\"image\" itemscope=\"itemscope\" itemtype=\"https:\/\/schema.org\/ImageObject\"  ><div class='avia-image-container-inner'><div class='avia-image-overlay-wrap'><img decoding=\"async\" class='wp-image-26260 avia-img-lazy-loading-not-26260 avia_image' src=\"https:\/\/radiorevelacionfm.cl\/wp-content\/uploads\/2023\/01\/dsc_0171_optimized.jpg\" alt='' title='dsc_0171_optimized' height=\"600\" width=\"900\"  itemprop=\"thumbnailUrl\" srcset=\"https:\/\/radiorevelacionfm.cl\/wp-content\/uploads\/2023\/01\/dsc_0171_optimized.jpg 900w, https:\/\/radiorevelacionfm.cl\/wp-content\/uploads\/2023\/01\/dsc_0171_optimized-300x200.jpg 300w, https:\/\/radiorevelacionfm.cl\/wp-content\/uploads\/2023\/01\/dsc_0171_optimized-768x512.jpg 768w, https:\/\/radiorevelacionfm.cl\/wp-content\/uploads\/2023\/01\/dsc_0171_optimized-705x470.jpg 705w, https:\/\/radiorevelacionfm.cl\/wp-content\/uploads\/2023\/01\/dsc_0171_optimized-600x400.jpg 600w\" sizes=\"(max-width: 900px) 100vw, 900px\" \/><\/div><\/div><\/div><\/div><div class=\"flex_column av_one_full  flex_column_div av-zero-column-padding first  avia-builder-el-2  el_after_av_one_full  el_before_av_one_full  column-top-margin\" style='border-radius:0px; '><section class=\"av_textblock_section \"  itemscope=\"itemscope\" itemtype=\"https:\/\/schema.org\/BlogPosting\" itemprop=\"blogPost\" ><div class='avia_textblock  '   itemprop=\"text\" ><p style=\"text-align: center;\"><strong><span style=\"font-size: 18pt;\">Con reconocimiento a los pioneros chilotes se dar\u00e1 inicio a las actividades del Verano en Ays\u00e9n<\/span><\/strong><\/p>\n<div id=\"gtx-trans\" style=\"position: absolute; left: -50px; top: 4.31534px;\">\n<div class=\"gtx-trans-icon\"><\/div>\n<\/div>\n<\/div><\/section><\/div><div class=\"flex_column av_one_full  flex_column_div av-zero-column-padding first  avia-builder-el-4  el_after_av_one_full  el_before_av_hr  column-top-margin\" style='border-radius:0px; '><section class=\"av_textblock_section \"  itemscope=\"itemscope\" itemtype=\"https:\/\/schema.org\/BlogPosting\" itemprop=\"blogPost\" ><div class='avia_textblock  '   itemprop=\"text\" ><p style=\"text-align: justify;\">Este 6 y 7 de enero se dar\u00e1 inicio a las actividades del verano en Puerto Ays\u00e9n con una actividad conmemorativa en homenaje a los pioneros chilotes, en la que se contar\u00e1 con la participaci\u00f3n de nuestro alcalde, Julio Uribe Alvarado y el alcalde de la comuna de Puqueld\u00f3n, Rodrigo Ojeda. Para esta conmemoraci\u00f3n, se realizar\u00e1 la presentaci\u00f3n de la agrupaci\u00f3n folcl\u00f3rica \u201cC\u00edrculo de hijos y amigos de Chilo\u00e9\u201d.<\/p>\n<p style=\"text-align: justify;\">En la ocasi\u00f3n, se entregar\u00e1 un reconocimiento a nombre de toda la comunidad de Ays\u00e9n, en homenaje a los colonos chilotes que formaron parte de los primeros pobladores de la zona occidental de la Patagonia. Familias enteras que, con su arduo trabajo y esfuerzo, lograron levantar sus viviendas y sentar los cimientos de lo que hoy es nuestra ciudad. En el marco del 95\u00b0 aniversario de nuestra ciudad, es necesario recordar y valorar a los pioneros que, pese a lo extremo del clima y aislado del lugar, persistieron y consiguieron crear una comunidad, para lo cual la Ilustre Municipalidad de Ays\u00e9n entregar\u00e1 un galvano conmemorativo al edil lemuyano.<\/p>\n<p style=\"text-align: justify;\">Mediante esta presentaci\u00f3n folcl\u00f3rica, es que se iniciar\u00e1 las actividades del Verano en Ays\u00e9n, entre las que se cuentan la primera versi\u00f3n del Carnaval del Agua, competencias deportivas, muestras culturales y art\u00edsticas, presentaciones en vivo, ferias campesinas, entre otras actividades. Los invitamos a seguir las redes sociales de la Municipalidad de Ays\u00e9n para conocer el cronograma con todas las actividades programadas. \u00a1Vivamos juntos el Verano en Ays\u00e9n!<\/p>\n<\/div><\/section><\/div><div  style='height:50px' class='hr hr-invisible   avia-builder-el-6  el_after_av_one_full  el_before_av_social_share '><span class='hr-inner ' ><span class='hr-inner-style'><\/span><\/span><\/div><\/p>\n<div  class='av-social-sharing-box  avia-builder-el-7  el_after_av_hr  el_before_av_hr  '><div class='av-share-box'><h5 class='av-share-link-description av-no-toc '>Compartir esta noticia<\/h5><ul class='av-share-box-list noLightbox'><li class='av-share-link av-social-link-facebook' ><a target=\"_blank\" aria-label=\"Compartir en Facebook\" href='https:\/\/www.facebook.com\/sharer.php?u=https:\/\/radiorevelacionfm.cl\/?p=26259&#038;t=Con%20reconocimiento%20a%20los%20pioneros%20chilotes%20se%20dar%C3%A1%20inicio%20a%20las%20actividades%20del%20Verano%20en%20Ays%C3%A9n' aria-hidden='false' data-av_icon='\ue8f3' data-av_iconfont='entypo-fontello' title='' data-avia-related-tooltip='Compartir en Facebook' rel=\"noopener\"><span class='avia_hidden_link_text'>Compartir en Facebook<\/span><\/a><\/li><li class='av-share-link av-social-link-twitter' ><a target=\"_blank\" aria-label=\"Compartir en Twitter\" href='https:\/\/twitter.com\/share?text=Con%20reconocimiento%20a%20los%20pioneros%20chilotes%20se%20dar%C3%A1%20inicio%20a%20las%20actividades%20del%20Verano%20en%20Ays%C3%A9n&#038;url=https:\/\/radiorevelacionfm.cl\/?p=26259' aria-hidden='false' data-av_icon='\ue8f1' data-av_iconfont='entypo-fontello' title='' data-avia-related-tooltip='Compartir en Twitter' rel=\"noopener\"><span class='avia_hidden_link_text'>Compartir en Twitter<\/span><\/a><\/li><li class='av-share-link av-social-link-whatsapp' ><a target=\"_blank\" aria-label=\"Compartir en Whatsapp\" href='https:\/\/api.whatsapp.com\/send?text=https:\/\/radiorevelacionfm.cl\/?p=26259' aria-hidden='false' data-av_icon='\uf232' data-av_iconfont='entypo-fontello' title='' data-avia-related-tooltip='Compartir en Whatsapp' rel=\"noopener\"><span class='avia_hidden_link_text'>Compartir en Whatsapp<\/span><\/a><\/li><li class='av-share-link av-social-link-linkedin' ><a target=\"_blank\" aria-label=\"Compartir en LinkedIn\" href='https:\/\/linkedin.com\/shareArticle?mini=true&#038;title=Con%20reconocimiento%20a%20los%20pioneros%20chilotes%20se%20dar%C3%A1%20inicio%20a%20las%20actividades%20del%20Verano%20en%20Ays%C3%A9n&#038;url=https:\/\/radiorevelacionfm.cl\/?p=26259' aria-hidden='false' data-av_icon='\ue8fc' data-av_iconfont='entypo-fontello' title='' data-avia-related-tooltip='Compartir en LinkedIn' rel=\"noopener\"><span class='avia_hidden_link_text'>Compartir en LinkedIn<\/span><\/a><\/li><li class='av-share-link av-social-link-mail' ><a  aria-label=\"Compartir por correo\" href='mailto:?subject=Con%20reconocimiento%20a%20los%20pioneros%20chilotes%20se%20dar%C3%A1%20inicio%20a%20las%20actividades%20del%20Verano%20en%20Ays%C3%A9n&#038;body=https:\/\/radiorevelacionfm.cl\/?p=26259' aria-hidden='false' data-av_icon='\ue805' data-av_iconfont='entypo-fontello' title='' data-avia-related-tooltip='Compartir por correo'><span class='avia_hidden_link_text'>Compartir por correo<\/span><\/a><\/li><\/ul><\/div><\/div>\n<div  style='height:50px' class='hr hr-invisible   avia-builder-el-8  el_after_av_social_share  el_before_av_comments_list '><span class='hr-inner ' ><span class='hr-inner-style'><\/span><\/span><\/div>\n<div  class='av-buildercomment  av-blog-meta-html-info-disabled av-blog-meta-tag-disabled  '><\/div>\n","protected":false},"excerpt":{"rendered":"","protected":false},"author":1,"featured_media":26260,"comment_status":"open","ping_status":"open","sticky":false,"template":"","format":"standard","meta":{"footnotes":""},"categories":[38],"tags":[],"class_list":["post-26259","post","type-post","status-publish","format-standard","has-post-thumbnail","hentry","category-regional"],"jetpack_featured_media_url":"https:\/\/radiorevelacionfm.cl\/wp-content\/uploads\/2023\/01\/dsc_0171_optimized.jpg","_links":{"self":[{"href":"https:\/\/radiorevelacionfm.cl\/index.php?rest_route=\/wp\/v2\/posts\/26259","targetHints":{"allow":["GET"]}}],"collection":[{"href":"https:\/\/radiorevelacionfm.cl\/index.php?rest_route=\/wp\/v2\/posts"}],"about":[{"href":"https:\/\/radiorevelacionfm.cl\/index.php?rest_route=\/wp\/v2\/types\/post"}],"author":[{"embeddable":true,"href":"https:\/\/radiorevelacionfm.cl\/index.php?rest_route=\/wp\/v2\/users\/1"}],"replies":[{"embeddable":true,"href":"https:\/\/radiorevelacionfm.cl\/index.php?rest_route=%2Fwp%2Fv2%2Fcomments&post=26259"}],"version-history":[{"count":2,"href":"https:\/\/radiorevelacionfm.cl\/index.php?rest_route=\/wp\/v2\/posts\/26259\/revisions"}],"predecessor-version":[{"id":26262,"href":"https:\/\/radiorevelacionfm.cl\/index.php?rest_route=\/wp\/v2\/posts\/26259\/revisions\/26262"}],"wp:featuredmedia":[{"embeddable":true,"href":"https:\/\/radiorevelacionfm.cl\/index.php?rest_route=\/wp\/v2\/media\/26260"}],"wp:attachment":[{"href":"https:\/\/radiorevelacionfm.cl\/index.php?rest_route=%2Fwp%2Fv2%2Fmedia&parent=26259"}],"wp:term":[{"taxonomy":"category","embeddable":true,"href":"https:\/\/radiorevelacionfm.cl\/index.php?rest_route=%2Fwp%2Fv2%2Fcategories&post=26259"},{"taxonomy":"post_tag","embeddable":true,"href":"https:\/\/radiorevelacionfm.cl\/index.php?rest_route=%2Fwp%2Fv2%2Ftags&post=26259"}],"curies":[{"name":"wp","href":"https:\/\/api.w.org\/{rel}","templated":true}]}}