{"id":26256,"date":"2023-01-05T19:03:54","date_gmt":"2023-01-05T22:03:54","guid":{"rendered":"https:\/\/radiorevelacionfm.cl\/?p=26256"},"modified":"2023-01-05T19:03:54","modified_gmt":"2023-01-05T22:03:54","slug":"fundacion-integra-se-prepara-para-vacaciones-en-mi-jardin-2023","status":"publish","type":"post","link":"https:\/\/radiorevelacionfm.cl\/?p=26256","title":{"rendered":"Fundaci\u00f3n Integra se prepara para Vacaciones en Mi Jard\u00edn 2023"},"content":{"rendered":"<div class=\"flex_column av_one_full  flex_column_div av-zero-column-padding first  avia-builder-el-0  el_before_av_one_full  avia-builder-el-first  \" style='border-radius:0px; '><div  class='avia-image-container  av-styling-    avia-builder-el-1  avia-builder-el-no-sibling  avia-align-center '  itemprop=\"image\" itemscope=\"itemscope\" itemtype=\"https:\/\/schema.org\/ImageObject\"  ><div class='avia-image-container-inner'><div class='avia-image-overlay-wrap'><img decoding=\"async\" class='wp-image-26257 avia-img-lazy-loading-not-26257 avia_image' src=\"https:\/\/radiorevelacionfm.cl\/wp-content\/uploads\/2023\/01\/img_8422-1_optimized-1.jpg\" alt='' title='img_8422-(1)_optimized (1)' height=\"600\" width=\"902\"  itemprop=\"thumbnailUrl\" srcset=\"https:\/\/radiorevelacionfm.cl\/wp-content\/uploads\/2023\/01\/img_8422-1_optimized-1.jpg 902w, https:\/\/radiorevelacionfm.cl\/wp-content\/uploads\/2023\/01\/img_8422-1_optimized-1-300x200.jpg 300w, https:\/\/radiorevelacionfm.cl\/wp-content\/uploads\/2023\/01\/img_8422-1_optimized-1-768x511.jpg 768w, https:\/\/radiorevelacionfm.cl\/wp-content\/uploads\/2023\/01\/img_8422-1_optimized-1-705x469.jpg 705w, https:\/\/radiorevelacionfm.cl\/wp-content\/uploads\/2023\/01\/img_8422-1_optimized-1-600x399.jpg 600w\" sizes=\"(max-width: 902px) 100vw, 902px\" \/><\/div><\/div><\/div><\/div><div class=\"flex_column av_one_full  flex_column_div av-zero-column-padding first  avia-builder-el-2  el_after_av_one_full  el_before_av_one_full  column-top-margin\" style='border-radius:0px; '><section class=\"av_textblock_section \"  itemscope=\"itemscope\" itemtype=\"https:\/\/schema.org\/BlogPosting\" itemprop=\"blogPost\" ><div class='avia_textblock  '   itemprop=\"text\" ><p style=\"text-align: center;\"><strong><span style=\"font-size: 18pt;\">Fundaci\u00f3n Integra se prepara para Vacaciones en Mi Jard\u00edn 2023<\/span><\/strong><\/p>\n<div id=\"gtx-trans\" style=\"position: absolute; left: -50px; top: 4.31534px;\">\n<div class=\"gtx-trans-icon\"><\/div>\n<\/div>\n<\/div><\/section><\/div><div class=\"flex_column av_one_full  flex_column_div av-zero-column-padding first  avia-builder-el-4  el_after_av_one_full  el_before_av_hr  column-top-margin\" style='border-radius:0px; '><section class=\"av_textblock_section \"  itemscope=\"itemscope\" itemtype=\"https:\/\/schema.org\/BlogPosting\" itemprop=\"blogPost\" ><div class='avia_textblock  '   itemprop=\"text\" ><p style=\"text-align: justify;\">Comenz\u00f3 el 2023 y Fundaci\u00f3n Integra ya se encuentra capacitando a los equipos educativos de los Jardines Infantiles \u201cLas Araucarias\u201d de Coyhaique y \u201cLos Chilcos\u201d de Puerto Ays\u00e9n, quienes ser\u00e1n los establecimientos que abrir\u00e1n sus puertas para una nueva versi\u00f3n del Programa Vacaciones en Mi Jard\u00edn (VMJ) 2023. Durante enero y febrero dichos recintos atender\u00e1n a los ni\u00f1os y ni\u00f1as seleccionadas, ofreciendo a estos un espacio recreativo-vacacional, en un marco de seguridad y bienestar, durante los per\u00edodos en que los establecimientos interrumpen su funcionamiento.<\/p>\n<p style=\"text-align: justify;\">Leticia Araya Norambuena, directora regional de Fundaci\u00f3n Integra recalca que \u201cVacaciones en Mi Jard\u00edn es una excelente alternativa para las familias durante este verano y es en ese sentido que la instituci\u00f3n se toma con mucha responsabilidad este periodo y hace todo lo necesario para quienes est\u00e9n atendiendo en el jard\u00edn infantil sean las personas id\u00f3neas para el puesto y que los ni\u00f1os y ni\u00f1as est\u00e9n contentos, bien cuidados y situaci\u00f3n de bienestar\u201d.<\/p>\n<p style=\"text-align: justify;\">Es importante destacar que para la implementaci\u00f3n de este \u00a0programa, Fundaci\u00f3n Integra realiza una capacitaci\u00f3n dirigida a directoras, educadoras y agentes educativas \u2013trabajadoras que conformar\u00e1n el equipo educativo responsable- todo esto bajo un trabajo coordinado denominado \u201cOrientaciones para juegos y actividades l\u00fadicas con ni\u00f1os y ni\u00f1as\u201d las que consideran una propuesta t\u00e9cnica la que puede ser adaptada a las necesidades particulares de cada establecimiento, resguardando los objetivos y caracter\u00edsticas b\u00e1sicas del Programa Vacaciones en mi Jard\u00edn.<\/p>\n<p style=\"text-align: justify;\">El jefe de Cobertura y Proyectos regional, Ricardo Hinojosa explica lo importante de este proceso de capacitaci\u00f3n en el que \u201cse les entrega un set de herramientas y habilidades para que se puedan desempe\u00f1ar durante la realizaci\u00f3n de este Programa\u201d. A la vez refuerza que dentro de \u201clos temas que se han entregado est\u00e1n los referentes a Protecci\u00f3n de Derechos, Infraestructura, Planificaci\u00f3n Educativa, entre otros y que son factores relevantes para la implementaci\u00f3n del Vacaciones en Mi Jard\u00edn\u201d.<\/p>\n<p style=\"text-align: justify;\">Cabe destacar que Vacaciones en Mi Jard\u00edn se encuentra dirigido a ni\u00f1os y ni\u00f1as entre los tres meses a cinco a\u00f1os de edad y cuyas familias viven en situaci\u00f3n de vulnerabilidad social, preferentemente hijos e hijas de madres que trabajan.<\/p>\n<p style=\"text-align: justify;\">Alejandra Cad\u00edn, directora del VMJ en el jard\u00edn infantil \u201cLos Chilcos\u201d se\u00f1ala que \u201ceste Programa se da para que las familias puedan realizar su trabajo tranquilo y tambi\u00e9n para que los ni\u00f1os puedan llevar a cabo un proceso distinto de lo que se realiza durante el a\u00f1o en los establecimientos\u201d. Al mismo tiempo refuerza que \u201ctenemos preparadas diferentes acciones y lo que queremos es que los ni\u00f1os y ni\u00f1as puedan disfrutar estas vacaciones lo m\u00e1s entretenidos posible\u201d.<\/p>\n<p style=\"text-align: justify;\">Esta capacitaci\u00f3n tiene como objetivo desarrollar competencias t\u00e9cnicas en los equipos educativos a cargo del VMJ como lo son conocimientos, procedimientos y actitudes relacionadas con los principios, caracter\u00edsticas y lineamientos de dicho programa.<\/p>\n<p style=\"text-align: justify;\">\u00c1ngela Mej\u00edas, directora del VMJ en el jard\u00edn infantil \u201cLas Araucarias\u201d, refuerza que este Programa \u201ccambia bastante el foco y la din\u00e1mica de lo que se realiza durante el a\u00f1o en los establecimientos. Durante este periodo el foco est\u00e1 en el juego y en el descanso de los ni\u00f1os y ni\u00f1as. Sabemos que para muchos de ellos est\u00e1 ser\u00e1 la \u00fanica posibilidad de disfrutar de sus vacaciones\u201d<\/p>\n<p style=\"text-align: justify;\">Finalmente cabe destacar que Fundaci\u00f3n Integra pertenece a la Red de Fundaciones de la Presidencia de la Rep\u00fablica. Con 32 a\u00f1os de experiencia, cuenta con m\u00e1s de 1.230 jardines infantiles y salas cuna gratuitos a los que asisten m\u00e1s de 91 mil ni\u00f1os y ni\u00f1as en todo Chile.<\/p>\n<\/div><\/section><\/div><div  style='height:50px' class='hr hr-invisible   avia-builder-el-6  el_after_av_one_full  el_before_av_social_share '><span class='hr-inner ' ><span class='hr-inner-style'><\/span><\/span><\/div><\/p>\n<div  class='av-social-sharing-box  avia-builder-el-7  el_after_av_hr  el_before_av_hr  '><div class='av-share-box'><h5 class='av-share-link-description av-no-toc '>Compartir esta noticia<\/h5><ul class='av-share-box-list noLightbox'><li class='av-share-link av-social-link-facebook' ><a target=\"_blank\" aria-label=\"Compartir en Facebook\" href='https:\/\/www.facebook.com\/sharer.php?u=https:\/\/radiorevelacionfm.cl\/?p=26256&#038;t=Fundaci%C3%B3n%20Integra%20se%20prepara%20para%20Vacaciones%20en%20Mi%20Jard%C3%ADn%202023' aria-hidden='false' data-av_icon='\ue8f3' data-av_iconfont='entypo-fontello' title='' data-avia-related-tooltip='Compartir en Facebook' rel=\"noopener\"><span class='avia_hidden_link_text'>Compartir en Facebook<\/span><\/a><\/li><li class='av-share-link av-social-link-twitter' ><a target=\"_blank\" aria-label=\"Compartir en Twitter\" href='https:\/\/twitter.com\/share?text=Fundaci%C3%B3n%20Integra%20se%20prepara%20para%20Vacaciones%20en%20Mi%20Jard%C3%ADn%202023&#038;url=https:\/\/radiorevelacionfm.cl\/?p=26256' aria-hidden='false' data-av_icon='\ue8f1' data-av_iconfont='entypo-fontello' title='' data-avia-related-tooltip='Compartir en Twitter' rel=\"noopener\"><span class='avia_hidden_link_text'>Compartir en Twitter<\/span><\/a><\/li><li class='av-share-link av-social-link-whatsapp' ><a target=\"_blank\" aria-label=\"Compartir en Whatsapp\" href='https:\/\/api.whatsapp.com\/send?text=https:\/\/radiorevelacionfm.cl\/?p=26256' aria-hidden='false' data-av_icon='\uf232' data-av_iconfont='entypo-fontello' title='' data-avia-related-tooltip='Compartir en Whatsapp' rel=\"noopener\"><span class='avia_hidden_link_text'>Compartir en Whatsapp<\/span><\/a><\/li><li class='av-share-link av-social-link-linkedin' ><a target=\"_blank\" aria-label=\"Compartir en LinkedIn\" href='https:\/\/linkedin.com\/shareArticle?mini=true&#038;title=Fundaci%C3%B3n%20Integra%20se%20prepara%20para%20Vacaciones%20en%20Mi%20Jard%C3%ADn%202023&#038;url=https:\/\/radiorevelacionfm.cl\/?p=26256' aria-hidden='false' data-av_icon='\ue8fc' data-av_iconfont='entypo-fontello' title='' data-avia-related-tooltip='Compartir en LinkedIn' rel=\"noopener\"><span class='avia_hidden_link_text'>Compartir en LinkedIn<\/span><\/a><\/li><li class='av-share-link av-social-link-mail' ><a  aria-label=\"Compartir por correo\" href='mailto:?subject=Fundaci%C3%B3n%20Integra%20se%20prepara%20para%20Vacaciones%20en%20Mi%20Jard%C3%ADn%202023&#038;body=https:\/\/radiorevelacionfm.cl\/?p=26256' aria-hidden='false' data-av_icon='\ue805' data-av_iconfont='entypo-fontello' title='' data-avia-related-tooltip='Compartir por correo'><span class='avia_hidden_link_text'>Compartir por correo<\/span><\/a><\/li><\/ul><\/div><\/div>\n<div  style='height:50px' class='hr hr-invisible   avia-builder-el-8  el_after_av_social_share  el_before_av_comments_list '><span class='hr-inner ' ><span class='hr-inner-style'><\/span><\/span><\/div>\n<div  class='av-buildercomment  av-blog-meta-html-info-disabled av-blog-meta-tag-disabled  '><\/div>\n","protected":false},"excerpt":{"rendered":"","protected":false},"author":1,"featured_media":26257,"comment_status":"open","ping_status":"open","sticky":false,"template":"","format":"standard","meta":{"footnotes":""},"categories":[49],"tags":[],"class_list":["post-26256","post","type-post","status-publish","format-standard","has-post-thumbnail","hentry","category-educacion"],"jetpack_featured_media_url":"https:\/\/radiorevelacionfm.cl\/wp-content\/uploads\/2023\/01\/img_8422-1_optimized-1.jpg","_links":{"self":[{"href":"https:\/\/radiorevelacionfm.cl\/index.php?rest_route=\/wp\/v2\/posts\/26256","targetHints":{"allow":["GET"]}}],"collection":[{"href":"https:\/\/radiorevelacionfm.cl\/index.php?rest_route=\/wp\/v2\/posts"}],"about":[{"href":"https:\/\/radiorevelacionfm.cl\/index.php?rest_route=\/wp\/v2\/types\/post"}],"author":[{"embeddable":true,"href":"https:\/\/radiorevelacionfm.cl\/index.php?rest_route=\/wp\/v2\/users\/1"}],"replies":[{"embeddable":true,"href":"https:\/\/radiorevelacionfm.cl\/index.php?rest_route=%2Fwp%2Fv2%2Fcomments&post=26256"}],"version-history":[{"count":2,"href":"https:\/\/radiorevelacionfm.cl\/index.php?rest_route=\/wp\/v2\/posts\/26256\/revisions"}],"predecessor-version":[{"id":26295,"href":"https:\/\/radiorevelacionfm.cl\/index.php?rest_route=\/wp\/v2\/posts\/26256\/revisions\/26295"}],"wp:featuredmedia":[{"embeddable":true,"href":"https:\/\/radiorevelacionfm.cl\/index.php?rest_route=\/wp\/v2\/media\/26257"}],"wp:attachment":[{"href":"https:\/\/radiorevelacionfm.cl\/index.php?rest_route=%2Fwp%2Fv2%2Fmedia&parent=26256"}],"wp:term":[{"taxonomy":"category","embeddable":true,"href":"https:\/\/radiorevelacionfm.cl\/index.php?rest_route=%2Fwp%2Fv2%2Fcategories&post=26256"},{"taxonomy":"post_tag","embeddable":true,"href":"https:\/\/radiorevelacionfm.cl\/index.php?rest_route=%2Fwp%2Fv2%2Ftags&post=26256"}],"curies":[{"name":"wp","href":"https:\/\/api.w.org\/{rel}","templated":true}]}}