{"id":26250,"date":"2023-01-05T11:42:18","date_gmt":"2023-01-05T14:42:18","guid":{"rendered":"https:\/\/radiorevelacionfm.cl\/?p=26250"},"modified":"2023-01-05T11:42:18","modified_gmt":"2023-01-05T14:42:18","slug":"centro-de-internacion-provisoria-crc-cumplio-17-anos-de-funcionamiento-en-coyhaique","status":"publish","type":"post","link":"https:\/\/radiorevelacionfm.cl\/?p=26250","title":{"rendered":"Centro de Internaci\u00f3n Provisoria CRC cumpli\u00f3 17 a\u00f1os de funcionamiento en Coyhaique"},"content":{"rendered":"<div class=\"flex_column av_one_full  flex_column_div av-zero-column-padding first  avia-builder-el-0  el_before_av_one_full  avia-builder-el-first  \" style='border-radius:0px; '><div  class='avia-image-container  av-styling-    avia-builder-el-1  avia-builder-el-no-sibling  avia-align-center '  itemprop=\"image\" itemscope=\"itemscope\" itemtype=\"https:\/\/schema.org\/ImageObject\"  ><div class='avia-image-container-inner'><div class='avia-image-overlay-wrap'><img decoding=\"async\" class='wp-image-26251 avia-img-lazy-loading-not-26251 avia_image' src=\"https:\/\/radiorevelacionfm.cl\/wp-content\/uploads\/2023\/01\/cip-crc-1_optimized.jpg\" alt='' title='cip-crc-(1)_optimized' height=\"600\" width=\"917\"  itemprop=\"thumbnailUrl\" srcset=\"https:\/\/radiorevelacionfm.cl\/wp-content\/uploads\/2023\/01\/cip-crc-1_optimized.jpg 917w, https:\/\/radiorevelacionfm.cl\/wp-content\/uploads\/2023\/01\/cip-crc-1_optimized-300x196.jpg 300w, https:\/\/radiorevelacionfm.cl\/wp-content\/uploads\/2023\/01\/cip-crc-1_optimized-768x503.jpg 768w, https:\/\/radiorevelacionfm.cl\/wp-content\/uploads\/2023\/01\/cip-crc-1_optimized-705x461.jpg 705w, https:\/\/radiorevelacionfm.cl\/wp-content\/uploads\/2023\/01\/cip-crc-1_optimized-600x393.jpg 600w\" sizes=\"(max-width: 917px) 100vw, 917px\" \/><\/div><\/div><\/div><\/div><div class=\"flex_column av_one_full  flex_column_div av-zero-column-padding first  avia-builder-el-2  el_after_av_one_full  el_before_av_one_full  column-top-margin\" style='border-radius:0px; '><section class=\"av_textblock_section \"  itemscope=\"itemscope\" itemtype=\"https:\/\/schema.org\/BlogPosting\" itemprop=\"blogPost\" ><div class='avia_textblock  '   itemprop=\"text\" ><p style=\"text-align: center;\"><strong><span style=\"font-size: 18pt;\">Centro de Internaci\u00f3n Provisoria CRC cumpli\u00f3 17 a\u00f1os de funcionamiento en Coyhaique<\/span><\/strong><\/p>\n<div id=\"gtx-trans\" style=\"position: absolute; left: -50px; top: 4.31534px;\">\n<div class=\"gtx-trans-icon\"><\/div>\n<\/div>\n<\/div><\/section><\/div><div class=\"flex_column av_one_full  flex_column_div av-zero-column-padding first  avia-builder-el-4  el_after_av_one_full  el_before_av_hr  column-top-margin\" style='border-radius:0px; '><section class=\"av_textblock_section \"  itemscope=\"itemscope\" itemtype=\"https:\/\/schema.org\/BlogPosting\" itemprop=\"blogPost\" ><div class='avia_textblock  '   itemprop=\"text\" ><p style=\"text-align: justify;\">Diecisiete a\u00f1os de funcionamiento cumpli\u00f3 este mi\u00e9rcoles, el Centro de Internaci\u00f3n Provisoria, R\u00e9gimen Semicerrado y R\u00e9gimen Cerrado o CIP CRC CSC Coyhaique, \u00fanico centro privativo de libertad de adolescentes en nuestra regi\u00f3n, en el que se desempe\u00f1an 58 funcionarios quienes recibieron durante esta jornada, la visita del Seremi de Justicia y Derechos Humanos Samuel Navarro y del Director Regional (s) de SENAME Marcos Mu\u00f1oz.<\/p>\n<p style=\"text-align: justify;\">Cabe se\u00f1alar que el trabajo que se desarrolla en este centro junto con la medida cautelar aplicada por Tribunales, es poder reinsertar a los j\u00f3venes una vez cumplida su sanci\u00f3n, para que no cometan nuevos delitos, instancia abordada por quienes laboran en este establecimiento a trav\u00e9s de distintos \u00e1mbitos de acci\u00f3n, ya sea educativo, laboral, social, salud f\u00edsica y mental, formativo, soporte administrativo, entre otros, incorporando de esta forma la intervenci\u00f3n al \u00e1mbito judicial, como eje central de las sanciones dirigidas a quienes, siendo adolescentes han cometido alguna infracci\u00f3n a la ley, y donde el objetivo principal es lograr la responsabilidad de los actos cometidos y la reinserci\u00f3n social.<\/p>\n<p style=\"text-align: justify;\">Respecto a este nuevo aniversario, la Directora del CIP CRC Coyhaique Pabla Erices explic\u00f3 que \u201cel d\u00eda de hoy cumplimos 17 a\u00f1os de vida como centro, hemos acumulando experiencia, con mirada autocritica y siempre desde una l\u00f3gica de mejora continua lo cual nos permite aprender, avanzar y sentirnos orgullosos del camino recorrido y de la oportunidad de hacer la diferencia en la vida de los y las j\u00f3venes\u201d.<\/p>\n<p style=\"text-align: justify;\">En tanto, el Seremi de Justicia y Derechos Humanos, Samuel Navarro Castro se refiri\u00f3 al trabajo que realizan los funcionarios y funcionarias de este centro indicando que \u201csaludamos a los trabajadores y trabajadoras por las gran labor que ellos realizan permanentemente en favor de los j\u00f3venes que est\u00e1n en conflicto con la ley y que cumplen alguna medida impuesta por alg\u00fan Tribunal de la Rep\u00fablica, en este sentido, nos parece importante conocer la labor que prestan diariamente estos trabajadores, hacen estas intervenciones con los j\u00f3venes en alguna situaci\u00f3n de conflicto con la ley, y que su labor es invaluable en este sentido, saludamos a su directora Pabla Erices, concurrimos con el director regional (s) del Sename, Don Marcos Mu\u00f1oz\u201d.<\/p>\n<p style=\"text-align: justify;\"><strong>Creaci\u00f3n del Servicio de Reinserci\u00f3n Juvenil que reemplazar\u00e1 al SENAME <\/strong><\/p>\n<p style=\"text-align: justify;\">Respecto a esta iniciativa pronta a promulgarse, el Seremi Navarro indic\u00f3 que \u201cnos parec\u00eda importante adem\u00e1s conversar con los funcionarios y funcionarias por el proceso de cambios que se est\u00e1 desarrollando al interior del Sename, pr\u00f3ximo a promulgarse la ley que crea el Servicio de Reinserci\u00f3n Juvenil que nos permite dotar de mejores herramientas, mejores elementos, de mayores recursos y condiciones para esta gran labor que ellos desarrollan que son parte y protagonistas de este proceso de reestructuraci\u00f3n, de reinvenci\u00f3n de lo que es el Servicio Nacional de Menores, y este proceso como lo ha definido el Ministerio, el subsecretario va a ser con los trabajadores y trabajadoras en conjunto para desarrollarlo en las etapas y con la gradualidad que est\u00e1 definida en la ley, en este sentido, darle la tranquilidad a la comunidad, pero en especial a los funcionarios y funcionarias de Sename, que este ser\u00e1 un proceso gradual, con ellos y va a ser para sacar las mejores experiencias y ponerlas en pr\u00e1ctica en este nuevo servicio de Reinserci\u00f3n Juvenil, experiencia que ellos van a poder poner tambi\u00e9n su disposici\u00f3n para hacer mejor la labor que ya se encuentran desarrollando en\u00a0 favor de los j\u00f3venes ac\u00e1 en la regi\u00f3n de Ays\u00e9n\u201d concluy\u00f3.<\/p>\n<\/div><\/section><\/div><div  style='height:50px' class='hr hr-invisible   avia-builder-el-6  el_after_av_one_full  el_before_av_social_share '><span class='hr-inner ' ><span class='hr-inner-style'><\/span><\/span><\/div><\/p>\n<div  class='av-social-sharing-box  avia-builder-el-7  el_after_av_hr  el_before_av_hr  '><div class='av-share-box'><h5 class='av-share-link-description av-no-toc '>Compartir esta noticia<\/h5><ul class='av-share-box-list noLightbox'><li class='av-share-link av-social-link-facebook' ><a target=\"_blank\" aria-label=\"Compartir en Facebook\" href='https:\/\/www.facebook.com\/sharer.php?u=https:\/\/radiorevelacionfm.cl\/?p=26250&#038;t=Centro%20de%20Internaci%C3%B3n%20Provisoria%20CRC%20cumpli%C3%B3%2017%20a%C3%B1os%20de%20funcionamiento%20en%20Coyhaique' aria-hidden='false' data-av_icon='\ue8f3' data-av_iconfont='entypo-fontello' title='' data-avia-related-tooltip='Compartir en Facebook' rel=\"noopener\"><span class='avia_hidden_link_text'>Compartir en Facebook<\/span><\/a><\/li><li class='av-share-link av-social-link-twitter' ><a target=\"_blank\" aria-label=\"Compartir en Twitter\" href='https:\/\/twitter.com\/share?text=Centro%20de%20Internaci%C3%B3n%20Provisoria%20CRC%20cumpli%C3%B3%2017%20a%C3%B1os%20de%20funcionamiento%20en%20Coyhaique&#038;url=https:\/\/radiorevelacionfm.cl\/?p=26250' aria-hidden='false' data-av_icon='\ue8f1' data-av_iconfont='entypo-fontello' title='' data-avia-related-tooltip='Compartir en Twitter' rel=\"noopener\"><span class='avia_hidden_link_text'>Compartir en Twitter<\/span><\/a><\/li><li class='av-share-link av-social-link-whatsapp' ><a target=\"_blank\" aria-label=\"Compartir en Whatsapp\" href='https:\/\/api.whatsapp.com\/send?text=https:\/\/radiorevelacionfm.cl\/?p=26250' aria-hidden='false' data-av_icon='\uf232' data-av_iconfont='entypo-fontello' title='' data-avia-related-tooltip='Compartir en Whatsapp' rel=\"noopener\"><span class='avia_hidden_link_text'>Compartir en Whatsapp<\/span><\/a><\/li><li class='av-share-link av-social-link-linkedin' ><a target=\"_blank\" aria-label=\"Compartir en LinkedIn\" href='https:\/\/linkedin.com\/shareArticle?mini=true&#038;title=Centro%20de%20Internaci%C3%B3n%20Provisoria%20CRC%20cumpli%C3%B3%2017%20a%C3%B1os%20de%20funcionamiento%20en%20Coyhaique&#038;url=https:\/\/radiorevelacionfm.cl\/?p=26250' aria-hidden='false' data-av_icon='\ue8fc' data-av_iconfont='entypo-fontello' title='' data-avia-related-tooltip='Compartir en LinkedIn' rel=\"noopener\"><span class='avia_hidden_link_text'>Compartir en LinkedIn<\/span><\/a><\/li><li class='av-share-link av-social-link-mail' ><a  aria-label=\"Compartir por correo\" href='mailto:?subject=Centro%20de%20Internaci%C3%B3n%20Provisoria%20CRC%20cumpli%C3%B3%2017%20a%C3%B1os%20de%20funcionamiento%20en%20Coyhaique&#038;body=https:\/\/radiorevelacionfm.cl\/?p=26250' aria-hidden='false' data-av_icon='\ue805' data-av_iconfont='entypo-fontello' title='' data-avia-related-tooltip='Compartir por correo'><span class='avia_hidden_link_text'>Compartir por correo<\/span><\/a><\/li><\/ul><\/div><\/div>\n<div  style='height:50px' class='hr hr-invisible   avia-builder-el-8  el_after_av_social_share  el_before_av_comments_list '><span class='hr-inner ' ><span class='hr-inner-style'><\/span><\/span><\/div>\n<div  class='av-buildercomment  av-blog-meta-html-info-disabled av-blog-meta-tag-disabled  '><\/div>\n","protected":false},"excerpt":{"rendered":"","protected":false},"author":1,"featured_media":26251,"comment_status":"open","ping_status":"open","sticky":false,"template":"","format":"standard","meta":{"footnotes":""},"categories":[55],"tags":[],"class_list":["post-26250","post","type-post","status-publish","format-standard","has-post-thumbnail","hentry","category-justicia"],"jetpack_featured_media_url":"https:\/\/radiorevelacionfm.cl\/wp-content\/uploads\/2023\/01\/cip-crc-1_optimized.jpg","_links":{"self":[{"href":"https:\/\/radiorevelacionfm.cl\/index.php?rest_route=\/wp\/v2\/posts\/26250","targetHints":{"allow":["GET"]}}],"collection":[{"href":"https:\/\/radiorevelacionfm.cl\/index.php?rest_route=\/wp\/v2\/posts"}],"about":[{"href":"https:\/\/radiorevelacionfm.cl\/index.php?rest_route=\/wp\/v2\/types\/post"}],"author":[{"embeddable":true,"href":"https:\/\/radiorevelacionfm.cl\/index.php?rest_route=\/wp\/v2\/users\/1"}],"replies":[{"embeddable":true,"href":"https:\/\/radiorevelacionfm.cl\/index.php?rest_route=%2Fwp%2Fv2%2Fcomments&post=26250"}],"version-history":[{"count":2,"href":"https:\/\/radiorevelacionfm.cl\/index.php?rest_route=\/wp\/v2\/posts\/26250\/revisions"}],"predecessor-version":[{"id":26255,"href":"https:\/\/radiorevelacionfm.cl\/index.php?rest_route=\/wp\/v2\/posts\/26250\/revisions\/26255"}],"wp:featuredmedia":[{"embeddable":true,"href":"https:\/\/radiorevelacionfm.cl\/index.php?rest_route=\/wp\/v2\/media\/26251"}],"wp:attachment":[{"href":"https:\/\/radiorevelacionfm.cl\/index.php?rest_route=%2Fwp%2Fv2%2Fmedia&parent=26250"}],"wp:term":[{"taxonomy":"category","embeddable":true,"href":"https:\/\/radiorevelacionfm.cl\/index.php?rest_route=%2Fwp%2Fv2%2Fcategories&post=26250"},{"taxonomy":"post_tag","embeddable":true,"href":"https:\/\/radiorevelacionfm.cl\/index.php?rest_route=%2Fwp%2Fv2%2Ftags&post=26250"}],"curies":[{"name":"wp","href":"https:\/\/api.w.org\/{rel}","templated":true}]}}