{"id":26244,"date":"2023-01-04T22:18:22","date_gmt":"2023-01-05T01:18:22","guid":{"rendered":"https:\/\/radiorevelacionfm.cl\/?p=26244"},"modified":"2023-01-04T22:18:22","modified_gmt":"2023-01-05T01:18:22","slug":"este-fin-de-semana-se-realizara-el-festival-chivero-de-rio-ibanez","status":"publish","type":"post","link":"https:\/\/radiorevelacionfm.cl\/?p=26244","title":{"rendered":"Este fin de semana se realizar\u00e1 el \u00abFestival Chivero de R\u00edo Ib\u00e1\u00f1ez\u00bb"},"content":{"rendered":"<div class=\"flex_column av_one_full  flex_column_div av-zero-column-padding first  avia-builder-el-0  el_before_av_one_full  avia-builder-el-first  \" style='border-radius:0px; '><div  class='avia-image-container  av-styling-    avia-builder-el-1  avia-builder-el-no-sibling  avia-align-center '  itemprop=\"image\" itemscope=\"itemscope\" itemtype=\"https:\/\/schema.org\/ImageObject\"  ><div class='avia-image-container-inner'><div class='avia-image-overlay-wrap'><img decoding=\"async\" class='wp-image-26245 avia-img-lazy-loading-not-26245 avia_image' src=\"https:\/\/radiorevelacionfm.cl\/wp-content\/uploads\/2023\/01\/festival-del-chivo-2_optimized-1.jpg\" alt='' title='festival-del-chivo-(2)_optimized (1)' height=\"600\" width=\"899\"  itemprop=\"thumbnailUrl\" srcset=\"https:\/\/radiorevelacionfm.cl\/wp-content\/uploads\/2023\/01\/festival-del-chivo-2_optimized-1.jpg 899w, https:\/\/radiorevelacionfm.cl\/wp-content\/uploads\/2023\/01\/festival-del-chivo-2_optimized-1-300x200.jpg 300w, https:\/\/radiorevelacionfm.cl\/wp-content\/uploads\/2023\/01\/festival-del-chivo-2_optimized-1-768x513.jpg 768w, https:\/\/radiorevelacionfm.cl\/wp-content\/uploads\/2023\/01\/festival-del-chivo-2_optimized-1-705x471.jpg 705w, https:\/\/radiorevelacionfm.cl\/wp-content\/uploads\/2023\/01\/festival-del-chivo-2_optimized-1-600x400.jpg 600w\" sizes=\"(max-width: 899px) 100vw, 899px\" \/><\/div><\/div><\/div><\/div><div class=\"flex_column av_one_full  flex_column_div av-zero-column-padding first  avia-builder-el-2  el_after_av_one_full  el_before_av_one_full  column-top-margin\" style='border-radius:0px; '><section class=\"av_textblock_section \"  itemscope=\"itemscope\" itemtype=\"https:\/\/schema.org\/BlogPosting\" itemprop=\"blogPost\" ><div class='avia_textblock  '   itemprop=\"text\" ><p style=\"text-align: center;\"><strong><span style=\"font-size: 18pt;\">Este fin de semana se realizar\u00e1 el \u00abFestival Chivero de R\u00edo Ib\u00e1\u00f1ez\u00bb<\/span><\/strong><\/p>\n<div id=\"gtx-trans\" style=\"position: absolute; left: -50px; top: 4.31534px;\">\n<div class=\"gtx-trans-icon\"><\/div>\n<\/div>\n<\/div><\/section><\/div><div class=\"flex_column av_one_full  flex_column_div av-zero-column-padding first  avia-builder-el-4  el_after_av_one_full  el_before_av_hr  column-top-margin\" style='border-radius:0px; '><section class=\"av_textblock_section \"  itemscope=\"itemscope\" itemtype=\"https:\/\/schema.org\/BlogPosting\" itemprop=\"blogPost\" ><div class='avia_textblock  '   itemprop=\"text\" ><p style=\"text-align: justify;\">Se trata del primer evento costumbrista abierto a la comunidad organizado \u00edntegramente por los socios\/as del Comit\u00e9 de Productores Caprinos de la comuna de R\u00edo Ib\u00e1\u00f1ez, con el objetivo de visibilizar el trabajo que realizan, generar oportunidades y alianzas que potencien el desarrollo del rubro caprino en los \u00e1mbitos productivo, comercial y agroalimentario, y fortalecer las capacidades asociativas y econ\u00f3micas de la agrupaci\u00f3n, permitiendo que este sea un real sustento para las familias, quienes llevan muchas generaciones forjando el trabajo de producci\u00f3n de chivos en la comuna de R\u00edo Ib\u00e1\u00f1ez.<\/p>\n<p style=\"text-align: justify;\">La comuna de R\u00edo Ib\u00e1\u00f1ez, ubicada en la cuenca del Lago General Carrera, tiene como una de sus principales actividades econ\u00f3micas la ganader\u00eda, dentro de la cual se destaca la caprina, donde prima la crianza de chivitos en un entorno de armon\u00eda y bienestar con las bellezas naturales de la zona. En esta comuna se encuentra la mayor masa ganadera caprina de la regi\u00f3n de Ays\u00e9n, aportando con m\u00e1s de 5.550 vientres caprinos y representando un 73% de la masa caprina regional.<\/p>\n<p style=\"text-align: justify;\">En el \u00abFestival Chivero de R\u00edo Ib\u00e1\u00f1ez 2023\u00bb los visitantes podr\u00e1n disfrutar de ricos asados de chivo al palo y participar en las diversas actividades programadas: la Jura Caprina, en donde compiten los mejores ejemplares de las razas, m\u00fasica y folclor regional, concursos y premios para grandes y chicos, tradiciones campesinas, gastronom\u00eda, artesan\u00eda local y mucho m\u00e1s.<\/p>\n<p style=\"text-align: justify;\">El d\u00eda s\u00e1bado 7 de enero, la jornada comenzar\u00e1 con un arreo de 700 chivas que recorrer\u00e1n la avenida principal de Puerto Ib\u00e1\u00f1ez hasta ingresar al Campo de Jineteadas. Al finalizar, la fiesta bailable estar\u00e1 a cargo de \u00abRienda Suelta\u00bb el s\u00e1bado, y los \u00abInc\u00f3gnitos del Sabor\u00bb el d\u00eda domingo. La entrada es liberada.<\/p>\n<p style=\"text-align: justify;\">M\u00e1s informaci\u00f3n se encuentra en las redes sociales: @caprinos.rioibanez de Instagram, \u00abCaprinos Rio Ib\u00e1\u00f1ez\u00bb y fanpage \u00abProductores Caprinos R\u00edo Ib\u00e1\u00f1ez Ays\u00e9n\u00bb de Facebook.<\/p>\n<\/div><\/section><\/div><div  style='height:50px' class='hr hr-invisible   avia-builder-el-6  el_after_av_one_full  el_before_av_social_share '><span class='hr-inner ' ><span class='hr-inner-style'><\/span><\/span><\/div><\/p>\n<div  class='av-social-sharing-box  avia-builder-el-7  el_after_av_hr  el_before_av_hr  '><div class='av-share-box'><h5 class='av-share-link-description av-no-toc '>Compartir esta noticia<\/h5><ul class='av-share-box-list noLightbox'><li class='av-share-link av-social-link-facebook' ><a target=\"_blank\" aria-label=\"Compartir en Facebook\" href='https:\/\/www.facebook.com\/sharer.php?u=https:\/\/radiorevelacionfm.cl\/?p=26244&#038;t=Este%20fin%20de%20semana%20se%20realizar%C3%A1%20el%20%C2%ABFestival%20Chivero%20de%20R%C3%ADo%20Ib%C3%A1%C3%B1ez%C2%BB' aria-hidden='false' data-av_icon='\ue8f3' data-av_iconfont='entypo-fontello' title='' data-avia-related-tooltip='Compartir en Facebook' rel=\"noopener\"><span class='avia_hidden_link_text'>Compartir en Facebook<\/span><\/a><\/li><li class='av-share-link av-social-link-twitter' ><a target=\"_blank\" aria-label=\"Compartir en Twitter\" href='https:\/\/twitter.com\/share?text=Este%20fin%20de%20semana%20se%20realizar%C3%A1%20el%20%C2%ABFestival%20Chivero%20de%20R%C3%ADo%20Ib%C3%A1%C3%B1ez%C2%BB&#038;url=https:\/\/radiorevelacionfm.cl\/?p=26244' aria-hidden='false' data-av_icon='\ue8f1' data-av_iconfont='entypo-fontello' title='' data-avia-related-tooltip='Compartir en Twitter' rel=\"noopener\"><span class='avia_hidden_link_text'>Compartir en Twitter<\/span><\/a><\/li><li class='av-share-link av-social-link-whatsapp' ><a target=\"_blank\" aria-label=\"Compartir en Whatsapp\" href='https:\/\/api.whatsapp.com\/send?text=https:\/\/radiorevelacionfm.cl\/?p=26244' aria-hidden='false' data-av_icon='\uf232' data-av_iconfont='entypo-fontello' title='' data-avia-related-tooltip='Compartir en Whatsapp' rel=\"noopener\"><span class='avia_hidden_link_text'>Compartir en Whatsapp<\/span><\/a><\/li><li class='av-share-link av-social-link-linkedin' ><a target=\"_blank\" aria-label=\"Compartir en LinkedIn\" href='https:\/\/linkedin.com\/shareArticle?mini=true&#038;title=Este%20fin%20de%20semana%20se%20realizar%C3%A1%20el%20%C2%ABFestival%20Chivero%20de%20R%C3%ADo%20Ib%C3%A1%C3%B1ez%C2%BB&#038;url=https:\/\/radiorevelacionfm.cl\/?p=26244' aria-hidden='false' data-av_icon='\ue8fc' data-av_iconfont='entypo-fontello' title='' data-avia-related-tooltip='Compartir en LinkedIn' rel=\"noopener\"><span class='avia_hidden_link_text'>Compartir en LinkedIn<\/span><\/a><\/li><li class='av-share-link av-social-link-mail' ><a  aria-label=\"Compartir por correo\" href='mailto:?subject=Este%20fin%20de%20semana%20se%20realizar%C3%A1%20el%20%C2%ABFestival%20Chivero%20de%20R%C3%ADo%20Ib%C3%A1%C3%B1ez%C2%BB&#038;body=https:\/\/radiorevelacionfm.cl\/?p=26244' aria-hidden='false' data-av_icon='\ue805' data-av_iconfont='entypo-fontello' title='' data-avia-related-tooltip='Compartir por correo'><span class='avia_hidden_link_text'>Compartir por correo<\/span><\/a><\/li><\/ul><\/div><\/div>\n<div  style='height:50px' class='hr hr-invisible   avia-builder-el-8  el_after_av_social_share  el_before_av_comments_list '><span class='hr-inner ' ><span class='hr-inner-style'><\/span><\/span><\/div>\n<div  class='av-buildercomment  av-blog-meta-html-info-disabled av-blog-meta-tag-disabled  '><\/div>\n","protected":false},"excerpt":{"rendered":"","protected":false},"author":1,"featured_media":26245,"comment_status":"open","ping_status":"open","sticky":false,"template":"","format":"standard","meta":{"footnotes":""},"categories":[38],"tags":[],"class_list":["post-26244","post","type-post","status-publish","format-standard","has-post-thumbnail","hentry","category-regional"],"jetpack_featured_media_url":"https:\/\/radiorevelacionfm.cl\/wp-content\/uploads\/2023\/01\/festival-del-chivo-2_optimized-1.jpg","_links":{"self":[{"href":"https:\/\/radiorevelacionfm.cl\/index.php?rest_route=\/wp\/v2\/posts\/26244","targetHints":{"allow":["GET"]}}],"collection":[{"href":"https:\/\/radiorevelacionfm.cl\/index.php?rest_route=\/wp\/v2\/posts"}],"about":[{"href":"https:\/\/radiorevelacionfm.cl\/index.php?rest_route=\/wp\/v2\/types\/post"}],"author":[{"embeddable":true,"href":"https:\/\/radiorevelacionfm.cl\/index.php?rest_route=\/wp\/v2\/users\/1"}],"replies":[{"embeddable":true,"href":"https:\/\/radiorevelacionfm.cl\/index.php?rest_route=%2Fwp%2Fv2%2Fcomments&post=26244"}],"version-history":[{"count":2,"href":"https:\/\/radiorevelacionfm.cl\/index.php?rest_route=\/wp\/v2\/posts\/26244\/revisions"}],"predecessor-version":[{"id":26247,"href":"https:\/\/radiorevelacionfm.cl\/index.php?rest_route=\/wp\/v2\/posts\/26244\/revisions\/26247"}],"wp:featuredmedia":[{"embeddable":true,"href":"https:\/\/radiorevelacionfm.cl\/index.php?rest_route=\/wp\/v2\/media\/26245"}],"wp:attachment":[{"href":"https:\/\/radiorevelacionfm.cl\/index.php?rest_route=%2Fwp%2Fv2%2Fmedia&parent=26244"}],"wp:term":[{"taxonomy":"category","embeddable":true,"href":"https:\/\/radiorevelacionfm.cl\/index.php?rest_route=%2Fwp%2Fv2%2Fcategories&post=26244"},{"taxonomy":"post_tag","embeddable":true,"href":"https:\/\/radiorevelacionfm.cl\/index.php?rest_route=%2Fwp%2Fv2%2Ftags&post=26244"}],"curies":[{"name":"wp","href":"https:\/\/api.w.org\/{rel}","templated":true}]}}