{"id":26240,"date":"2023-01-04T21:25:20","date_gmt":"2023-01-05T00:25:20","guid":{"rendered":"https:\/\/radiorevelacionfm.cl\/?p=26240"},"modified":"2023-01-04T21:25:20","modified_gmt":"2023-01-05T00:25:20","slug":"armada-apoyo-evacuacion-medica-desde-centro-de-cultivo-ubicado-en-estero-clemente-a-puerto-chacabuco","status":"publish","type":"post","link":"https:\/\/radiorevelacionfm.cl\/?p=26240","title":{"rendered":"Armada apoy\u00f3 evacuaci\u00f3n m\u00e9dica desde centro de cultivo ubicado en Estero Clemente a Puerto Chacabuco"},"content":{"rendered":"<div class=\"flex_column av_one_full  flex_column_div av-zero-column-padding first  avia-builder-el-0  el_before_av_one_full  avia-builder-el-first  \" style='border-radius:0px; '><div  class='avia-image-container  av-styling-    avia-builder-el-1  avia-builder-el-no-sibling  avia-align-center '  itemprop=\"image\" itemscope=\"itemscope\" itemtype=\"https:\/\/schema.org\/ImageObject\"  ><div class='avia-image-container-inner'><div class='avia-image-overlay-wrap'><img decoding=\"async\" class='wp-image-26241 avia-img-lazy-loading-not-26241 avia_image' src=\"https:\/\/radiorevelacionfm.cl\/wp-content\/uploads\/2023\/01\/foto_0000000620230103123036-1.jpeg\" alt='' title='foto_0000000620230103123036 (1)' height=\"600\" width=\"800\"  itemprop=\"thumbnailUrl\" srcset=\"https:\/\/radiorevelacionfm.cl\/wp-content\/uploads\/2023\/01\/foto_0000000620230103123036-1.jpeg 800w, https:\/\/radiorevelacionfm.cl\/wp-content\/uploads\/2023\/01\/foto_0000000620230103123036-1-300x225.jpeg 300w, https:\/\/radiorevelacionfm.cl\/wp-content\/uploads\/2023\/01\/foto_0000000620230103123036-1-768x576.jpeg 768w, https:\/\/radiorevelacionfm.cl\/wp-content\/uploads\/2023\/01\/foto_0000000620230103123036-1-705x529.jpeg 705w, https:\/\/radiorevelacionfm.cl\/wp-content\/uploads\/2023\/01\/foto_0000000620230103123036-1-600x450.jpeg 600w\" sizes=\"(max-width: 800px) 100vw, 800px\" \/><\/div><\/div><\/div><\/div><div class=\"flex_column av_one_full  flex_column_div av-zero-column-padding first  avia-builder-el-2  el_after_av_one_full  el_before_av_one_full  column-top-margin\" style='border-radius:0px; '><section class=\"av_textblock_section \"  itemscope=\"itemscope\" itemtype=\"https:\/\/schema.org\/BlogPosting\" itemprop=\"blogPost\" ><div class='avia_textblock  '   itemprop=\"text\" ><p style=\"text-align: center;\"><strong><span style=\"font-size: 18pt;\">Armada apoy\u00f3 evacuaci\u00f3n m\u00e9dica desde centro de cultivo ubicado en Estero Clemente a Puerto Chacabuco<\/span><\/strong><\/p>\n<div id=\"gtx-trans\" style=\"position: absolute; left: -50px; top: 4.31534px;\">\n<div class=\"gtx-trans-icon\"><\/div>\n<\/div>\n<\/div><\/section><\/div><div class=\"flex_column av_one_full  flex_column_div av-zero-column-padding first  avia-builder-el-4  el_after_av_one_full  el_before_av_hr  column-top-margin\" style='border-radius:0px; '><section class=\"av_textblock_section \"  itemscope=\"itemscope\" itemtype=\"https:\/\/schema.org\/BlogPosting\" itemprop=\"blogPost\" ><div class='avia_textblock  '   itemprop=\"text\" ><div class=\"CUERPO\">\n<p style=\"text-align: justify;\">Fue el primero de enero, pasadas las 19.00 horas cuando la Armada recibi\u00f3 la solicitud de apoyo de una evacuaci\u00f3n m\u00e9dica de urgencia para un trabajador de un centro de Cultivo ubicado en Estero Clemente.<\/p>\n<p style=\"text-align: justify;\">De inmediato se activaron los protocolos y desde la Gobernaci\u00f3n Mar\u00edtima de Ays\u00e9n, se orden\u00f3 el despliegue al \u00e1rea de la Lancha Patrullera Costera \u201cMachado\u201d dependiente de la Capitan\u00eda de Puerto de Puerto Chacabuco.<\/p>\n<p style=\"text-align: justify;\">Como se\u00f1al\u00f3 el Teniente Primero Gonzalo Jim\u00e9nez, Capit\u00e1n de Puerto de Puerto Chacabuco Subrogante \u201cdebimos coordinar la evacuaci\u00f3n m\u00e9dica del trabajador de la Empresa Multi X, ante el diagn\u00f3stico de c\u00f3lico renal en observaci\u00f3n, esto desde Estero Clemente, ubicado en la Boca Wickham, Canal Pulluche a 182 kil\u00f3metros de Puerto Chacabuco en la Regi\u00f3n de Ays\u00e9n\u201d.<\/p>\n<p style=\"text-align: justify;\">Para esta maniobra, agreg\u00f3 el Oficial \u201cse cont\u00f3 con el apoyo de una T\u00e9cnico en Enfermer\u00eda del Servicio de Salud de Ays\u00e9n. De este modo, a eso de las 04:20 horas de este lunes 2 de enero, la \u201cMachado\u201d concret\u00f3 con \u00e9xito la evacuaci\u00f3n m\u00e9dica y al recalar a Puerto Chacabuco el afectado fue entregado a una ambulancia del Servicio Atenci\u00f3n M\u00e9dico de Urgencias (SAMU)\u201d.<\/p>\n<p style=\"text-align: justify;\">Finalmente, el Teniente Jim\u00e9nez destac\u00f3 \u201cpara nuestra instituci\u00f3n es fundamental el apoyo a zonas aisladas en este tipo de situaciones. Nos quedamos con la firme convicci\u00f3n del deber cumplido\u201d.<\/p>\n<\/div>\n<div id=\"rg-gallery\" class=\"rg-gallery\">\n<div class=\"rg-image-wrapper\">\n<div class=\"rg-image-nav\" style=\"text-align: justify;\"><\/div>\n<\/div>\n<\/div>\n<\/div><\/section><\/div><div  style='height:50px' class='hr hr-invisible   avia-builder-el-6  el_after_av_one_full  el_before_av_social_share '><span class='hr-inner ' ><span class='hr-inner-style'><\/span><\/span><\/div><\/p>\n<div  class='av-social-sharing-box  avia-builder-el-7  el_after_av_hr  el_before_av_hr  '><div class='av-share-box'><h5 class='av-share-link-description av-no-toc '>Compartir esta noticia<\/h5><ul class='av-share-box-list noLightbox'><li class='av-share-link av-social-link-facebook' ><a target=\"_blank\" aria-label=\"Compartir en Facebook\" href='https:\/\/www.facebook.com\/sharer.php?u=https:\/\/radiorevelacionfm.cl\/?p=26240&#038;t=Armada%20apoy%C3%B3%20evacuaci%C3%B3n%20m%C3%A9dica%20desde%20centro%20de%20cultivo%20ubicado%20en%20Estero%20Clemente%20a%20Puerto%20Chacabuco' aria-hidden='false' data-av_icon='\ue8f3' data-av_iconfont='entypo-fontello' title='' data-avia-related-tooltip='Compartir en Facebook' rel=\"noopener\"><span class='avia_hidden_link_text'>Compartir en Facebook<\/span><\/a><\/li><li class='av-share-link av-social-link-twitter' ><a target=\"_blank\" aria-label=\"Compartir en Twitter\" href='https:\/\/twitter.com\/share?text=Armada%20apoy%C3%B3%20evacuaci%C3%B3n%20m%C3%A9dica%20desde%20centro%20de%20cultivo%20ubicado%20en%20Estero%20Clemente%20a%20Puerto%20Chacabuco&#038;url=https:\/\/radiorevelacionfm.cl\/?p=26240' aria-hidden='false' data-av_icon='\ue8f1' data-av_iconfont='entypo-fontello' title='' data-avia-related-tooltip='Compartir en Twitter' rel=\"noopener\"><span class='avia_hidden_link_text'>Compartir en Twitter<\/span><\/a><\/li><li class='av-share-link av-social-link-whatsapp' ><a target=\"_blank\" aria-label=\"Compartir en Whatsapp\" href='https:\/\/api.whatsapp.com\/send?text=https:\/\/radiorevelacionfm.cl\/?p=26240' aria-hidden='false' data-av_icon='\uf232' data-av_iconfont='entypo-fontello' title='' data-avia-related-tooltip='Compartir en Whatsapp' rel=\"noopener\"><span class='avia_hidden_link_text'>Compartir en Whatsapp<\/span><\/a><\/li><li class='av-share-link av-social-link-linkedin' ><a target=\"_blank\" aria-label=\"Compartir en LinkedIn\" href='https:\/\/linkedin.com\/shareArticle?mini=true&#038;title=Armada%20apoy%C3%B3%20evacuaci%C3%B3n%20m%C3%A9dica%20desde%20centro%20de%20cultivo%20ubicado%20en%20Estero%20Clemente%20a%20Puerto%20Chacabuco&#038;url=https:\/\/radiorevelacionfm.cl\/?p=26240' aria-hidden='false' data-av_icon='\ue8fc' data-av_iconfont='entypo-fontello' title='' data-avia-related-tooltip='Compartir en LinkedIn' rel=\"noopener\"><span class='avia_hidden_link_text'>Compartir en LinkedIn<\/span><\/a><\/li><li class='av-share-link av-social-link-mail' ><a  aria-label=\"Compartir por correo\" href='mailto:?subject=Armada%20apoy%C3%B3%20evacuaci%C3%B3n%20m%C3%A9dica%20desde%20centro%20de%20cultivo%20ubicado%20en%20Estero%20Clemente%20a%20Puerto%20Chacabuco&#038;body=https:\/\/radiorevelacionfm.cl\/?p=26240' aria-hidden='false' data-av_icon='\ue805' data-av_iconfont='entypo-fontello' title='' data-avia-related-tooltip='Compartir por correo'><span class='avia_hidden_link_text'>Compartir por correo<\/span><\/a><\/li><\/ul><\/div><\/div>\n<div  style='height:50px' class='hr hr-invisible   avia-builder-el-8  el_after_av_social_share  el_before_av_comments_list '><span class='hr-inner ' ><span class='hr-inner-style'><\/span><\/span><\/div>\n<div  class='av-buildercomment  av-blog-meta-html-info-disabled av-blog-meta-tag-disabled  '><\/div>\n","protected":false},"excerpt":{"rendered":"","protected":false},"author":1,"featured_media":26241,"comment_status":"open","ping_status":"open","sticky":false,"template":"","format":"standard","meta":{"footnotes":""},"categories":[38],"tags":[],"class_list":["post-26240","post","type-post","status-publish","format-standard","has-post-thumbnail","hentry","category-regional"],"jetpack_featured_media_url":"https:\/\/radiorevelacionfm.cl\/wp-content\/uploads\/2023\/01\/foto_0000000620230103123036-1.jpeg","_links":{"self":[{"href":"https:\/\/radiorevelacionfm.cl\/index.php?rest_route=\/wp\/v2\/posts\/26240","targetHints":{"allow":["GET"]}}],"collection":[{"href":"https:\/\/radiorevelacionfm.cl\/index.php?rest_route=\/wp\/v2\/posts"}],"about":[{"href":"https:\/\/radiorevelacionfm.cl\/index.php?rest_route=\/wp\/v2\/types\/post"}],"author":[{"embeddable":true,"href":"https:\/\/radiorevelacionfm.cl\/index.php?rest_route=\/wp\/v2\/users\/1"}],"replies":[{"embeddable":true,"href":"https:\/\/radiorevelacionfm.cl\/index.php?rest_route=%2Fwp%2Fv2%2Fcomments&post=26240"}],"version-history":[{"count":2,"href":"https:\/\/radiorevelacionfm.cl\/index.php?rest_route=\/wp\/v2\/posts\/26240\/revisions"}],"predecessor-version":[{"id":26243,"href":"https:\/\/radiorevelacionfm.cl\/index.php?rest_route=\/wp\/v2\/posts\/26240\/revisions\/26243"}],"wp:featuredmedia":[{"embeddable":true,"href":"https:\/\/radiorevelacionfm.cl\/index.php?rest_route=\/wp\/v2\/media\/26241"}],"wp:attachment":[{"href":"https:\/\/radiorevelacionfm.cl\/index.php?rest_route=%2Fwp%2Fv2%2Fmedia&parent=26240"}],"wp:term":[{"taxonomy":"category","embeddable":true,"href":"https:\/\/radiorevelacionfm.cl\/index.php?rest_route=%2Fwp%2Fv2%2Fcategories&post=26240"},{"taxonomy":"post_tag","embeddable":true,"href":"https:\/\/radiorevelacionfm.cl\/index.php?rest_route=%2Fwp%2Fv2%2Ftags&post=26240"}],"curies":[{"name":"wp","href":"https:\/\/api.w.org\/{rel}","templated":true}]}}