{"id":26237,"date":"2023-01-05T09:29:41","date_gmt":"2023-01-05T12:29:41","guid":{"rendered":"https:\/\/radiorevelacionfm.cl\/?p=26237"},"modified":"2023-01-05T09:29:41","modified_gmt":"2023-01-05T12:29:41","slug":"nuevo-pronto-copec-de-villa-cerro-castillo-abrio-sus-puertas-para-vecinos-y-turistas-esta-temporada-verano-2023","status":"publish","type":"post","link":"https:\/\/radiorevelacionfm.cl\/?p=26237","title":{"rendered":"Nuevo Pronto COPEC de Villa Cerro Castillo abri\u00f3 sus puertas para vecinos y turistas esta temporada verano 2023"},"content":{"rendered":"<div class=\"flex_column av_one_full  flex_column_div av-zero-column-padding first  avia-builder-el-0  el_before_av_one_full  avia-builder-el-first  \" style='border-radius:0px; '><div  class='avia-image-container  av-styling-    avia-builder-el-1  avia-builder-el-no-sibling  avia-align-center '  itemprop=\"image\" itemscope=\"itemscope\" itemtype=\"https:\/\/schema.org\/ImageObject\"  ><div class='avia-image-container-inner'><div class='avia-image-overlay-wrap'><img decoding=\"async\" class='wp-image-26238 avia-img-lazy-loading-not-26238 avia_image' src=\"https:\/\/radiorevelacionfm.cl\/wp-content\/uploads\/2023\/01\/dsc_0824-1_optimized.jpg\" alt='' title='dsc_0824-(1)_optimized' height=\"600\" width=\"900\"  itemprop=\"thumbnailUrl\" srcset=\"https:\/\/radiorevelacionfm.cl\/wp-content\/uploads\/2023\/01\/dsc_0824-1_optimized.jpg 900w, https:\/\/radiorevelacionfm.cl\/wp-content\/uploads\/2023\/01\/dsc_0824-1_optimized-300x200.jpg 300w, https:\/\/radiorevelacionfm.cl\/wp-content\/uploads\/2023\/01\/dsc_0824-1_optimized-768x512.jpg 768w, https:\/\/radiorevelacionfm.cl\/wp-content\/uploads\/2023\/01\/dsc_0824-1_optimized-705x470.jpg 705w, https:\/\/radiorevelacionfm.cl\/wp-content\/uploads\/2023\/01\/dsc_0824-1_optimized-600x400.jpg 600w\" sizes=\"(max-width: 900px) 100vw, 900px\" \/><\/div><\/div><\/div><\/div><div class=\"flex_column av_one_full  flex_column_div av-zero-column-padding first  avia-builder-el-2  el_after_av_one_full  el_before_av_one_full  column-top-margin\" style='border-radius:0px; '><section class=\"av_textblock_section \"  itemscope=\"itemscope\" itemtype=\"https:\/\/schema.org\/BlogPosting\" itemprop=\"blogPost\" ><div class='avia_textblock  '   itemprop=\"text\" ><p style=\"text-align: center;\"><span style=\"font-size: 18pt;\"><strong>Nuevo Pronto COPEC de Villa Cerro Castillo abri\u00f3 sus puertas para vecinos y turistas esta temporada verano 2023 <\/strong><\/span><\/p>\n<div id=\"gtx-trans\" style=\"position: absolute; left: -50px; top: 4.31534px;\">\n<div class=\"gtx-trans-icon\"><\/div>\n<\/div>\n<\/div><\/section><\/div><div class=\"flex_column av_one_full  flex_column_div av-zero-column-padding first  avia-builder-el-4  el_after_av_one_full  el_before_av_hr  column-top-margin\" style='border-radius:0px; '><section class=\"av_textblock_section \"  itemscope=\"itemscope\" itemtype=\"https:\/\/schema.org\/BlogPosting\" itemprop=\"blogPost\" ><div class='avia_textblock  '   itemprop=\"text\" ><p style=\"text-align: justify;\">Luego de m\u00e1s de seis meses de trabajo, este mi\u00e9rcoles 4 de enero se inaugur\u00f3 el nuevo Pronto COPEC en Villa Cerro Castillo, el cual cuenta con una serie de servicios para todo tipo de turistas, adem\u00e1s de beneficiar a la comunidad con servicio de internet satelital Starlink de forma gratuita, a todos los vecinos que vivan 500 mts a la redonda.<\/p>\n<p style=\"text-align: justify;\">La nueva estaci\u00f3n de servicios COPEC de Villa Cerro Castillo, es una inversi\u00f3n privada que cont\u00f3 con una importante participaci\u00f3n ciudadana y de gesti\u00f3n municipal, para facilitar el desarrollo de este proyecto, que viene a impactar positivamente tanto a los vecinos de la comuna de R\u00edo Ib\u00e1\u00f1ez, como a sus turistas que a\u00f1o a a\u00f1o llegan a la zona.<\/p>\n<p style=\"text-align: justify;\">Una de las vecinas de la localidad, Gloria Uma\u00f1a, coment\u00f3 esta inauguraci\u00f3n \u201cme parece un momento hist\u00f3rico para la Villa, que va a llegar a cambiar la vida de los vecinos, de los visitantes y de la Regi\u00f3n de Ays\u00e9n, ya que antes era muy dif\u00edcil el acceso al combustible ac\u00e1. Esto era un sue\u00f1o\u201d.<\/p>\n<p style=\"text-align: justify;\">Esta estaci\u00f3n de servicios se encuentra a 95 kil\u00f3metros al sur de Coyhaique y a 120 km de R\u00edo Tranquilo, lo que significa que anteriormente los vecinos de Cerro Castillo y los turistas deb\u00edan recorrer m\u00e1s de 200 km para cargar combustible y arriesgarse, en muchos casos, a transportarlo en bidones.<\/p>\n<p style=\"text-align: justify;\">El Alcalde de la comuna de R\u00edo Ib\u00e1\u00f1ez, Marcelo Santana Vargas, se refiri\u00f3 a la importancia que tuvo el rol de la comunidad local desarrollo de este proyecto \u201clos vecinos de Villa Cerro Castillo fue integrando nuevos elementos que hoy son parte de esta estaci\u00f3n de servicios, como por ejemplo, la atenci\u00f3n a los ciclistas, a las <em>motor home,<\/em> conectividad WiFi, buenos servicios higi\u00e9nicos como ba\u00f1os p\u00fablicos, entre otros que surgieron durante reuniones de participaci\u00f3n ciudadana\u201d afirm\u00f3.<\/p>\n<p style=\"text-align: justify;\">Esta nueva COPEC se suma a otras 26 que est\u00e1n presentes desde Hornopir\u00e9n, en la Regi\u00f3n de los Lagos, hasta Puerto Williams, en la regi\u00f3n de Magallanes, contribuyendo a la conectividad de las personas que viven en las localidades m\u00e1s lejanas de nuestro pa\u00eds y que cuentan con baja densidad poblacional, aportando a su desarrollo econ\u00f3mico y social.<\/p>\n<p style=\"text-align: justify;\">Arturo Natho Gamboa, gerente general de COPEC, afirma que esta nueva estaci\u00f3n \u201crefuerza el compromiso de COPEC de siempre estar apoyando y estar al servicio de las personas y el pa\u00eds, principalmente de estas zonas m\u00e1s extremas\u201d, una visi\u00f3n que se ve reflejada en otros programas impulsados en la comuna de R\u00edo Ib\u00e1\u00f1ez tales como, Viva Leer, con la donaci\u00f3n de 200 libros para sus bibliotecas y el desarrollo de letreros para el Humedal Urbano de Puerto Ib\u00e1\u00f1ez.<\/p>\n<p style=\"text-align: justify;\">Esta estaci\u00f3n de servicios operar\u00e1 las 24 horas del d\u00eda y cuenta adem\u00e1s, con un t\u00f3tem para mantenci\u00f3n de bicicletas, un punto de parada para casas rodantes adaptado para descarga de aguas grises, WiFi satelital y carga para autos el\u00e9ctricos, crear una mejor experiencia para los turistas de la Regi\u00f3n de Ays\u00e9n.<\/p>\n<\/div><\/section><\/div><div  style='height:50px' class='hr hr-invisible   avia-builder-el-6  el_after_av_one_full  el_before_av_social_share '><span class='hr-inner ' ><span class='hr-inner-style'><\/span><\/span><\/div><\/p>\n<div  class='av-social-sharing-box  avia-builder-el-7  el_after_av_hr  el_before_av_hr  '><div class='av-share-box'><h5 class='av-share-link-description av-no-toc '>Compartir esta noticia<\/h5><ul class='av-share-box-list noLightbox'><li class='av-share-link av-social-link-facebook' ><a target=\"_blank\" aria-label=\"Compartir en Facebook\" href='https:\/\/www.facebook.com\/sharer.php?u=https:\/\/radiorevelacionfm.cl\/?p=26237&#038;t=Nuevo%20Pronto%20COPEC%20de%20Villa%20Cerro%20Castillo%20abri%C3%B3%20sus%20puertas%20para%20vecinos%20y%20turistas%20esta%20temporada%20verano%202023' aria-hidden='false' data-av_icon='\ue8f3' data-av_iconfont='entypo-fontello' title='' data-avia-related-tooltip='Compartir en Facebook' rel=\"noopener\"><span class='avia_hidden_link_text'>Compartir en Facebook<\/span><\/a><\/li><li class='av-share-link av-social-link-twitter' ><a target=\"_blank\" aria-label=\"Compartir en Twitter\" href='https:\/\/twitter.com\/share?text=Nuevo%20Pronto%20COPEC%20de%20Villa%20Cerro%20Castillo%20abri%C3%B3%20sus%20puertas%20para%20vecinos%20y%20turistas%20esta%20temporada%20verano%202023&#038;url=https:\/\/radiorevelacionfm.cl\/?p=26237' aria-hidden='false' data-av_icon='\ue8f1' data-av_iconfont='entypo-fontello' title='' data-avia-related-tooltip='Compartir en Twitter' rel=\"noopener\"><span class='avia_hidden_link_text'>Compartir en Twitter<\/span><\/a><\/li><li class='av-share-link av-social-link-whatsapp' ><a target=\"_blank\" aria-label=\"Compartir en Whatsapp\" href='https:\/\/api.whatsapp.com\/send?text=https:\/\/radiorevelacionfm.cl\/?p=26237' aria-hidden='false' data-av_icon='\uf232' data-av_iconfont='entypo-fontello' title='' data-avia-related-tooltip='Compartir en Whatsapp' rel=\"noopener\"><span class='avia_hidden_link_text'>Compartir en Whatsapp<\/span><\/a><\/li><li class='av-share-link av-social-link-linkedin' ><a target=\"_blank\" aria-label=\"Compartir en LinkedIn\" href='https:\/\/linkedin.com\/shareArticle?mini=true&#038;title=Nuevo%20Pronto%20COPEC%20de%20Villa%20Cerro%20Castillo%20abri%C3%B3%20sus%20puertas%20para%20vecinos%20y%20turistas%20esta%20temporada%20verano%202023&#038;url=https:\/\/radiorevelacionfm.cl\/?p=26237' aria-hidden='false' data-av_icon='\ue8fc' data-av_iconfont='entypo-fontello' title='' data-avia-related-tooltip='Compartir en LinkedIn' rel=\"noopener\"><span class='avia_hidden_link_text'>Compartir en LinkedIn<\/span><\/a><\/li><li class='av-share-link av-social-link-mail' ><a  aria-label=\"Compartir por correo\" href='mailto:?subject=Nuevo%20Pronto%20COPEC%20de%20Villa%20Cerro%20Castillo%20abri%C3%B3%20sus%20puertas%20para%20vecinos%20y%20turistas%20esta%20temporada%20verano%202023&#038;body=https:\/\/radiorevelacionfm.cl\/?p=26237' aria-hidden='false' data-av_icon='\ue805' data-av_iconfont='entypo-fontello' title='' data-avia-related-tooltip='Compartir por correo'><span class='avia_hidden_link_text'>Compartir por correo<\/span><\/a><\/li><\/ul><\/div><\/div>\n<div  style='height:50px' class='hr hr-invisible   avia-builder-el-8  el_after_av_social_share  el_before_av_comments_list '><span class='hr-inner ' ><span class='hr-inner-style'><\/span><\/span><\/div>\n<div  class='av-buildercomment  av-blog-meta-html-info-disabled av-blog-meta-tag-disabled  '><\/div>\n","protected":false},"excerpt":{"rendered":"","protected":false},"author":1,"featured_media":26238,"comment_status":"open","ping_status":"open","sticky":false,"template":"","format":"standard","meta":{"footnotes":""},"categories":[38],"tags":[],"class_list":["post-26237","post","type-post","status-publish","format-standard","has-post-thumbnail","hentry","category-regional"],"jetpack_featured_media_url":"https:\/\/radiorevelacionfm.cl\/wp-content\/uploads\/2023\/01\/dsc_0824-1_optimized.jpg","_links":{"self":[{"href":"https:\/\/radiorevelacionfm.cl\/index.php?rest_route=\/wp\/v2\/posts\/26237","targetHints":{"allow":["GET"]}}],"collection":[{"href":"https:\/\/radiorevelacionfm.cl\/index.php?rest_route=\/wp\/v2\/posts"}],"about":[{"href":"https:\/\/radiorevelacionfm.cl\/index.php?rest_route=\/wp\/v2\/types\/post"}],"author":[{"embeddable":true,"href":"https:\/\/radiorevelacionfm.cl\/index.php?rest_route=\/wp\/v2\/users\/1"}],"replies":[{"embeddable":true,"href":"https:\/\/radiorevelacionfm.cl\/index.php?rest_route=%2Fwp%2Fv2%2Fcomments&post=26237"}],"version-history":[{"count":2,"href":"https:\/\/radiorevelacionfm.cl\/index.php?rest_route=\/wp\/v2\/posts\/26237\/revisions"}],"predecessor-version":[{"id":26248,"href":"https:\/\/radiorevelacionfm.cl\/index.php?rest_route=\/wp\/v2\/posts\/26237\/revisions\/26248"}],"wp:featuredmedia":[{"embeddable":true,"href":"https:\/\/radiorevelacionfm.cl\/index.php?rest_route=\/wp\/v2\/media\/26238"}],"wp:attachment":[{"href":"https:\/\/radiorevelacionfm.cl\/index.php?rest_route=%2Fwp%2Fv2%2Fmedia&parent=26237"}],"wp:term":[{"taxonomy":"category","embeddable":true,"href":"https:\/\/radiorevelacionfm.cl\/index.php?rest_route=%2Fwp%2Fv2%2Fcategories&post=26237"},{"taxonomy":"post_tag","embeddable":true,"href":"https:\/\/radiorevelacionfm.cl\/index.php?rest_route=%2Fwp%2Fv2%2Ftags&post=26237"}],"curies":[{"name":"wp","href":"https:\/\/api.w.org\/{rel}","templated":true}]}}