{"id":2623,"date":"2021-02-15T16:57:46","date_gmt":"2021-02-15T19:57:46","guid":{"rendered":"https:\/\/radiorevelacionfm.cl\/?p=2623"},"modified":"2021-02-15T16:57:46","modified_gmt":"2021-02-15T19:57:46","slug":"dirigentas-de-aysen-visitan-terreno-en-que-se-construiran-sus-hogares","status":"publish","type":"post","link":"https:\/\/radiorevelacionfm.cl\/?p=2623","title":{"rendered":"Dirigentas de Ays\u00e9n visitan terreno en que se construir\u00e1n sus hogares"},"content":{"rendered":"<div class=\"flex_column av_one_full  flex_column_div av-zero-column-padding first  avia-builder-el-0  el_before_av_one_full  avia-builder-el-first  \" style='border-radius:0px; '><div  class='avia-image-container  av-styling-    avia-builder-el-1  avia-builder-el-no-sibling  avia-align-center '  itemprop=\"image\" itemscope=\"itemscope\" itemtype=\"https:\/\/schema.org\/ImageObject\"  ><div class='avia-image-container-inner'><div class='avia-image-overlay-wrap'><img decoding=\"async\" class='wp-image-0 avia-img-lazy-loading-not-0 avia_image' src=\"https:\/\/radiorevelacionfm.cl\/wp-content\/uploads\/2021\/02\/visita-aysen-2_optimized.jpg\" alt='' title=''   itemprop=\"thumbnailUrl\"  \/><\/div><\/div><\/div><\/div><div class=\"flex_column av_one_full  flex_column_div av-zero-column-padding first  avia-builder-el-2  el_after_av_one_full  el_before_av_one_full  column-top-margin\" style='border-radius:0px; '><section class=\"av_textblock_section \"  itemscope=\"itemscope\" itemtype=\"https:\/\/schema.org\/BlogPosting\" itemprop=\"blogPost\" ><div class='avia_textblock  '   itemprop=\"text\" ><p style=\"text-align: center;\"><span style=\"font-size: 18pt;\"><strong>Dirigentas de Ays\u00e9n visitan terreno en que se construir\u00e1n sus hogares<\/strong><\/span><\/p>\n<div id=\"gtx-trans\" style=\"position: absolute; left: -50px; top: 4.31534px;\">\n<div class=\"gtx-trans-icon\"><\/div>\n<\/div>\n<\/div><\/section><\/div><div class=\"flex_column av_one_full  flex_column_div av-zero-column-padding first  avia-builder-el-4  el_after_av_one_full  el_before_av_hr  column-top-margin\" style='border-radius:0px; '><section class=\"av_textblock_section \"  itemscope=\"itemscope\" itemtype=\"https:\/\/schema.org\/BlogPosting\" itemprop=\"blogPost\" ><div class='avia_textblock  '   itemprop=\"text\" ><p style=\"text-align: justify;\">Las representantes de los Comit\u00e9 El Calafate y Sue\u00f1o Patag\u00f3n, se mostraron satisfechas por ver avances reales en el terreno que tambi\u00e9n albergar\u00e1 a las familias de los Comit\u00e9 Amuyen I y II.<\/p>\n<p style=\"text-align: justify;\">\u201cPor ahora me puedo quedar m\u00e1s tranquila, porque por lo menos sabemos que tenemos un avance en nuestro terreno\u201d. As\u00ed reaccion\u00f3 Claudia Casanova, secretaria del Comit\u00e9 Calafate Patag\u00f3n, luego de ser parte de la visita al terreno de 15 hect\u00e1reas, donde se construir\u00e1n sus viviendas.<\/p>\n<p style=\"text-align: justify;\">La instancia, se concret\u00f3 luego de una reuni\u00f3n sostenida por el Director del Servicio de Vivienda y Urbanizaci\u00f3n (Serviu), Nelson Quinteros, con las dirigentas de los Comit\u00e9 El Calafate y Sue\u00f1o Patag\u00f3n, junto a la Entidad Patrocinante Municipal y la Seremi de Vivienda (S), Gladys Salas.<\/p>\n<p style=\"text-align: justify;\">En la visita, que se llev\u00f3 a cabo tomando todas las medidas sanitarias necesarias, la empresa a cargo de las obras, L y D, gui\u00f3 un recorrido por parte de las faenas, donde se vio el trabajo de relleno y compactaci\u00f3n que se est\u00e1 realizando. \u201cEs una tranquilidad que le vamos a dar a nuestra gente, porque nos deja contentos que s\u00ed se est\u00e1 trabajando en nuestros terrenos\u201d, coment\u00f3 Claudia Casanova, quien agreg\u00f3 estar muy emocionada por ver los primeros avances.<\/p>\n<p style=\"text-align: justify;\">\u201cAhora que pudimos pisar el terreno y ver que esto es totalmente blando, se entiende y comprende todo el trabajo que hay que hacer\u201d, coment\u00f3 la dirigente. \u201cEs totalmente blando. Uno lo pisa y se hunde, entonces s\u00ed hay que mejorar bastante el terreno\u201d, recalc\u00f3 en la caminata que se realiz\u00f3 por parte de las 15 hect\u00e1reas.<\/p>\n<p style=\"text-align: justify;\">Es precisamente esa caracter\u00edstica, lo blando del terreno, lo que obliga a hacer un trabajo previo de compactaci\u00f3n din\u00e1mica, proceso que fue ampliamente informado a los comit\u00e9s que tendr\u00e1n sus hogares en este lugar.<\/p>\n<p style=\"text-align: justify;\">Por lo mismo, \u201cmostr\u00e1ndole en terreno a las dirigentas cu\u00e1n dif\u00edcil es trabajar en un terreno como \u00e9ste, qued\u00f3 un grado de conformidad de que la labor que se est\u00e1 haciendo, es necesaria\u201d, destac\u00f3 el Director del Serviu, Nelson Quinteros.<\/p>\n<p style=\"text-align: justify;\">\u201cEso es lo que rescato de esta visita. Si bien es bueno exponer avances, mostrar en terreno a las familias que todo lo que estamos haciendo, tanto los esfuerzos en tiempo como los financieros, son netamente para el beneficio de ellas\u201d, agreg\u00f3 la autoridad del Ministerio de Vivienda.<\/p>\n<p style=\"text-align: justify;\">\u201cLa soluci\u00f3n de la compactaci\u00f3n din\u00e1mica va avanzando en tiempo y forma y es en este punto donde el propio Ministro Felipe Ward nos ha instruido generar estas visitas junto a la dirigentas de los distintos comit\u00e9, con la finalidad de que las confianzas que ya hemos construido, permanezcan intactas\u201d, destac\u00f3 el Director del Serviu.<\/p>\n<\/div><\/section><\/div><div  style='height:50px' class='hr hr-invisible   avia-builder-el-6  el_after_av_one_full  el_before_av_social_share '><span class='hr-inner ' ><span class='hr-inner-style'><\/span><\/span><\/div><\/p>\n<div  class='av-social-sharing-box  avia-builder-el-7  el_after_av_hr  el_before_av_hr  '><div class='av-share-box'><h5 class='av-share-link-description av-no-toc '>Compartir esta noticia<\/h5><ul class='av-share-box-list noLightbox'><li class='av-share-link av-social-link-facebook' ><a target=\"_blank\" aria-label=\"Compartir en Facebook\" href='https:\/\/www.facebook.com\/sharer.php?u=https:\/\/radiorevelacionfm.cl\/?p=2623&#038;t=Dirigentas%20de%20Ays%C3%A9n%20visitan%20terreno%20en%20que%20se%20construir%C3%A1n%20sus%20hogares' aria-hidden='false' data-av_icon='\ue8f3' data-av_iconfont='entypo-fontello' title='' data-avia-related-tooltip='Compartir en Facebook' rel=\"noopener\"><span class='avia_hidden_link_text'>Compartir en Facebook<\/span><\/a><\/li><li class='av-share-link av-social-link-twitter' ><a target=\"_blank\" aria-label=\"Compartir en Twitter\" href='https:\/\/twitter.com\/share?text=Dirigentas%20de%20Ays%C3%A9n%20visitan%20terreno%20en%20que%20se%20construir%C3%A1n%20sus%20hogares&#038;url=https:\/\/radiorevelacionfm.cl\/?p=2623' aria-hidden='false' data-av_icon='\ue8f1' data-av_iconfont='entypo-fontello' title='' data-avia-related-tooltip='Compartir en Twitter' rel=\"noopener\"><span class='avia_hidden_link_text'>Compartir en Twitter<\/span><\/a><\/li><li class='av-share-link av-social-link-whatsapp' ><a target=\"_blank\" aria-label=\"Compartir en Whatsapp\" href='https:\/\/api.whatsapp.com\/send?text=https:\/\/radiorevelacionfm.cl\/?p=2623' aria-hidden='false' data-av_icon='\uf232' data-av_iconfont='entypo-fontello' title='' data-avia-related-tooltip='Compartir en Whatsapp' rel=\"noopener\"><span class='avia_hidden_link_text'>Compartir en Whatsapp<\/span><\/a><\/li><li class='av-share-link av-social-link-linkedin' ><a target=\"_blank\" aria-label=\"Compartir en LinkedIn\" href='https:\/\/linkedin.com\/shareArticle?mini=true&#038;title=Dirigentas%20de%20Ays%C3%A9n%20visitan%20terreno%20en%20que%20se%20construir%C3%A1n%20sus%20hogares&#038;url=https:\/\/radiorevelacionfm.cl\/?p=2623' aria-hidden='false' data-av_icon='\ue8fc' data-av_iconfont='entypo-fontello' title='' data-avia-related-tooltip='Compartir en LinkedIn' rel=\"noopener\"><span class='avia_hidden_link_text'>Compartir en LinkedIn<\/span><\/a><\/li><li class='av-share-link av-social-link-mail' ><a  aria-label=\"Compartir por correo\" href='mailto:?subject=Dirigentas%20de%20Ays%C3%A9n%20visitan%20terreno%20en%20que%20se%20construir%C3%A1n%20sus%20hogares&#038;body=https:\/\/radiorevelacionfm.cl\/?p=2623' aria-hidden='false' data-av_icon='\ue805' data-av_iconfont='entypo-fontello' title='' data-avia-related-tooltip='Compartir por correo'><span class='avia_hidden_link_text'>Compartir por correo<\/span><\/a><\/li><\/ul><\/div><\/div>\n<div  style='height:50px' class='hr hr-invisible   avia-builder-el-8  el_after_av_social_share  el_before_av_comments_list '><span class='hr-inner ' ><span class='hr-inner-style'><\/span><\/span><\/div>\n<div  class='av-buildercomment  av-blog-meta-html-info-disabled av-blog-meta-tag-disabled  '><\/div>\n","protected":false},"excerpt":{"rendered":"","protected":false},"author":1,"featured_media":0,"comment_status":"open","ping_status":"open","sticky":false,"template":"","format":"standard","meta":{"footnotes":""},"categories":[57],"tags":[],"class_list":["post-2623","post","type-post","status-publish","format-standard","hentry","category-vivienda"],"jetpack_featured_media_url":"","_links":{"self":[{"href":"https:\/\/radiorevelacionfm.cl\/index.php?rest_route=\/wp\/v2\/posts\/2623","targetHints":{"allow":["GET"]}}],"collection":[{"href":"https:\/\/radiorevelacionfm.cl\/index.php?rest_route=\/wp\/v2\/posts"}],"about":[{"href":"https:\/\/radiorevelacionfm.cl\/index.php?rest_route=\/wp\/v2\/types\/post"}],"author":[{"embeddable":true,"href":"https:\/\/radiorevelacionfm.cl\/index.php?rest_route=\/wp\/v2\/users\/1"}],"replies":[{"embeddable":true,"href":"https:\/\/radiorevelacionfm.cl\/index.php?rest_route=%2Fwp%2Fv2%2Fcomments&post=2623"}],"version-history":[{"count":1,"href":"https:\/\/radiorevelacionfm.cl\/index.php?rest_route=\/wp\/v2\/posts\/2623\/revisions"}],"predecessor-version":[{"id":2625,"href":"https:\/\/radiorevelacionfm.cl\/index.php?rest_route=\/wp\/v2\/posts\/2623\/revisions\/2625"}],"wp:attachment":[{"href":"https:\/\/radiorevelacionfm.cl\/index.php?rest_route=%2Fwp%2Fv2%2Fmedia&parent=2623"}],"wp:term":[{"taxonomy":"category","embeddable":true,"href":"https:\/\/radiorevelacionfm.cl\/index.php?rest_route=%2Fwp%2Fv2%2Fcategories&post=2623"},{"taxonomy":"post_tag","embeddable":true,"href":"https:\/\/radiorevelacionfm.cl\/index.php?rest_route=%2Fwp%2Fv2%2Ftags&post=2623"}],"curies":[{"name":"wp","href":"https:\/\/api.w.org\/{rel}","templated":true}]}}