{"id":26226,"date":"2023-01-05T09:44:17","date_gmt":"2023-01-05T12:44:17","guid":{"rendered":"https:\/\/radiorevelacionfm.cl\/?p=26226"},"modified":"2023-01-05T09:44:17","modified_gmt":"2023-01-05T12:44:17","slug":"este-mes-el-salario-minimo-sube-a-410-000-y-se-reajusta-la-asignacion-familiar-y-subsidios-unico-familiar-y-para-mipymes","status":"publish","type":"post","link":"https:\/\/radiorevelacionfm.cl\/?p=26226","title":{"rendered":"Este mes el Salario M\u00ednimo sube a $410.000 y se reajusta la Asignaci\u00f3n Familiar y subsidios \u00danico Familiar y para MiPymes"},"content":{"rendered":"<div class=\"flex_column av_one_full  flex_column_div av-zero-column-padding first  avia-builder-el-0  el_before_av_one_full  avia-builder-el-first  \" style='border-radius:0px; '><div  class='avia-image-container  av-styling-    avia-builder-el-1  avia-builder-el-no-sibling  avia-align-center '  itemprop=\"image\" itemscope=\"itemscope\" itemtype=\"https:\/\/schema.org\/ImageObject\"  ><div class='avia-image-container-inner'><div class='avia-image-overlay-wrap'><img decoding=\"async\" class='wp-image-26227 avia-img-lazy-loading-not-26227 avia_image' src=\"https:\/\/radiorevelacionfm.cl\/wp-content\/uploads\/2023\/01\/Rubro-Construccion-0-1-1.jpg\" alt='' title='Rubro Construccion 0 (1) (1)' height=\"600\" width=\"802\"  itemprop=\"thumbnailUrl\" srcset=\"https:\/\/radiorevelacionfm.cl\/wp-content\/uploads\/2023\/01\/Rubro-Construccion-0-1-1.jpg 802w, https:\/\/radiorevelacionfm.cl\/wp-content\/uploads\/2023\/01\/Rubro-Construccion-0-1-1-300x224.jpg 300w, https:\/\/radiorevelacionfm.cl\/wp-content\/uploads\/2023\/01\/Rubro-Construccion-0-1-1-768x575.jpg 768w, https:\/\/radiorevelacionfm.cl\/wp-content\/uploads\/2023\/01\/Rubro-Construccion-0-1-1-705x527.jpg 705w, https:\/\/radiorevelacionfm.cl\/wp-content\/uploads\/2023\/01\/Rubro-Construccion-0-1-1-600x449.jpg 600w\" sizes=\"(max-width: 802px) 100vw, 802px\" \/><\/div><\/div><\/div><\/div><div class=\"flex_column av_one_full  flex_column_div av-zero-column-padding first  avia-builder-el-2  el_after_av_one_full  el_before_av_one_full  column-top-margin\" style='border-radius:0px; '><section class=\"av_textblock_section \"  itemscope=\"itemscope\" itemtype=\"https:\/\/schema.org\/BlogPosting\" itemprop=\"blogPost\" ><div class='avia_textblock  '   itemprop=\"text\" ><p style=\"text-align: center;\"><span style=\"font-size: 18pt;\"><b><span lang=\"ES-TRAD\">Este mes el Salario M\u00ednimo sube a $410.000 y se reajusta la Asignaci\u00f3n Familiar y subsidios \u00danico Familiar y para MiPymes\u00a0<\/span><\/b><\/span><\/p>\n<div id=\"gtx-trans\" style=\"position: absolute; left: -50px; top: 4.31534px;\">\n<div class=\"gtx-trans-icon\"><\/div>\n<\/div>\n<\/div><\/section><\/div><div class=\"flex_column av_one_full  flex_column_div av-zero-column-padding first  avia-builder-el-4  el_after_av_one_full  el_before_av_hr  column-top-margin\" style='border-radius:0px; '><section class=\"av_textblock_section \"  itemscope=\"itemscope\" itemtype=\"https:\/\/schema.org\/BlogPosting\" itemprop=\"blogPost\" ><div class='avia_textblock  '   itemprop=\"text\" ><p class=\"v1MsoNormal\" style=\"text-align: justify;\"><span lang=\"ES-MX\">Este mes de enero 2023 se reajusta el Salario M\u00ednimo, ello a partir de la ley aprobada en mayo del a\u00f1o pasado que estableci\u00f3 un mecanismo en caso de que la inflaci\u00f3n acumulada a diciembre de 2022 superara el 7% en 12 meses. El sueldo m\u00ednimo aumentar\u00e1 desde $400 mil a $410 mil, beneficiando a cerca de 1 mill\u00f3n de trabajadores a nivel nacional y, seg\u00fan estimaciones regionales, a cerca de 10.000 trabajadores en nuestra Regi\u00f3n de Ays\u00e9n.\u00a0<\/span><\/p>\n<p class=\"v1MsoNormal\" style=\"text-align: justify;\"><span lang=\"ES-MX\">El reajuste fue valorado positivamente por el Delegado Presidencial Regional de Ays\u00e9n, Rodrigo Araya, \u00abPara nuestro Gobierno y nuestro Presidente Gabriel Boric, la seguridad econ\u00f3mica es uno de los ejes principales de nuestra labor de gobierno y queremos relevar el esfuerzo que se hizo en los meses anteriores con respecto a llegar a un acuerdo con la CUT como con asociaciones de micro y peque\u00f1as industrias, en relaci\u00f3n a la legislaci\u00f3n y la legislaci\u00f3n que mejor\u00f3 el Ingreso M\u00ednimo Mensual. Como ustedes recordar\u00e1n, subimos de 350.000 a 380.000, y despu\u00e9s, en agosto a $400.000; ahora, a partir de enero, ese Sueldo M\u00ednimo, Ingreso M\u00ednimo Mensual, ascender\u00e1 a $410.000, porque el IPC aument\u00f3 sobre el 7%\u00bb. \u00a0<\/span><\/p>\n<p class=\"v1MsoNormal\" style=\"text-align: justify;\"><span lang=\"ES-MX\">\u00abPero eso tambi\u00e9n lleva a\u00f1adido que va a haber un aumento tanto en el Subsidio \u00danico Familiar, como en el aporte que se hace a la micro y peque\u00f1a y mediana industria. Un apoyo para la remuneraci\u00f3n donde ese est\u00edmulo por cada trabajador contratado va a aumentar de $26.000 a $32.000. Entonces vemos como una pol\u00edtica ha tenido un paso por el Parlamento exitoso, donde se cre\u00f3 la legislaci\u00f3n y estamos viendo justamente los resultados en t\u00e9rminos pr\u00e1cticos, y c\u00f3mo se beneficia directamente a las personas en todo nuestro pa\u00eds\u00bb, a\u00f1adi\u00f3 la autoridad regional.<\/span><\/p>\n<p class=\"v1MsoNormal\" style=\"text-align: justify;\"><span lang=\"ES-MX\">En tanto, el Seremi Rodrigo D\u00edaz se refiri\u00f3 al Sueldo M\u00ednimo como un piso, acorde con los lineamiento de trabajo decente que est\u00e1 impulsando el ministerio, \u00abComo Seremi del Trabajo y Previsi\u00f3n Social, quiero se\u00f1alar que el aumento del Salario M\u00ednimo, viene a reflejar el compromiso del Gobierno en aumentar los salarios m\u00e1s bajo y colocar un piso. Entonces, hoy d\u00eda tener $410.000 como Salario M\u00ednimo viene a reconocer el efecto de la inflaci\u00f3n que el Gobierno y tambi\u00e9n nivelar hacia arriba el Salario M\u00ednimo.<\/span><\/p>\n<p class=\"v1MsoNormal\" style=\"text-align: justify;\"><span lang=\"ES-MX\">El Seremi Rodrigo D\u00edaz tambi\u00e9n relev\u00f3 la disposici\u00f3n al di\u00e1logo, \u00abEsto no es casualidad. Este aumento es fruto del di\u00e1logo, del tripartismo, donde conversa el Estado con los trabajadores y con los empresarios. Aqu\u00ed el di\u00e1logo es algo que no se agota y en la misma instancia, seguiremos perseverando para que con la misma fuerza y con el mismo di\u00e1logo, podamos avanzar en la Reforma de las 40 horas y la Reforma Previsional, en beneficio de nuestros trabajadores y de nuestros pensionados\u00bb.<\/span><\/p>\n<table class=\"v1gmail-TableGrid\" border=\"0\" width=\"580\" cellspacing=\"0\" cellpadding=\"0\">\n<tbody>\n<tr>\n<td width=\"168\">\n<p class=\"v1MsoNormal\"><span lang=\"ES-MX\">Normativa<\/span><\/p>\n<\/td>\n<td width=\"87\">\n<p class=\"v1MsoNormal\" align=\"center\"><span lang=\"ES-MX\">Vigencia<\/span><\/p>\n<\/td>\n<td valign=\"top\" width=\"87\">\n<p class=\"v1MsoNormal\" align=\"right\"><span lang=\"ES-MX\">IMM &gt; 18<\/span><\/p>\n<p class=\"v1MsoNormal\"><span lang=\"ES-MX\">a\u00f1os y &lt; 65 a\u00f1os<\/span><\/p>\n<\/td>\n<td valign=\"top\" width=\"87\">\n<p class=\"v1MsoNormal\" align=\"right\"><span lang=\"ES-MX\">IMM &lt; 18<\/span><\/p>\n<p class=\"v1MsoNormal\"><span lang=\"ES-MX\">a\u00f1os y &gt; 65 a\u00f1os<\/span><\/p>\n<\/td>\n<td valign=\"top\" width=\"87\">\n<p class=\"v1MsoNormal\"><span lang=\"ES-MX\">Fines \u00a0\u00a0\u00a0\u00a0\u00a0\u00a0\u00a0\u00a0\u00a0\u00a0 no remuneraci onales<\/span><\/p>\n<\/td>\n<td width=\"64\">\n<p class=\"v1MsoNormal\"><span lang=\"ES-MX\">Var. %<\/span><\/p>\n<\/td>\n<\/tr>\n<tr>\n<td valign=\"top\" width=\"168\">\n<p class=\"v1MsoNormal\"><span lang=\"ES-MX\">Decreto N\u00b0 2 del 6 de enero de<\/span><\/p>\n<p class=\"v1MsoNormal\"><span lang=\"ES-MX\">2022 del Ministerio de<\/span><\/p>\n<p class=\"v1MsoNormal\"><span lang=\"ES-MX\">Hacienda<\/span><\/p>\n<\/td>\n<td width=\"87\">\n<p class=\"v1MsoNormal\"><span lang=\"ES-MX\">1 de enero de 2022<\/span><\/p>\n<\/td>\n<td width=\"87\">\n<p class=\"v1MsoNormal\"><span lang=\"ES-MX\">$350.000<\/span><\/p>\n<\/td>\n<td width=\"87\">\n<p class=\"v1MsoNormal\"><span lang=\"ES-MX\">$261.092<\/span><\/p>\n<\/td>\n<td width=\"87\">\n<p class=\"v1MsoNormal\"><span lang=\"ES-MX\">$225.606<\/span><\/p>\n<\/td>\n<td width=\"64\">\n<p class=\"v1MsoNormal\"><span lang=\"ES-MX\">\u00a0<\/span><\/p>\n<\/td>\n<\/tr>\n<tr>\n<td width=\"168\">\n<p class=\"v1MsoNormal\"><span lang=\"ES-MX\">Ley N\u00b0 21.456<\/span><\/p>\n<\/td>\n<td valign=\"top\" width=\"87\">\n<p class=\"v1MsoNormal\"><span lang=\"ES-MX\">1 de mayo de 2022<\/span><\/p>\n<\/td>\n<td width=\"87\">\n<p class=\"v1MsoNormal\"><span lang=\"ES-MX\">$380.000<\/span><\/p>\n<\/td>\n<td width=\"87\">\n<p class=\"v1MsoNormal\"><span lang=\"ES-MX\">$283.471<\/span><\/p>\n<\/td>\n<td width=\"87\">\n<p class=\"v1MsoNormal\"><span lang=\"ES-MX\">$244.944<\/span><\/p>\n<\/td>\n<td width=\"64\">\n<p class=\"v1MsoNormal\" align=\"center\"><span lang=\"ES-MX\">8,6%<\/span><\/p>\n<\/td>\n<\/tr>\n<tr>\n<td valign=\"top\" width=\"168\">\n<p class=\"v1MsoNormal\"><span lang=\"ES-MX\">Ley N\u00b0 21.456 y Decreto N\u00b0 1089 del 11 de Julio de 2022 del Ministerio de Hacienda<\/span><\/p>\n<\/td>\n<td width=\"87\">\n<p class=\"v1MsoNormal\"><span lang=\"ES-MX\">1 de agosto de 2022<\/span><\/p>\n<\/td>\n<td width=\"87\">\n<p class=\"v1MsoNormal\"><span lang=\"ES-MX\">$400.000<\/span><\/p>\n<\/td>\n<td width=\"87\">\n<p class=\"v1MsoNormal\"><span lang=\"ES-MX\">$298.391<\/span><\/p>\n<\/td>\n<td width=\"87\">\n<p class=\"v1MsoNormal\"><span lang=\"ES-MX\">$257.836<\/span><\/p>\n<\/td>\n<td width=\"64\">\n<p class=\"v1MsoNormal\" align=\"center\"><span lang=\"ES-MX\">5,3%<\/span><\/p>\n<\/td>\n<\/tr>\n<tr>\n<td valign=\"top\" width=\"168\">\n<p class=\"v1MsoNormal\"><span lang=\"ES-MX\">Decreto pendiente conforme al art. N\u00b0 8 de la ley N\u00b0 21.456\u00a0<\/span><\/p>\n<\/td>\n<td valign=\"top\" width=\"87\">\n<p class=\"v1MsoNormal\"><span lang=\"ES-MX\">1 de enero de 2023*<\/span><\/p>\n<\/td>\n<td width=\"87\">\n<p class=\"v1MsoNormal\"><span lang=\"ES-MX\">$410.000*<\/span><\/p>\n<\/td>\n<td width=\"87\">\n<p class=\"v1MsoNormal\"><span lang=\"ES-MX\">$305.851*<\/span><\/p>\n<\/td>\n<td width=\"87\">\n<p class=\"v1MsoNormal\"><span lang=\"ES-MX\">$264.282*<\/span><\/p>\n<\/td>\n<td width=\"64\">\n<p class=\"v1MsoNormal\" align=\"center\"><span lang=\"ES-MX\">2,5%<\/span><\/p>\n<\/td>\n<\/tr>\n<\/tbody>\n<\/table>\n<p class=\"v1MsoNormal\" style=\"text-align: justify;\"><span lang=\"ES-MX\">Nota: Los valores consideran la normativa se\u00f1alada y, para enero de 2023, se calcula asumiendo que la variaci\u00f3n acumulada del IPC supera los 7% en un periodo de 12 meses a diciembre de 2022 (este valor ser\u00e1 conocido el 6 de enero de 2023).<\/span><\/p>\n<table class=\"v1gmail-TableGrid\" border=\"0\" width=\"594\" cellspacing=\"0\" cellpadding=\"0\">\n<tbody>\n<tr>\n<td rowspan=\"2\" width=\"114\">\n<p class=\"v1MsoNormal\" align=\"center\"><span lang=\"ES-MX\">\u00a0<\/span><\/p>\n<p class=\"v1MsoNormal\" align=\"center\"><span lang=\"ES-MX\">\u00a0<\/span><\/p>\n<\/td>\n<td colspan=\"3\" valign=\"top\" width=\"240\">\n<p class=\"v1MsoNormal\" align=\"center\"><span lang=\"ES-MX\">Vigentes desde agosto 2022<\/span><\/p>\n<\/td>\n<td colspan=\"3\" valign=\"top\" width=\"240\">\n<p class=\"v1MsoNormal\" align=\"center\"><span lang=\"ES-MX\">Entrar\u00e1n en vigor en enero de 2023<\/span><\/p>\n<\/td>\n<\/tr>\n<tr>\n<td valign=\"top\" width=\"80\">\n<p class=\"v1MsoNormal\" align=\"center\"><span lang=\"ES-MX\">L\u00edmite inferior<\/span><\/p>\n<p class=\"v1MsoNormal\" align=\"center\"><span lang=\"ES-MX\">Tramo<\/span><\/p>\n<\/td>\n<td valign=\"top\" width=\"80\">\n<p class=\"v1MsoNormal\" align=\"center\"><span lang=\"ES-MX\">L\u00edmite superior<\/span><\/p>\n<p class=\"v1MsoNormal\" align=\"center\"><span lang=\"ES-MX\">Tramo<\/span><\/p>\n<\/td>\n<td width=\"80\">\n<p class=\"v1MsoNormal\" align=\"center\"><span lang=\"ES-MX\">Subsidio<\/span><\/p>\n<\/td>\n<td valign=\"top\" width=\"80\">\n<p class=\"v1MsoNormal\" align=\"center\"><span lang=\"ES-MX\">L\u00edmite inferior<\/span><\/p>\n<p class=\"v1MsoNormal\" align=\"center\"><span lang=\"ES-MX\">Tramo<\/span><\/p>\n<\/td>\n<td valign=\"top\" width=\"80\">\n<p class=\"v1MsoNormal\" align=\"center\"><span lang=\"ES-MX\">L\u00edmite superior<\/span><\/p>\n<p class=\"v1MsoNormal\" align=\"center\"><span lang=\"ES-MX\">Tramo<\/span><\/p>\n<\/td>\n<td width=\"80\">\n<p class=\"v1MsoNormal\" align=\"center\"><span lang=\"ES-MX\">Subsidio<\/span><\/p>\n<\/td>\n<\/tr>\n<tr>\n<td rowspan=\"3\" width=\"114\">\n<p class=\"v1MsoNormal\" align=\"center\"><span lang=\"ES-MX\">Asignaci\u00f3n Familiar<\/span><\/p>\n<\/td>\n<td valign=\"top\" width=\"80\">\n<p class=\"v1MsoNormal\" align=\"center\"><span lang=\"ES-MX\">$0<\/span><\/p>\n<\/td>\n<td valign=\"top\" width=\"80\">\n<p class=\"v1MsoNormal\"><span lang=\"ES-MX\">$419.414<\/span><\/p>\n<\/td>\n<td valign=\"top\" width=\"80\">\n<p class=\"v1MsoNormal\" align=\"center\"><span lang=\"ES-MX\">$16.418<\/span><\/p>\n<\/td>\n<td valign=\"top\" width=\"80\">\n<p class=\"v1MsoNormal\" align=\"center\"><span lang=\"ES-MX\">$0<\/span><\/p>\n<\/td>\n<td valign=\"top\" width=\"80\">\n<p class=\"v1MsoNormal\"><span lang=\"ES-MX\">$429.899<\/span><\/p>\n<\/td>\n<td valign=\"top\" width=\"80\">\n<p class=\"v1MsoNormal\" align=\"center\"><span lang=\"ES-MX\">$16.828<\/span><\/p>\n<\/td>\n<\/tr>\n<tr>\n<td valign=\"top\" width=\"80\">\n<p class=\"v1MsoNormal\"><span lang=\"ES-MX\">$419.414<\/span><\/p>\n<\/td>\n<td valign=\"top\" width=\"80\">\n<p class=\"v1MsoNormal\"><span lang=\"ES-MX\">$612.598<\/span><\/p>\n<\/td>\n<td valign=\"top\" width=\"80\">\n<p class=\"v1MsoNormal\" align=\"center\"><span lang=\"ES-MX\">$10.075<\/span><\/p>\n<\/td>\n<td valign=\"top\" width=\"80\">\n<p class=\"v1MsoNormal\"><span lang=\"ES-MX\">$429.899<\/span><\/p>\n<\/td>\n<td valign=\"top\" width=\"80\">\n<p class=\"v1MsoNormal\"><span lang=\"ES-MX\">$627.913<\/span><\/p>\n<\/td>\n<td valign=\"top\" width=\"80\">\n<p class=\"v1MsoNormal\" align=\"center\"><span lang=\"ES-MX\">$10.327<\/span><\/p>\n<\/td>\n<\/tr>\n<tr>\n<td valign=\"top\" width=\"80\">\n<p class=\"v1MsoNormal\"><span lang=\"ES-MX\">$612.598<\/span><\/p>\n<\/td>\n<td valign=\"top\" width=\"80\">\n<p class=\"v1MsoNormal\"><span lang=\"ES-MX\">$955.444<\/span><\/p>\n<\/td>\n<td valign=\"top\" width=\"80\">\n<p class=\"v1MsoNormal\" align=\"center\"><span lang=\"ES-MX\">$3.184<\/span><\/p>\n<\/td>\n<td valign=\"top\" width=\"80\">\n<p class=\"v1MsoNormal\"><span lang=\"ES-MX\">$627.913<\/span><\/p>\n<\/td>\n<td valign=\"top\" width=\"80\">\n<p class=\"v1MsoNormal\"><span lang=\"ES-MX\">$979.330<\/span><\/p>\n<\/td>\n<td valign=\"top\" width=\"80\">\n<p class=\"v1MsoNormal\" align=\"center\"><span lang=\"ES-MX\">$3.264<\/span><\/p>\n<\/td>\n<\/tr>\n<tr>\n<td valign=\"top\" width=\"114\">\n<p class=\"v1MsoNormal\"><span lang=\"ES-MX\">Subsidio familiar<\/span><\/p>\n<\/td>\n<td valign=\"top\" width=\"80\">\n<p class=\"v1MsoNormal\" align=\"center\"><span lang=\"ES-MX\">\u00a0<\/span><\/p>\n<\/td>\n<td valign=\"top\" width=\"80\">\n<p class=\"v1MsoNormal\" align=\"center\"><span lang=\"ES-MX\">\u00a0<\/span><\/p>\n<\/td>\n<td valign=\"top\" width=\"80\">\n<p class=\"v1MsoNormal\" align=\"center\"><span lang=\"ES-MX\">$16.418<\/span><\/p>\n<\/td>\n<td valign=\"top\" width=\"80\">\n<p class=\"v1MsoNormal\" align=\"center\"><span lang=\"ES-MX\">\u00a0<\/span><\/p>\n<\/td>\n<td valign=\"top\" width=\"80\">\n<p class=\"v1MsoNormal\" align=\"center\"><span lang=\"ES-MX\">\u00a0<\/span><\/p>\n<\/td>\n<td valign=\"top\" width=\"80\">\n<p class=\"v1MsoNormal\" align=\"center\"><span lang=\"ES-MX\">$16.828<\/span><\/p>\n<\/td>\n<\/tr>\n<\/tbody>\n<\/table>\n<p class=\"v1MsoNormal\" style=\"text-align: justify;\"><span lang=\"ES-MX\">Nota: Los valores se calcula asumiendo que la variaci\u00f3n acumulada del IPC supera los 7% en un periodo de 12 meses a diciembre de 2022 (este valor ser\u00e1 conocido en 6 de enero de 2023).<\/span><\/p>\n<p class=\"v1MsoNormal\" style=\"text-align: justify;\"><span style=\"font-size: 12pt;\"><b><u><span lang=\"ES-MX\">Subsidio Mipyme y aporte canasta de alimentos<\/span><\/u><\/b><\/span><\/p>\n<p class=\"v1MsoNormal\" style=\"text-align: justify;\"><span lang=\"ES-MX\">Adicionalmente, la Ley N\u00b0 21.456 estableci\u00f3 dos nuevos subsidios. Uno relacionado con el aumento del costo de la vida, denominado aporte compensatorio del aumento del valor de la canasta b\u00e1sica de alimentos; y otro consistente en un subsidio temporal a las micro, peque\u00f1as y medianas empresas (MiPymes), que busca apoyarlas por el alza en el costo de remuneraciones.<\/span><\/p>\n<p class=\"v1MsoNormal\" style=\"text-align: justify;\"><span lang=\"ES-MX\">Con respecto a este \u00faltimo subsidio, se modificar\u00e1n los montos dado que se cumple el aumento de IPC sobre 7% en doce meses. Estos nuevos valores regir\u00e1n a partir de enero y seguir\u00e1n hasta abril de 2023, cuando el monto por trabajador se incrementar\u00e1 de $26.000 a $32.000 por empleado y se considerar\u00e1 a los trabajadores que registren ingresos imponibles entre $409.000 y $411.000 y entre $511.500 y $513.500.<\/span><\/p>\n<p class=\"v1MsoNormal\" style=\"text-align: justify;\"><span lang=\"ES-MX\">Por \u00faltimo, el aporte compensatorio del aumento del valor de la canasta b\u00e1sica de alimentos se pagar\u00e1 hasta el 30 de abril de 2023, cuyos valores se modifican de manera mensual conforme se publican los nuevos valores de la Canasta B\u00e1sica de Alimentos. El \u00faltimo informado corresponde al 20 de diciembre pasado y estipula un Aporte en enero de 2023 de $13.516 por carga.<\/span><\/p>\n<p class=\"v1MsoNormal\" style=\"text-align: justify;\"><span lang=\"ES-MX\">\u00a0<\/span><\/p>\n<\/div><\/section><\/div><div  style='height:50px' class='hr hr-invisible   avia-builder-el-6  el_after_av_one_full  el_before_av_social_share '><span class='hr-inner ' ><span class='hr-inner-style'><\/span><\/span><\/div><\/p>\n<div  class='av-social-sharing-box  avia-builder-el-7  el_after_av_hr  el_before_av_hr  '><div class='av-share-box'><h5 class='av-share-link-description av-no-toc '>Compartir esta noticia<\/h5><ul class='av-share-box-list noLightbox'><li class='av-share-link av-social-link-facebook' ><a target=\"_blank\" aria-label=\"Compartir en Facebook\" href='https:\/\/www.facebook.com\/sharer.php?u=https:\/\/radiorevelacionfm.cl\/?p=26226&#038;t=Este%20mes%20el%20Salario%20M%C3%ADnimo%20sube%20a%20%24410.000%20y%20se%20reajusta%20la%20Asignaci%C3%B3n%20Familiar%20y%20subsidios%20%C3%9Anico%20Familiar%20y%20para%20MiPymes' aria-hidden='false' data-av_icon='\ue8f3' data-av_iconfont='entypo-fontello' title='' data-avia-related-tooltip='Compartir en Facebook' rel=\"noopener\"><span class='avia_hidden_link_text'>Compartir en Facebook<\/span><\/a><\/li><li class='av-share-link av-social-link-twitter' ><a target=\"_blank\" aria-label=\"Compartir en Twitter\" href='https:\/\/twitter.com\/share?text=Este%20mes%20el%20Salario%20M%C3%ADnimo%20sube%20a%20%24410.000%20y%20se%20reajusta%20la%20Asignaci%C3%B3n%20Familiar%20y%20subsidios%20%C3%9Anico%20Familiar%20y%20para%20MiPymes&#038;url=https:\/\/radiorevelacionfm.cl\/?p=26226' aria-hidden='false' data-av_icon='\ue8f1' data-av_iconfont='entypo-fontello' title='' data-avia-related-tooltip='Compartir en Twitter' rel=\"noopener\"><span class='avia_hidden_link_text'>Compartir en Twitter<\/span><\/a><\/li><li class='av-share-link av-social-link-whatsapp' ><a target=\"_blank\" aria-label=\"Compartir en Whatsapp\" href='https:\/\/api.whatsapp.com\/send?text=https:\/\/radiorevelacionfm.cl\/?p=26226' aria-hidden='false' data-av_icon='\uf232' data-av_iconfont='entypo-fontello' title='' data-avia-related-tooltip='Compartir en Whatsapp' rel=\"noopener\"><span class='avia_hidden_link_text'>Compartir en Whatsapp<\/span><\/a><\/li><li class='av-share-link av-social-link-linkedin' ><a target=\"_blank\" aria-label=\"Compartir en LinkedIn\" href='https:\/\/linkedin.com\/shareArticle?mini=true&#038;title=Este%20mes%20el%20Salario%20M%C3%ADnimo%20sube%20a%20%24410.000%20y%20se%20reajusta%20la%20Asignaci%C3%B3n%20Familiar%20y%20subsidios%20%C3%9Anico%20Familiar%20y%20para%20MiPymes&#038;url=https:\/\/radiorevelacionfm.cl\/?p=26226' aria-hidden='false' data-av_icon='\ue8fc' data-av_iconfont='entypo-fontello' title='' data-avia-related-tooltip='Compartir en LinkedIn' rel=\"noopener\"><span class='avia_hidden_link_text'>Compartir en LinkedIn<\/span><\/a><\/li><li class='av-share-link av-social-link-mail' ><a  aria-label=\"Compartir por correo\" href='mailto:?subject=Este%20mes%20el%20Salario%20M%C3%ADnimo%20sube%20a%20%24410.000%20y%20se%20reajusta%20la%20Asignaci%C3%B3n%20Familiar%20y%20subsidios%20%C3%9Anico%20Familiar%20y%20para%20MiPymes&#038;body=https:\/\/radiorevelacionfm.cl\/?p=26226' aria-hidden='false' data-av_icon='\ue805' data-av_iconfont='entypo-fontello' title='' data-avia-related-tooltip='Compartir por correo'><span class='avia_hidden_link_text'>Compartir por correo<\/span><\/a><\/li><\/ul><\/div><\/div>\n<div  style='height:50px' class='hr hr-invisible   avia-builder-el-8  el_after_av_social_share  el_before_av_comments_list '><span class='hr-inner ' ><span class='hr-inner-style'><\/span><\/span><\/div>\n<div  class='av-buildercomment  av-blog-meta-html-info-disabled av-blog-meta-tag-disabled  '><\/div>\n","protected":false},"excerpt":{"rendered":"","protected":false},"author":1,"featured_media":26227,"comment_status":"open","ping_status":"open","sticky":false,"template":"","format":"standard","meta":{"footnotes":""},"categories":[56],"tags":[],"class_list":["post-26226","post","type-post","status-publish","format-standard","has-post-thumbnail","hentry","category-trabajo"],"jetpack_featured_media_url":"https:\/\/radiorevelacionfm.cl\/wp-content\/uploads\/2023\/01\/Rubro-Construccion-0-1-1.jpg","_links":{"self":[{"href":"https:\/\/radiorevelacionfm.cl\/index.php?rest_route=\/wp\/v2\/posts\/26226","targetHints":{"allow":["GET"]}}],"collection":[{"href":"https:\/\/radiorevelacionfm.cl\/index.php?rest_route=\/wp\/v2\/posts"}],"about":[{"href":"https:\/\/radiorevelacionfm.cl\/index.php?rest_route=\/wp\/v2\/types\/post"}],"author":[{"embeddable":true,"href":"https:\/\/radiorevelacionfm.cl\/index.php?rest_route=\/wp\/v2\/users\/1"}],"replies":[{"embeddable":true,"href":"https:\/\/radiorevelacionfm.cl\/index.php?rest_route=%2Fwp%2Fv2%2Fcomments&post=26226"}],"version-history":[{"count":2,"href":"https:\/\/radiorevelacionfm.cl\/index.php?rest_route=\/wp\/v2\/posts\/26226\/revisions"}],"predecessor-version":[{"id":26249,"href":"https:\/\/radiorevelacionfm.cl\/index.php?rest_route=\/wp\/v2\/posts\/26226\/revisions\/26249"}],"wp:featuredmedia":[{"embeddable":true,"href":"https:\/\/radiorevelacionfm.cl\/index.php?rest_route=\/wp\/v2\/media\/26227"}],"wp:attachment":[{"href":"https:\/\/radiorevelacionfm.cl\/index.php?rest_route=%2Fwp%2Fv2%2Fmedia&parent=26226"}],"wp:term":[{"taxonomy":"category","embeddable":true,"href":"https:\/\/radiorevelacionfm.cl\/index.php?rest_route=%2Fwp%2Fv2%2Fcategories&post=26226"},{"taxonomy":"post_tag","embeddable":true,"href":"https:\/\/radiorevelacionfm.cl\/index.php?rest_route=%2Fwp%2Fv2%2Ftags&post=26226"}],"curies":[{"name":"wp","href":"https:\/\/api.w.org\/{rel}","templated":true}]}}