{"id":26223,"date":"2023-01-04T18:56:22","date_gmt":"2023-01-04T21:56:22","guid":{"rendered":"https:\/\/radiorevelacionfm.cl\/?p=26223"},"modified":"2023-01-04T18:56:22","modified_gmt":"2023-01-04T21:56:22","slug":"toma-de-muestras-en-postas-de-salud-rural-acercando-la-salud-a-las-personas","status":"publish","type":"post","link":"https:\/\/radiorevelacionfm.cl\/?p=26223","title":{"rendered":"Toma de muestras en Postas de Salud Rural: Acercando la salud a las personas"},"content":{"rendered":"<div class=\"flex_column av_one_full  flex_column_div av-zero-column-padding first  avia-builder-el-0  el_before_av_one_full  avia-builder-el-first  \" style='border-radius:0px; '><div  class='avia-image-container  av-styling-    avia-builder-el-1  avia-builder-el-no-sibling  avia-align-center '  itemprop=\"image\" itemscope=\"itemscope\" itemtype=\"https:\/\/schema.org\/ImageObject\"  ><div class='avia-image-container-inner'><div class='avia-image-overlay-wrap'><img decoding=\"async\" class='wp-image-26224 avia-img-lazy-loading-not-26224 avia_image' src=\"https:\/\/radiorevelacionfm.cl\/wp-content\/uploads\/2023\/01\/Toma-de-Muestras-04-1-1.jpeg\" alt='' title='Toma de Muestras 04 (1) (1)' height=\"600\" width=\"800\"  itemprop=\"thumbnailUrl\" srcset=\"https:\/\/radiorevelacionfm.cl\/wp-content\/uploads\/2023\/01\/Toma-de-Muestras-04-1-1.jpeg 800w, https:\/\/radiorevelacionfm.cl\/wp-content\/uploads\/2023\/01\/Toma-de-Muestras-04-1-1-300x225.jpeg 300w, https:\/\/radiorevelacionfm.cl\/wp-content\/uploads\/2023\/01\/Toma-de-Muestras-04-1-1-768x576.jpeg 768w, https:\/\/radiorevelacionfm.cl\/wp-content\/uploads\/2023\/01\/Toma-de-Muestras-04-1-1-705x529.jpeg 705w, https:\/\/radiorevelacionfm.cl\/wp-content\/uploads\/2023\/01\/Toma-de-Muestras-04-1-1-600x450.jpeg 600w\" sizes=\"(max-width: 800px) 100vw, 800px\" \/><\/div><\/div><\/div><\/div><div class=\"flex_column av_one_full  flex_column_div av-zero-column-padding first  avia-builder-el-2  el_after_av_one_full  el_before_av_one_full  column-top-margin\" style='border-radius:0px; '><section class=\"av_textblock_section \"  itemscope=\"itemscope\" itemtype=\"https:\/\/schema.org\/BlogPosting\" itemprop=\"blogPost\" ><div class='avia_textblock  '   itemprop=\"text\" ><p style=\"text-align: center;\"><span style=\"font-size: 18pt;\"><b><span lang=\"ES-CL\">Toma de muestras en Postas de Salud Rural: Acercando la salud a las personas<\/span><\/b><\/span><\/p>\n<div id=\"gtx-trans\" style=\"position: absolute; left: -50px; top: 4.31534px;\">\n<div class=\"gtx-trans-icon\"><\/div>\n<\/div>\n<\/div><\/section><\/div><div class=\"flex_column av_one_full  flex_column_div av-zero-column-padding first  avia-builder-el-4  el_after_av_one_full  el_before_av_hr  column-top-margin\" style='border-radius:0px; '><section class=\"av_textblock_section \"  itemscope=\"itemscope\" itemtype=\"https:\/\/schema.org\/BlogPosting\" itemprop=\"blogPost\" ><div class='avia_textblock  '   itemprop=\"text\" ><p class=\"v1MsoNormal\" style=\"text-align: justify;\"><span lang=\"ES-CL\">Una de las problem\u00e1ticas detectadas el 2022 es la dificultad de los usuarios para la realizaci\u00f3n de ex\u00e1menes de control y cardiovasculares, sobre todo en localidades lejanas a los centros urbanos m\u00e1s resolutivos desde el punto de vista asistencial.<\/span><\/p>\n<p class=\"v1MsoNormal\" style=\"text-align: justify;\"><span lang=\"ES-CL\">Realizado el diagn\u00f3stico y detectada la necesidad, el Servicio de Salud Ays\u00e9n, Atenci\u00f3n Primaria de Salud y Salud Rural, comenzaron a implementar la estrategia para capacitar al personal de salud residente en las localidades en la toma de estos procedimientos.<\/span><\/p>\n<p class=\"v1MsoNormal\" style=\"text-align: justify;\"><span lang=\"ES-CL\">Es as\u00ed que nace la capacitaci\u00f3n sobre \u00abToma de muestras, conservaci\u00f3n, traslado y rechazos\u00bb v\u00e1lida por 21 horas pedag\u00f3gicas que tiene como objetivo capacitar a TENS, Enfermeras y Matronas de las 17 postas de salud rural de la red asistencial regional.<\/span><\/p>\n<p class=\"v1MsoNormal\" style=\"text-align: justify;\"><span lang=\"ES-CL\">Gracias a esta estrategia, durante 2022 se vieron beneficiados un total de 760 usuarios y para el primer semestre 2023, se proyecta que 2.540 usuarios tengan acceso a estos procedimientos, acercando as\u00ed las prestaciones, para mejorar su calidad de vida, acerc\u00e1ndolas a sus localidades y evitando, en muchos casos, sus traslados a Coyhaique y Puerto Ays\u00e9n.<\/span><\/p>\n<p class=\"v1MsoNormal\" style=\"text-align: justify;\"><span lang=\"ES-CL\">Gonzalo Millal\u00e9n, tecn\u00f3logo M\u00e9dico encargado de laboratorio de la Direcci\u00f3n de Salud Rural del SSA y de implementar esta estrategia en el territorio, destac\u00f3 que \u00abla toma de muestras corresponde a ex\u00e1menes generales enfocada principalmente a usuarios del programa cardiovascular, adulto mayor o personas con movilidad reducida. Gracias a las coordinaciones entre los hospitales de la red y las postas de salud rural hemos realizado de forma exitosa estos operativos a lo largo de toda la regi\u00f3n, trasladando las muestras en el menor tiempo posible para su an\u00e1lisis y entrega de un resultado oportuno\u00bb, precis\u00f3.<\/span><\/p>\n<p class=\"v1MsoNormal\" style=\"text-align: justify;\"><span lang=\"ES-CL\">Lorena Guerrero, directora (S) de Atenci\u00f3n Primaria de Salud y Salud Rural a\u00f1adi\u00f3 que \u00abcon la incorporaci\u00f3n del profesional tecn\u00f3logo m\u00e9dico, se ha permitido que pobladores de localidades rurales puedan tener acceso a toma de muestras de ex\u00e1menes muy cerca de su lugar de residencia. Esto permite que las personas accedan con m\u00e1s facilidad a la toma de ex\u00e1menes que es apoyo para el diagn\u00f3stico que van a hacer los m\u00e9dicos, que hacen rondas en las distintas localidades rurales o que est\u00e1n en forma permanentemente en esos territorios\u00bb.<\/span><\/p>\n<p class=\"v1MsoNormal\" style=\"text-align: justify;\"><span lang=\"ES-CL\">La directivo agreg\u00f3 que el 2022 \u00abfue un a\u00f1o en que las poblaciones alejadas de los centros urbanos como Coyhaique y Ays\u00e9n, por primera vez, en la historia de la salud de la regi\u00f3n, tuvieron acceso a estas tomas de muestras, muchas de ellas son centrifugadas y procesadas en las mismas localidades y luego transportadas manteniendo todas las condiciones de seguridad que requieren para su procesamiento y \u00f3ptimo resultado\u00bb, acot\u00f3.<\/span><\/p>\n<p class=\"v1MsoNormal\" style=\"text-align: justify;\"><span lang=\"ES-CL\">Mientras que para Hern\u00e1n Barrientos, subdirector de Gesti\u00f3n Asistencial del Servicio de Salud, esta estrategia es una sentida demanda de la ciudadan\u00eda \u00abtenemos como centro las personas y nuestro mandato es garantizar el acceso a la salud en todas sus formas, principalmente en los territorios m\u00e1s alejados. En ese sentido, estamos avanzando en APS de nuestra Red, implementando un sistema de muestra de ex\u00e1menes para evitar que nuestra gente se traslade desde sus localidades a centros de salud de mayor complejidad. Esto les ahorra costos de todo tipo, d\u00e1ndoles m\u00e1s dignidad en su atenci\u00f3n de salud\u00bb.<\/span><\/p>\n<\/div><\/section><\/div><div  style='height:50px' class='hr hr-invisible   avia-builder-el-6  el_after_av_one_full  el_before_av_social_share '><span class='hr-inner ' ><span class='hr-inner-style'><\/span><\/span><\/div><\/p>\n<div  class='av-social-sharing-box  avia-builder-el-7  el_after_av_hr  el_before_av_hr  '><div class='av-share-box'><h5 class='av-share-link-description av-no-toc '>Compartir esta noticia<\/h5><ul class='av-share-box-list noLightbox'><li class='av-share-link av-social-link-facebook' ><a target=\"_blank\" aria-label=\"Compartir en Facebook\" href='https:\/\/www.facebook.com\/sharer.php?u=https:\/\/radiorevelacionfm.cl\/?p=26223&#038;t=Toma%20de%20muestras%20en%20Postas%20de%20Salud%20Rural%3A%20Acercando%20la%20salud%20a%20las%20personas' aria-hidden='false' data-av_icon='\ue8f3' data-av_iconfont='entypo-fontello' title='' data-avia-related-tooltip='Compartir en Facebook' rel=\"noopener\"><span class='avia_hidden_link_text'>Compartir en Facebook<\/span><\/a><\/li><li class='av-share-link av-social-link-twitter' ><a target=\"_blank\" aria-label=\"Compartir en Twitter\" href='https:\/\/twitter.com\/share?text=Toma%20de%20muestras%20en%20Postas%20de%20Salud%20Rural%3A%20Acercando%20la%20salud%20a%20las%20personas&#038;url=https:\/\/radiorevelacionfm.cl\/?p=26223' aria-hidden='false' data-av_icon='\ue8f1' data-av_iconfont='entypo-fontello' title='' data-avia-related-tooltip='Compartir en Twitter' rel=\"noopener\"><span class='avia_hidden_link_text'>Compartir en Twitter<\/span><\/a><\/li><li class='av-share-link av-social-link-whatsapp' ><a target=\"_blank\" aria-label=\"Compartir en Whatsapp\" href='https:\/\/api.whatsapp.com\/send?text=https:\/\/radiorevelacionfm.cl\/?p=26223' aria-hidden='false' data-av_icon='\uf232' data-av_iconfont='entypo-fontello' title='' data-avia-related-tooltip='Compartir en Whatsapp' rel=\"noopener\"><span class='avia_hidden_link_text'>Compartir en Whatsapp<\/span><\/a><\/li><li class='av-share-link av-social-link-linkedin' ><a target=\"_blank\" aria-label=\"Compartir en LinkedIn\" href='https:\/\/linkedin.com\/shareArticle?mini=true&#038;title=Toma%20de%20muestras%20en%20Postas%20de%20Salud%20Rural%3A%20Acercando%20la%20salud%20a%20las%20personas&#038;url=https:\/\/radiorevelacionfm.cl\/?p=26223' aria-hidden='false' data-av_icon='\ue8fc' data-av_iconfont='entypo-fontello' title='' data-avia-related-tooltip='Compartir en LinkedIn' rel=\"noopener\"><span class='avia_hidden_link_text'>Compartir en LinkedIn<\/span><\/a><\/li><li class='av-share-link av-social-link-mail' ><a  aria-label=\"Compartir por correo\" href='mailto:?subject=Toma%20de%20muestras%20en%20Postas%20de%20Salud%20Rural%3A%20Acercando%20la%20salud%20a%20las%20personas&#038;body=https:\/\/radiorevelacionfm.cl\/?p=26223' aria-hidden='false' data-av_icon='\ue805' data-av_iconfont='entypo-fontello' title='' data-avia-related-tooltip='Compartir por correo'><span class='avia_hidden_link_text'>Compartir por correo<\/span><\/a><\/li><\/ul><\/div><\/div>\n<div  style='height:50px' class='hr hr-invisible   avia-builder-el-8  el_after_av_social_share  el_before_av_comments_list '><span class='hr-inner ' ><span class='hr-inner-style'><\/span><\/span><\/div>\n<div  class='av-buildercomment  av-blog-meta-html-info-disabled av-blog-meta-tag-disabled  '><\/div>\n","protected":false},"excerpt":{"rendered":"","protected":false},"author":1,"featured_media":26224,"comment_status":"open","ping_status":"open","sticky":false,"template":"","format":"standard","meta":{"footnotes":""},"categories":[46],"tags":[],"class_list":["post-26223","post","type-post","status-publish","format-standard","has-post-thumbnail","hentry","category-salud"],"jetpack_featured_media_url":"https:\/\/radiorevelacionfm.cl\/wp-content\/uploads\/2023\/01\/Toma-de-Muestras-04-1-1.jpeg","_links":{"self":[{"href":"https:\/\/radiorevelacionfm.cl\/index.php?rest_route=\/wp\/v2\/posts\/26223","targetHints":{"allow":["GET"]}}],"collection":[{"href":"https:\/\/radiorevelacionfm.cl\/index.php?rest_route=\/wp\/v2\/posts"}],"about":[{"href":"https:\/\/radiorevelacionfm.cl\/index.php?rest_route=\/wp\/v2\/types\/post"}],"author":[{"embeddable":true,"href":"https:\/\/radiorevelacionfm.cl\/index.php?rest_route=\/wp\/v2\/users\/1"}],"replies":[{"embeddable":true,"href":"https:\/\/radiorevelacionfm.cl\/index.php?rest_route=%2Fwp%2Fv2%2Fcomments&post=26223"}],"version-history":[{"count":2,"href":"https:\/\/radiorevelacionfm.cl\/index.php?rest_route=\/wp\/v2\/posts\/26223\/revisions"}],"predecessor-version":[{"id":26232,"href":"https:\/\/radiorevelacionfm.cl\/index.php?rest_route=\/wp\/v2\/posts\/26223\/revisions\/26232"}],"wp:featuredmedia":[{"embeddable":true,"href":"https:\/\/radiorevelacionfm.cl\/index.php?rest_route=\/wp\/v2\/media\/26224"}],"wp:attachment":[{"href":"https:\/\/radiorevelacionfm.cl\/index.php?rest_route=%2Fwp%2Fv2%2Fmedia&parent=26223"}],"wp:term":[{"taxonomy":"category","embeddable":true,"href":"https:\/\/radiorevelacionfm.cl\/index.php?rest_route=%2Fwp%2Fv2%2Fcategories&post=26223"},{"taxonomy":"post_tag","embeddable":true,"href":"https:\/\/radiorevelacionfm.cl\/index.php?rest_route=%2Fwp%2Fv2%2Ftags&post=26223"}],"curies":[{"name":"wp","href":"https:\/\/api.w.org\/{rel}","templated":true}]}}