{"id":26220,"date":"2023-01-04T18:17:39","date_gmt":"2023-01-04T21:17:39","guid":{"rendered":"https:\/\/radiorevelacionfm.cl\/?p=26220"},"modified":"2023-01-04T18:17:39","modified_gmt":"2023-01-04T21:17:39","slug":"coyhaique-en-prision-preventiva-imputado-por-delito-de-homicidio-contra-joven-de-25-anos","status":"publish","type":"post","link":"https:\/\/radiorevelacionfm.cl\/?p=26220","title":{"rendered":"Coyhaique: en prisi\u00f3n preventiva imputado por delito de homicidio contra joven de 25 a\u00f1os"},"content":{"rendered":"<div class=\"flex_column av_one_full  flex_column_div av-zero-column-padding first  avia-builder-el-0  el_before_av_one_full  avia-builder-el-first  \" style='border-radius:0px; '><div  class='avia-image-container  av-styling-    avia-builder-el-1  avia-builder-el-no-sibling  avia-align-center '  itemprop=\"image\" itemscope=\"itemscope\" itemtype=\"https:\/\/schema.org\/ImageObject\"  ><div class='avia-image-container-inner'><div class='avia-image-overlay-wrap'><img decoding=\"async\" class='wp-image-18858 avia-img-lazy-loading-not-18858 avia_image' src=\"https:\/\/radiorevelacionfm.cl\/wp-content\/uploads\/2022\/07\/Referencial-detenido-PDI-004-1-1-1.jpg\" alt='' title='Referencial detenido PDI 004 (1) (1) (1)' height=\"600\" width=\"900\"  itemprop=\"thumbnailUrl\" srcset=\"https:\/\/radiorevelacionfm.cl\/wp-content\/uploads\/2022\/07\/Referencial-detenido-PDI-004-1-1-1.jpg 900w, https:\/\/radiorevelacionfm.cl\/wp-content\/uploads\/2022\/07\/Referencial-detenido-PDI-004-1-1-1-300x200.jpg 300w, https:\/\/radiorevelacionfm.cl\/wp-content\/uploads\/2022\/07\/Referencial-detenido-PDI-004-1-1-1-768x512.jpg 768w, https:\/\/radiorevelacionfm.cl\/wp-content\/uploads\/2022\/07\/Referencial-detenido-PDI-004-1-1-1-705x470.jpg 705w, https:\/\/radiorevelacionfm.cl\/wp-content\/uploads\/2022\/07\/Referencial-detenido-PDI-004-1-1-1-600x400.jpg 600w\" sizes=\"(max-width: 900px) 100vw, 900px\" \/><\/div><\/div><\/div><\/div><div class=\"flex_column av_one_full  flex_column_div av-zero-column-padding first  avia-builder-el-2  el_after_av_one_full  el_before_av_one_full  column-top-margin\" style='border-radius:0px; '><section class=\"av_textblock_section \"  itemscope=\"itemscope\" itemtype=\"https:\/\/schema.org\/BlogPosting\" itemprop=\"blogPost\" ><div class='avia_textblock  '   itemprop=\"text\" ><p style=\"text-align: center;\"><span style=\"font-size: 18pt;\"><strong>Coyhaique: en prisi\u00f3n preventiva imputado por delito de homicidio contra joven de 25 a\u00f1os<\/strong><\/span><\/p>\n<div id=\"gtx-trans\" style=\"position: absolute; left: -50px; top: 4.31534px;\">\n<div class=\"gtx-trans-icon\"><\/div>\n<\/div>\n<\/div><\/section><\/div><div class=\"flex_column av_one_full  flex_column_div av-zero-column-padding first  avia-builder-el-4  el_after_av_one_full  el_before_av_hr  column-top-margin\" style='border-radius:0px; '><section class=\"av_textblock_section \"  itemscope=\"itemscope\" itemtype=\"https:\/\/schema.org\/BlogPosting\" itemprop=\"blogPost\" ><div class='avia_textblock  '   itemprop=\"text\" ><p style=\"text-align: justify;\">Este lunes 2 de enero, gracias a un trabajo investigativo conjunto entre la Polic\u00eda de Investigaciones de Chile y el Ministerio P\u00fablico, detectives de la Brigada de Homicidios (BH) Coyhaique detuvieron a un imputado por el delito de homicidio, hecho ocurrido la noche del primero de enero en la poblaci\u00f3n Esteros de Ays\u00e9n en la capital regional, cuya v\u00edctima corresponde a una persona de sexo masculino de 25 a\u00f1os.<\/p>\n<p style=\"text-align: justify;\">Tras la audiencia de formalizaci\u00f3n, el imputado qued\u00f3 con la medida cautelar de prisi\u00f3n preventiva y se decret\u00f3 un plazo de investigaci\u00f3n de 90 d\u00edas, seg\u00fan inform\u00f3 el fiscal subrogante, Mat\u00edas Manzano.<\/p>\n<p style=\"text-align: justify;\">El fiscal subrogante de la Fiscal\u00eda Local de Coyhaique, a\u00f1adi\u00f3 que los hechos ocurrieron en horas de la noche del primer d\u00eda de este a\u00f1o. La persona lesionada con arma cortante, fue trasladada hasta la Urgencia del Hospital Regional, donde pese a los esfuerzos m\u00e9dicos, falleci\u00f3.<\/p>\n<p style=\"text-align: justify;\">En la audiencia desarrollada este mi\u00e9rcoles 4 de enero, el fiscal Mat\u00edas Manzano indic\u00f3 que \u201cal imputado se le formularon los cargos por el delito de homicidio simple en grado de desarrollo consumado con participaci\u00f3n en calidad de autor en contra de la v\u00edctima ya fallecida en estas circunstancias\u201d.<\/p>\n<p style=\"text-align: justify;\"><strong>Diligencias<\/strong><\/p>\n<p style=\"text-align: justify;\">Por instrucci\u00f3n de Fiscal\u00eda, detectives de la unidad especializada -junto a peritos del Laboratorio de Criminal\u00edstica Regional- concurrieron hasta el Hospital Regional donde una persona de sexo masculino, mayor de edad y sin identificaci\u00f3n, hab\u00eda ingresado con diversas lesiones cortopunzantes a nivel del t\u00f3rax superior, encontr\u00e1ndose en riesgo vital. Posteriormente, la v\u00edctima falleci\u00f3 mientras era intervenida en el mismo recinto por la gravedad de sus lesiones.<\/p>\n<p style=\"text-align: justify;\">En el lugar, \u201crealizamos el reconocimiento externo del cuerpo para establecer la cantidad y tipo de lesiones, y a qu\u00e9 arma podr\u00eda corresponder la utilizada por el autor o posibles autores del delito\u201d, se\u00f1al\u00f3 el comisario Cristian Castro de la BH Coyhaique.<\/p>\n<p style=\"text-align: justify;\">As\u00ed, tras un exhaustivo trabajo de an\u00e1lisis criminal e inteligencia policial, \u201cnos abocamos a ubicar el sitio de suceso que corresponde al principio de ejecuci\u00f3n, donde hab\u00eda diversas evidencias que logramos levantar, empadronar a testigos y buscar c\u00e1maras de seguridad en el sector para poder respaldar los hechos\u201d, puntualiz\u00f3 el detective.<\/p>\n<p style=\"text-align: justify;\">Sumado a ello, y \u201cluego de reunidos los antecedentes que logramos obtener en base a las diligencias investigativas de levantamiento de evidencia, empadronamiento, entrevista de testigos presenciales del hecho, logramos acreditar la presencia en el sitio de suceso tanto de la v\u00edctima como del victimario, siendo posicionados en el lugar, con eso pudimos acreditar la responsabilidad del autor de las lesiones, generando con ello un informe que nos permiti\u00f3 el sustento legal para solicitar por parte del Ministerio P\u00fablico la orden de detenci\u00f3n contra el imputado, un hombre mayor de edad, quien fue detenido en horas de la tarde de este lunes en la v\u00eda p\u00fablica, siendo puesto a disposici\u00f3n del Juzgado de Garant\u00eda\u201d, a\u00f1adi\u00f3 el oficial policial a cargo de la investigaci\u00f3n.<\/p>\n<p style=\"text-align: justify;\"><strong>Control de detenci\u00f3n y formalizaci\u00f3n<\/strong><\/p>\n<p style=\"text-align: justify;\">Cabe destacar que el imputado fue puesto a disposici\u00f3n del Tribunal para su control de detenci\u00f3n el martes en horas de la ma\u00f1ana. Al respecto, el fiscal subrogante de Coyhaique, Mat\u00edas Manzano, agreg\u00f3 que solicit\u00f3 la ampliaci\u00f3n del plazo de la detenci\u00f3n, debido a que se permanec\u00eda a la espera del resultado de la autopsia por parte del Servicio M\u00e9dico Legal.<\/p>\n<p style=\"text-align: justify;\">Luego de la audiencia de este mi\u00e9rcoles, la detenci\u00f3n fue declarada legal, puntualizando el persecutor que \u201cel Ministerio P\u00fablico solicit\u00f3 la medida cautelar de prisi\u00f3n preventiva respecto del imputado, tomando en particular consideraci\u00f3n que la libertad del imputado constituye un peligro para la sociedad, decret\u00e1ndose dicha medida cautelar por parte del Juzgado de Garant\u00eda de Coyhaique y disponi\u00e9ndose un plazo de investigaci\u00f3n de 90 d\u00edas, plazo durante el cual el Ministerio P\u00fablico junto a la Polic\u00eda Investigaci\u00f3n continuar\u00e1n con el desarrollo de las diligencias investigativas para esclarecer los hechos\u201d.<\/p>\n<\/div><\/section><\/div><div  style='height:50px' class='hr hr-invisible   avia-builder-el-6  el_after_av_one_full  el_before_av_social_share '><span class='hr-inner ' ><span class='hr-inner-style'><\/span><\/span><\/div><\/p>\n<div  class='av-social-sharing-box  avia-builder-el-7  el_after_av_hr  el_before_av_hr  '><div class='av-share-box'><h5 class='av-share-link-description av-no-toc '>Compartir esta noticia<\/h5><ul class='av-share-box-list noLightbox'><li class='av-share-link av-social-link-facebook' ><a target=\"_blank\" aria-label=\"Compartir en Facebook\" href='https:\/\/www.facebook.com\/sharer.php?u=https:\/\/radiorevelacionfm.cl\/?p=26220&#038;t=Coyhaique%3A%20en%20prisi%C3%B3n%20preventiva%20imputado%20por%20delito%20de%20homicidio%20contra%20joven%20de%2025%20a%C3%B1os' aria-hidden='false' data-av_icon='\ue8f3' data-av_iconfont='entypo-fontello' title='' data-avia-related-tooltip='Compartir en Facebook' rel=\"noopener\"><span class='avia_hidden_link_text'>Compartir en Facebook<\/span><\/a><\/li><li class='av-share-link av-social-link-twitter' ><a target=\"_blank\" aria-label=\"Compartir en Twitter\" href='https:\/\/twitter.com\/share?text=Coyhaique%3A%20en%20prisi%C3%B3n%20preventiva%20imputado%20por%20delito%20de%20homicidio%20contra%20joven%20de%2025%20a%C3%B1os&#038;url=https:\/\/radiorevelacionfm.cl\/?p=26220' aria-hidden='false' data-av_icon='\ue8f1' data-av_iconfont='entypo-fontello' title='' data-avia-related-tooltip='Compartir en Twitter' rel=\"noopener\"><span class='avia_hidden_link_text'>Compartir en Twitter<\/span><\/a><\/li><li class='av-share-link av-social-link-whatsapp' ><a target=\"_blank\" aria-label=\"Compartir en Whatsapp\" href='https:\/\/api.whatsapp.com\/send?text=https:\/\/radiorevelacionfm.cl\/?p=26220' aria-hidden='false' data-av_icon='\uf232' data-av_iconfont='entypo-fontello' title='' data-avia-related-tooltip='Compartir en Whatsapp' rel=\"noopener\"><span class='avia_hidden_link_text'>Compartir en Whatsapp<\/span><\/a><\/li><li class='av-share-link av-social-link-linkedin' ><a target=\"_blank\" aria-label=\"Compartir en LinkedIn\" href='https:\/\/linkedin.com\/shareArticle?mini=true&#038;title=Coyhaique%3A%20en%20prisi%C3%B3n%20preventiva%20imputado%20por%20delito%20de%20homicidio%20contra%20joven%20de%2025%20a%C3%B1os&#038;url=https:\/\/radiorevelacionfm.cl\/?p=26220' aria-hidden='false' data-av_icon='\ue8fc' data-av_iconfont='entypo-fontello' title='' data-avia-related-tooltip='Compartir en LinkedIn' rel=\"noopener\"><span class='avia_hidden_link_text'>Compartir en LinkedIn<\/span><\/a><\/li><li class='av-share-link av-social-link-mail' ><a  aria-label=\"Compartir por correo\" href='mailto:?subject=Coyhaique%3A%20en%20prisi%C3%B3n%20preventiva%20imputado%20por%20delito%20de%20homicidio%20contra%20joven%20de%2025%20a%C3%B1os&#038;body=https:\/\/radiorevelacionfm.cl\/?p=26220' aria-hidden='false' data-av_icon='\ue805' data-av_iconfont='entypo-fontello' title='' data-avia-related-tooltip='Compartir por correo'><span class='avia_hidden_link_text'>Compartir por correo<\/span><\/a><\/li><\/ul><\/div><\/div>\n<div  style='height:50px' class='hr hr-invisible   avia-builder-el-8  el_after_av_social_share  el_before_av_comments_list '><span class='hr-inner ' ><span class='hr-inner-style'><\/span><\/span><\/div>\n<div  class='av-buildercomment  av-blog-meta-html-info-disabled av-blog-meta-tag-disabled  '><\/div>\n","protected":false},"excerpt":{"rendered":"","protected":false},"author":1,"featured_media":18858,"comment_status":"open","ping_status":"open","sticky":false,"template":"","format":"standard","meta":{"footnotes":""},"categories":[36],"tags":[],"class_list":["post-26220","post","type-post","status-publish","format-standard","has-post-thumbnail","hentry","category-policial"],"jetpack_featured_media_url":"https:\/\/radiorevelacionfm.cl\/wp-content\/uploads\/2022\/07\/Referencial-detenido-PDI-004-1-1-1.jpg","_links":{"self":[{"href":"https:\/\/radiorevelacionfm.cl\/index.php?rest_route=\/wp\/v2\/posts\/26220","targetHints":{"allow":["GET"]}}],"collection":[{"href":"https:\/\/radiorevelacionfm.cl\/index.php?rest_route=\/wp\/v2\/posts"}],"about":[{"href":"https:\/\/radiorevelacionfm.cl\/index.php?rest_route=\/wp\/v2\/types\/post"}],"author":[{"embeddable":true,"href":"https:\/\/radiorevelacionfm.cl\/index.php?rest_route=\/wp\/v2\/users\/1"}],"replies":[{"embeddable":true,"href":"https:\/\/radiorevelacionfm.cl\/index.php?rest_route=%2Fwp%2Fv2%2Fcomments&post=26220"}],"version-history":[{"count":2,"href":"https:\/\/radiorevelacionfm.cl\/index.php?rest_route=\/wp\/v2\/posts\/26220\/revisions"}],"predecessor-version":[{"id":26222,"href":"https:\/\/radiorevelacionfm.cl\/index.php?rest_route=\/wp\/v2\/posts\/26220\/revisions\/26222"}],"wp:featuredmedia":[{"embeddable":true,"href":"https:\/\/radiorevelacionfm.cl\/index.php?rest_route=\/wp\/v2\/media\/18858"}],"wp:attachment":[{"href":"https:\/\/radiorevelacionfm.cl\/index.php?rest_route=%2Fwp%2Fv2%2Fmedia&parent=26220"}],"wp:term":[{"taxonomy":"category","embeddable":true,"href":"https:\/\/radiorevelacionfm.cl\/index.php?rest_route=%2Fwp%2Fv2%2Fcategories&post=26220"},{"taxonomy":"post_tag","embeddable":true,"href":"https:\/\/radiorevelacionfm.cl\/index.php?rest_route=%2Fwp%2Fv2%2Ftags&post=26220"}],"curies":[{"name":"wp","href":"https:\/\/api.w.org\/{rel}","templated":true}]}}