{"id":26212,"date":"2023-01-04T18:40:01","date_gmt":"2023-01-04T21:40:01","guid":{"rendered":"https:\/\/radiorevelacionfm.cl\/?p=26212"},"modified":"2023-01-04T18:40:01","modified_gmt":"2023-01-04T21:40:01","slug":"ocho-estudiantes-de-aysen-obtuvieron-la-distincion-de-trayectorias-educativas","status":"publish","type":"post","link":"https:\/\/radiorevelacionfm.cl\/?p=26212","title":{"rendered":"Ocho estudiantes de Ays\u00e9n obtuvieron la Distinci\u00f3n de Trayectorias Educativas"},"content":{"rendered":"<div class=\"flex_column av_one_full  flex_column_div av-zero-column-padding first  avia-builder-el-0  el_before_av_one_full  avia-builder-el-first  \" style='border-radius:0px; '><div  class='avia-image-container  av-styling-    avia-builder-el-1  avia-builder-el-no-sibling  avia-align-center '  itemprop=\"image\" itemscope=\"itemscope\" itemtype=\"https:\/\/schema.org\/ImageObject\"  ><div class='avia-image-container-inner'><div class='avia-image-overlay-wrap'><img decoding=\"async\" class='wp-image-26213 avia-img-lazy-loading-not-26213 avia_image' src=\"https:\/\/radiorevelacionfm.cl\/wp-content\/uploads\/2023\/01\/resultados-paes-regional-01-1_optimized.jpg\" alt='' title='resultados-paes-regional-01-(1)_optimized' height=\"600\" width=\"900\"  itemprop=\"thumbnailUrl\" srcset=\"https:\/\/radiorevelacionfm.cl\/wp-content\/uploads\/2023\/01\/resultados-paes-regional-01-1_optimized.jpg 900w, https:\/\/radiorevelacionfm.cl\/wp-content\/uploads\/2023\/01\/resultados-paes-regional-01-1_optimized-300x200.jpg 300w, https:\/\/radiorevelacionfm.cl\/wp-content\/uploads\/2023\/01\/resultados-paes-regional-01-1_optimized-768x512.jpg 768w, https:\/\/radiorevelacionfm.cl\/wp-content\/uploads\/2023\/01\/resultados-paes-regional-01-1_optimized-705x470.jpg 705w, https:\/\/radiorevelacionfm.cl\/wp-content\/uploads\/2023\/01\/resultados-paes-regional-01-1_optimized-600x400.jpg 600w\" sizes=\"(max-width: 900px) 100vw, 900px\" \/><\/div><\/div><\/div><\/div><div class=\"flex_column av_one_full  flex_column_div av-zero-column-padding first  avia-builder-el-2  el_after_av_one_full  el_before_av_one_full  column-top-margin\" style='border-radius:0px; '><section class=\"av_textblock_section \"  itemscope=\"itemscope\" itemtype=\"https:\/\/schema.org\/BlogPosting\" itemprop=\"blogPost\" ><div class='avia_textblock  '   itemprop=\"text\" ><p style=\"text-align: center;\"><strong><span style=\"font-size: 18pt;\">Ocho estudiantes de Ays\u00e9n obtuvieron la Distinci\u00f3n de Trayectorias Educativas <\/span><\/strong><\/p>\n<div id=\"gtx-trans\" style=\"position: absolute; left: -50px; top: 4.31534px;\">\n<div class=\"gtx-trans-icon\"><\/div>\n<\/div>\n<\/div><\/section><\/div><div class=\"flex_column av_one_full  flex_column_div av-zero-column-padding first  avia-builder-el-4  el_after_av_one_full  el_before_av_hr  column-top-margin\" style='border-radius:0px; '><section class=\"av_textblock_section \"  itemscope=\"itemscope\" itemtype=\"https:\/\/schema.org\/BlogPosting\" itemprop=\"blogPost\" ><div class='avia_textblock  '   itemprop=\"text\" ><p class=\"v1MsoNormal\" style=\"text-align: justify;\">El Ministerio de Educaci\u00f3n public\u00f3 el martes 3 de enero, en el portal\u00a0<a href=\"https:\/\/nam02.safelinks.protection.outlook.com\/?url=http%3A%2F%2Fwww.demre.cl%2F&amp;data=05%7C01%7Ccamilo.gomez%40mineduc.cl%7C4c57c8a2e51a4c75e11308daedc74588%7C2e4cfe500580414093874ecde39def60%7C0%7C0%7C638083737476519701%7CUnknown%7CTWFpbGZsb3d8eyJWIjoiMC4wLjAwMDAiLCJQIjoiV2luMzIiLCJBTiI6Ik1haWwiLCJXVCI6Mn0%3D%7C3000%7C%7C%7C&amp;sdata=m3ibMW8rRhtQ2vYqdhHXs7m5ssGqu2LGPuVxsq2GPkE%3D&amp;reserved=0\" target=\"_blank\" rel=\"noopener noreferrer\">www.demre.cl<\/a>, los resultados de la Prueba de Acceso a la Educaci\u00f3n Superior (PAES), evaluaci\u00f3n que debut\u00f3 en noviembre y en la que participaron m\u00e1s de 245 mil personas.<\/p>\n<p class=\"v1MsoNormal\" style=\"text-align: justify;\">Con estos puntajes, las y los estudiantes pueden\u00a0 postular hasta\u00a0 el viernes 6 de enero, a las 13:00 horas, en el portal\u00a0<a href=\"https:\/\/nam02.safelinks.protection.outlook.com\/?url=https%3A%2F%2Facceso.mineduc.cl%2F&amp;data=05%7C01%7Ccamilo.gomez%40mineduc.cl%7C4c57c8a2e51a4c75e11308daedc74588%7C2e4cfe500580414093874ecde39def60%7C0%7C0%7C638083737476519701%7CUnknown%7CTWFpbGZsb3d8eyJWIjoiMC4wLjAwMDAiLCJQIjoiV2luMzIiLCJBTiI6Ik1haWwiLCJXVCI6Mn0%3D%7C3000%7C%7C%7C&amp;sdata=%2FfRGCRd6f%2Bd5GMowpYJ3QIkLxnef5S2bsu%2BqM0x5mDg%3D&amp;reserved=0\" target=\"_blank\" rel=\"noopener noreferrer\">https:\/\/acceso.mineduc.cl\/<\/a>, a alguna de las 45 universidades que son parte del Sistema de Acceso a la Educaci\u00f3n Superior.<\/p>\n<p class=\"v1MsoNormal\" style=\"text-align: justify;\">Las autoridades nacionales informaron que la PAES tuvo una asistencia superior en comparaci\u00f3n a la PDT rendida el a\u00f1o pasado, con dos puntos porcentuales m\u00e1s, en al menos una de las pruebas, llegando al 88% de participaci\u00f3n, lo que refleja un mayor inter\u00e9s por ingresar a la educaci\u00f3n superior.<\/p>\n<p class=\"v1MsoNormal\" style=\"text-align: justify;\">Seg\u00fan los resultados de la PAES, cuyo puntaje tiene una escala que va de 100 a 1.000 puntos, la Prueba de Comprensi\u00f3n Lectura (obligatoria) tuvo un puntaje promedio de 643 puntos, la Prueba de Matem\u00e1tica 1 (obligatoria) tuvo 562 puntos, la Prueba de Matem\u00e1tica 2 (electiva) tuvo 434 puntos, la Prueba de Historia (electiva) tuvo 503 puntos y la Prueba de Ciencias (electiva) tuvo 510 puntos.<\/p>\n<p class=\"v1MsoNormal\" style=\"text-align: justify;\">El ministro de Educaci\u00f3n, Marco Antonio \u00c1vila, dijo que \u201cestamos muy comprometidos como Gobierno a mejorar el proceso de admisi\u00f3n, y una parte fundamental de eso es la nueva prueba PAES, que alinea nuestro curr\u00edculum nacional con las habilidades basales de las distintas \u00e1reas que son evaluadas por este sistema de admisi\u00f3n. Queremos hacer un llamado a las y los j\u00f3venes que participan del proceso para que postulen con tranquilidad e informados. Y les hago una solicitud especial, que es que ojal\u00e1 tengamos un n\u00famero alto de postulantes a pedagog\u00edas, educaci\u00f3n diferencial o educaci\u00f3n parvularia, para aumentar la cifra de docentes en Chile\u201d.<\/p>\n<p class=\"v1MsoNormal\" style=\"text-align: justify;\">Por su parte, la Subsecretaria de Educaci\u00f3n Superior, Ver\u00f3nica Figueroa Huencho, destac\u00f3 que el an\u00e1lisis de los resultados de la PAES arroja que \u201cla implementaci\u00f3n de la Prueba de Invierno es un tremendo avance, porque representa una oportunidad m\u00e1s para rendir la prueba, y encontramos que quienes participan de m\u00e1s instancias de rendici\u00f3n obtienen mejores puntajes. Adem\u00e1s, les recordamos que estos resultados son v\u00e1lidos para proceso 2023 y 2024\u201d.<\/p>\n<p class=\"v1MsoNormal\" style=\"text-align: justify;\"><b>Resultados en Ays\u00e9n<\/b><\/p>\n<p class=\"v1MsoNormal\" style=\"text-align: justify;\">La Seremi de Educaci\u00f3n de Ays\u00e9n, Isabel Garrido Casassa, inform\u00f3 que de los 1860 inscritos para rendir las pruebas asistieron efectivamente 1.557 lo que equivale al 84 por ciento lo que es un porcentaje alto.<\/p>\n<p class=\"v1MsoNormal\" style=\"text-align: justify;\">\u201cEn general los puntajes promedios regionales estuvieron en el mismo rango que el promedio nacional con leves bajas en algunas pruebas y alzas en otras. Respecto a las brechas entre colegios por dependencias en general se mantuvieron bastante estables, no crecieron\u201d,<\/p>\n<p class=\"v1MsoNormal\" style=\"text-align: justify;\"><b>Distinciones a las Trayectorias Educativas\u00a0\u00a0<\/b><\/p>\n<p class=\"v1MsoNormal\" style=\"text-align: justify;\">Este a\u00f1o tambi\u00e9n debutaron las Distinciones a las Trayectorias Educativas (DTE), un reconocimiento que reemplaz\u00f3 a los antiguos Puntajes Nacionales, y que valora el esfuerzo de aquellos estudiantes que obtuvieron un buen resultado seg\u00fan sus propios contextos.<\/p>\n<p class=\"v1MsoNormal\" style=\"text-align: justify;\">En esta primera entrega de los DTE, a nivel nacional se reconoci\u00f3 a 212 estudiantes, quienes recibieron 240 distinciones (algunos tuvieron m\u00e1s de una distinci\u00f3n), en cuatro categor\u00edas: 4 para personas en situaci\u00f3n de discapacidad; 12 para personas pertenecientes a Pueblos Originarios; 21 para personas que destacaron en sus respectivas modalidades de ense\u00f1anza, y 203 para quienes sobresalieron en las regiones y territorios del pa\u00eds, tanto a nivel continental como insular.<\/p>\n<p class=\"v1MsoNormal\" style=\"text-align: justify;\">A nivel regional, la Seremi de Educaci\u00f3n, Isabel Garrido Casassa, junto al Delegado Presidencial Regional, Rodrigo Araya Morales, llamaron personalmente a los j\u00f3venes para felicitarlos en representaci\u00f3n del Gobierno por los resultados y las trayectorias educativas, e invitarlos a un especial desayuno a realizarse el pr\u00f3ximo viernes 6 de enero.<\/p>\n<p class=\"v1MsoNormal\" style=\"text-align: justify;\">\u201cDestacamos 8 estudiantes de las comunas de Ays\u00e9n y Coyhaique.\u00a0Estas\u00a0Distinciones a las Trayectorias Educativas modifican el modo en que el m\u00e9rito ha sido entendido en nuestro sistema de admisi\u00f3n, reconociendo las distintas trayectorias educativas que debe recorrer nuestro estudiantado para participar del sistema de admisi\u00f3n. As\u00ed se cambi\u00f3 el foco del reconocimiento, pasando de primero mirar el puntaje y luego a la persona, a mirar primero a la persona y despu\u00e9s su puntaje. Adem\u00e1s, hemos asegurado el reconocimiento igualitario de mujeres y hombres\u201d, coment\u00f3 Isabel Garrido.<\/p>\n<p class=\"v1MsoNormal\" style=\"text-align: justify;\">Los alumnos destacados por trayectoria son Iv\u00e1n Olavarr\u00eda Asencio, Agust\u00edn Rosas D\u00edaz, Javiera Maldonado Valdebenito y Emiliano Polanco Ochoa, del Liceo San Felipe de Coyhaique; Antonia Varona Ojeda, Renato Chiguay Villegas y Celeste Garc\u00e9s Rojas del Liceo San Jos\u00e9 de Puerto Ays\u00e9n; y Emilia Mansilla Aguilera del Colegio Alianza Austral de Coyhaique.<\/p>\n<p class=\"v1MsoNormal\" style=\"text-align: justify;\"><b>Pr\u00f3ximas fechas<\/b><\/p>\n<p class=\"v1MsoNormal\" style=\"text-align: justify;\">El proceso de postulaci\u00f3n centralizada comenz\u00f3 el martes 3 de enero, a trav\u00e9s de\u00a0<u>acceso.mineduc.cl<\/u>\u00a0y se extender\u00e1 hasta las 13:00 horas del viernes 6 de enero. Las y los postulantes pueden anular y volver a cargar su postulaci\u00f3n durante ese per\u00edodo cuantas veces quieran.<\/p>\n<p class=\"v1MsoNormal\" style=\"text-align: justify;\">Los postulantes pueden se\u00f1alar hasta un m\u00e1ximo de 20 preferencias, lo que deber\u00e1n hacerlo en un estricto orden de preferencias. En virtud de otorgar mayor flexibilidad para este proceso, este a\u00f1o se eliminaron las restricciones de orden y m\u00e1ximo de postulaciones que las universidades ten\u00edan anteriormente.<\/p>\n<p class=\"v1MsoNormal\" style=\"text-align: justify;\">Los resultados de selecci\u00f3n ser\u00e1n publicados el 17 de enero a las 12:00 horas, a partir de lo cual se realizar\u00e1 el primer per\u00edodo de matr\u00edcula entre el 18 y 20 de enero, luego el segundo per\u00edodo de matr\u00edcula entre el 21 y 27 de enero.<\/p>\n<\/div><\/section><\/div><div  style='height:50px' class='hr hr-invisible   avia-builder-el-6  el_after_av_one_full  el_before_av_social_share '><span class='hr-inner ' ><span class='hr-inner-style'><\/span><\/span><\/div><\/p>\n<div  class='av-social-sharing-box  avia-builder-el-7  el_after_av_hr  el_before_av_hr  '><div class='av-share-box'><h5 class='av-share-link-description av-no-toc '>Compartir esta noticia<\/h5><ul class='av-share-box-list noLightbox'><li class='av-share-link av-social-link-facebook' ><a target=\"_blank\" aria-label=\"Compartir en Facebook\" href='https:\/\/www.facebook.com\/sharer.php?u=https:\/\/radiorevelacionfm.cl\/?p=26212&#038;t=Ocho%20estudiantes%20de%20Ays%C3%A9n%20obtuvieron%20la%20Distinci%C3%B3n%20de%20Trayectorias%20Educativas' aria-hidden='false' data-av_icon='\ue8f3' data-av_iconfont='entypo-fontello' title='' data-avia-related-tooltip='Compartir en Facebook' rel=\"noopener\"><span class='avia_hidden_link_text'>Compartir en Facebook<\/span><\/a><\/li><li class='av-share-link av-social-link-twitter' ><a target=\"_blank\" aria-label=\"Compartir en Twitter\" href='https:\/\/twitter.com\/share?text=Ocho%20estudiantes%20de%20Ays%C3%A9n%20obtuvieron%20la%20Distinci%C3%B3n%20de%20Trayectorias%20Educativas&#038;url=https:\/\/radiorevelacionfm.cl\/?p=26212' aria-hidden='false' data-av_icon='\ue8f1' data-av_iconfont='entypo-fontello' title='' data-avia-related-tooltip='Compartir en Twitter' rel=\"noopener\"><span class='avia_hidden_link_text'>Compartir en Twitter<\/span><\/a><\/li><li class='av-share-link av-social-link-whatsapp' ><a target=\"_blank\" aria-label=\"Compartir en Whatsapp\" href='https:\/\/api.whatsapp.com\/send?text=https:\/\/radiorevelacionfm.cl\/?p=26212' aria-hidden='false' data-av_icon='\uf232' data-av_iconfont='entypo-fontello' title='' data-avia-related-tooltip='Compartir en Whatsapp' rel=\"noopener\"><span class='avia_hidden_link_text'>Compartir en Whatsapp<\/span><\/a><\/li><li class='av-share-link av-social-link-linkedin' ><a target=\"_blank\" aria-label=\"Compartir en LinkedIn\" href='https:\/\/linkedin.com\/shareArticle?mini=true&#038;title=Ocho%20estudiantes%20de%20Ays%C3%A9n%20obtuvieron%20la%20Distinci%C3%B3n%20de%20Trayectorias%20Educativas&#038;url=https:\/\/radiorevelacionfm.cl\/?p=26212' aria-hidden='false' data-av_icon='\ue8fc' data-av_iconfont='entypo-fontello' title='' data-avia-related-tooltip='Compartir en LinkedIn' rel=\"noopener\"><span class='avia_hidden_link_text'>Compartir en LinkedIn<\/span><\/a><\/li><li class='av-share-link av-social-link-mail' ><a  aria-label=\"Compartir por correo\" href='mailto:?subject=Ocho%20estudiantes%20de%20Ays%C3%A9n%20obtuvieron%20la%20Distinci%C3%B3n%20de%20Trayectorias%20Educativas&#038;body=https:\/\/radiorevelacionfm.cl\/?p=26212' aria-hidden='false' data-av_icon='\ue805' data-av_iconfont='entypo-fontello' title='' data-avia-related-tooltip='Compartir por correo'><span class='avia_hidden_link_text'>Compartir por correo<\/span><\/a><\/li><\/ul><\/div><\/div>\n<div  style='height:50px' class='hr hr-invisible   avia-builder-el-8  el_after_av_social_share  el_before_av_comments_list '><span class='hr-inner ' ><span class='hr-inner-style'><\/span><\/span><\/div>\n<div  class='av-buildercomment  av-blog-meta-html-info-disabled av-blog-meta-tag-disabled  '><\/div>\n","protected":false},"excerpt":{"rendered":"","protected":false},"author":1,"featured_media":26213,"comment_status":"open","ping_status":"open","sticky":false,"template":"","format":"standard","meta":{"footnotes":""},"categories":[49],"tags":[],"class_list":["post-26212","post","type-post","status-publish","format-standard","has-post-thumbnail","hentry","category-educacion"],"jetpack_featured_media_url":"https:\/\/radiorevelacionfm.cl\/wp-content\/uploads\/2023\/01\/resultados-paes-regional-01-1_optimized.jpg","_links":{"self":[{"href":"https:\/\/radiorevelacionfm.cl\/index.php?rest_route=\/wp\/v2\/posts\/26212","targetHints":{"allow":["GET"]}}],"collection":[{"href":"https:\/\/radiorevelacionfm.cl\/index.php?rest_route=\/wp\/v2\/posts"}],"about":[{"href":"https:\/\/radiorevelacionfm.cl\/index.php?rest_route=\/wp\/v2\/types\/post"}],"author":[{"embeddable":true,"href":"https:\/\/radiorevelacionfm.cl\/index.php?rest_route=\/wp\/v2\/users\/1"}],"replies":[{"embeddable":true,"href":"https:\/\/radiorevelacionfm.cl\/index.php?rest_route=%2Fwp%2Fv2%2Fcomments&post=26212"}],"version-history":[{"count":2,"href":"https:\/\/radiorevelacionfm.cl\/index.php?rest_route=\/wp\/v2\/posts\/26212\/revisions"}],"predecessor-version":[{"id":26229,"href":"https:\/\/radiorevelacionfm.cl\/index.php?rest_route=\/wp\/v2\/posts\/26212\/revisions\/26229"}],"wp:featuredmedia":[{"embeddable":true,"href":"https:\/\/radiorevelacionfm.cl\/index.php?rest_route=\/wp\/v2\/media\/26213"}],"wp:attachment":[{"href":"https:\/\/radiorevelacionfm.cl\/index.php?rest_route=%2Fwp%2Fv2%2Fmedia&parent=26212"}],"wp:term":[{"taxonomy":"category","embeddable":true,"href":"https:\/\/radiorevelacionfm.cl\/index.php?rest_route=%2Fwp%2Fv2%2Fcategories&post=26212"},{"taxonomy":"post_tag","embeddable":true,"href":"https:\/\/radiorevelacionfm.cl\/index.php?rest_route=%2Fwp%2Fv2%2Ftags&post=26212"}],"curies":[{"name":"wp","href":"https:\/\/api.w.org\/{rel}","templated":true}]}}