{"id":2620,"date":"2021-02-15T16:22:11","date_gmt":"2021-02-15T19:22:11","guid":{"rendered":"https:\/\/radiorevelacionfm.cl\/?p=2620"},"modified":"2021-02-16T19:38:06","modified_gmt":"2021-02-16T22:38:06","slug":"con-granja-educativa-impulsan-la-soberania-alimentaria-en-chile-chico","status":"publish","type":"post","link":"https:\/\/radiorevelacionfm.cl\/?p=2620","title":{"rendered":"Con Granja Educativa impulsan la soberan\u00eda alimentaria en Chile Chico"},"content":{"rendered":"<div class=\"flex_column av_one_full  flex_column_div av-zero-column-padding first  avia-builder-el-0  el_before_av_one_full  avia-builder-el-first  \" style='border-radius:0px; '><div  class='avia-image-container  av-styling-    avia-builder-el-1  avia-builder-el-no-sibling  avia-align-center '  itemprop=\"image\" itemscope=\"itemscope\" itemtype=\"https:\/\/schema.org\/ImageObject\"  ><div class='avia-image-container-inner'><div class='avia-image-overlay-wrap'><img decoding=\"async\" class='wp-image-0 avia-img-lazy-loading-not-0 avia_image' src=\"https:\/\/radiorevelacionfm.cl\/wp-content\/uploads\/2021\/02\/GRANJA-EDUCATIVA-CHCH-18-2-1.jpg\" alt='' title=''   itemprop=\"thumbnailUrl\"  \/><\/div><\/div><\/div><\/div><div class=\"flex_column av_one_full  flex_column_div av-zero-column-padding first  avia-builder-el-2  el_after_av_one_full  el_before_av_one_full  column-top-margin\" style='border-radius:0px; '><section class=\"av_textblock_section \"  itemscope=\"itemscope\" itemtype=\"https:\/\/schema.org\/BlogPosting\" itemprop=\"blogPost\" ><div class='avia_textblock  '   itemprop=\"text\" ><p style=\"text-align: center;\"><span style=\"font-size: 18pt;\"><strong>Con Granja Educativa impulsan la soberan\u00eda alimentaria en Chile Chico <\/strong><\/span><\/p>\n<div id=\"gtx-trans\" style=\"position: absolute; left: -50px; top: 4.31534px;\">\n<div class=\"gtx-trans-icon\"><\/div>\n<\/div>\n<\/div><\/section><\/div><\/p>\n<div class=\"flex_column av_one_full  flex_column_div av-zero-column-padding first  avia-builder-el-4  el_after_av_one_full  el_before_av_hr  column-top-margin\" style='border-radius:0px; '><section class=\"av_textblock_section \"  itemscope=\"itemscope\" itemtype=\"https:\/\/schema.org\/BlogPosting\" itemprop=\"blogPost\" ><div class='avia_textblock  '   itemprop=\"text\" ><p style=\"text-align: justify;\">Desde los ni\u00f1os hasta los adultos mayores fueron parte del taller, el que finaliz\u00f3 con la cosecha de berenjenas, pepinos y habas. Adem\u00e1s, se inici\u00f3 la plantaci\u00f3n experimental de azafr\u00e1n.<\/p>\n<p style=\"text-align: justify;\">En la administraci\u00f3n del Alcalde Ricardo Ibarra se crea la \u201cGranja Educativa Municipal\u201d, una zona experimental donde se busca trabajar la tierra y ense\u00f1ar tal cual se hace en una sala de clases, pero aqu\u00ed de una manera cien por ciento practica y aprovechando los beneficios clim\u00e1ticos que posee Chile Chico para cultivar una amplia variedad de frutas y verduras.<\/p>\n<p style=\"text-align: justify;\">El Departamento de Educaci\u00f3n Municipal, la Escuela B\u00e1sica de Chile Chico y las \u00e1reas de Medio Ambiento junto a Prodesal, trabajan mancomunadamente en base a los lineamientos instruidos por la m\u00e1xima autoridad comunal, respecto a potenciar el mensaje de la soberan\u00eda alimentaria en la zona que busca recuperar el nombre de \u201cel vergel de la Patagonia\u201d.<\/p>\n<p style=\"text-align: justify;\">Quienes est\u00e1n a cargo de la \u201cGranja Educativa Municipal\u201d, organizaron una jornada taller y una actividad practica de cosecha, donde ni\u00f1os, j\u00f3venes, adultos y adultos mayores interactuaron, compartieron conocimientos y concordaron en lo importante del trabajo de la tierra. Luzmenia Mansilla, jefa t\u00e9cnica de Prodesal Chile Chico, realiz\u00f3 un positivo balance de la iniciativa.<\/p>\n<p style=\"text-align: justify;\">\u201cTuvimos usuarios de Prodesal invitados ac\u00e1, productores hort\u00edcolas que vinieron a participar de esta actividad, como as\u00ed tambi\u00e9n los ni\u00f1os y adultos mayores. Fue una jornada muy productiva, hubo muchas preguntas, mucho inter\u00e9s en lo que es la producci\u00f3n de estos cultivos que son generalmente de zonas tropicales como es la berenjena, la sand\u00eda y el mel\u00f3n, tambi\u00e9n el cultivo de azafr\u00e1n, que se est\u00e1 probando como unidad demostrativa para una futura producci\u00f3n local en nuestra comuna, de acuerdo a las condiciones agroclim\u00e1ticas y de microclima con las que contamos en la zona\u201d.<\/p>\n<p style=\"text-align: justify;\">Paz D\u00edaz, es una de las ni\u00f1as que est\u00e1 participando del taller de \u201chuerto escolar\u201d, mediante el \u00e1rea extra escolar del Daem y se mostr\u00f3 feliz de haber conocido la experiencia de la \u201cGranja Educativa Municipal\u201d, sobre todo qued\u00f3 sorprendida con la producci\u00f3n de berenjenas. \u201cMe ha sorprendido el tama\u00f1o de las frutas y verduras que hay aqu\u00ed, como es el caso de las berenjenas. En cuanto a la jornada, me pareci\u00f3 excelente, aprend\u00ed cosas nuevas y me parece muy bien. La producci\u00f3n de frutas y verduras es muy importante para la salud, as\u00ed nos hacemos m\u00e1s fuertes y grande como todos dicen\u201d.<\/p>\n<p style=\"text-align: justify;\">Jaime Maripillan es un ex profesor de Chile Chico que ha tenido varias experiencias en lo educativo y familiar en torno a la soberan\u00eda alimentaria y cree que la \u201cGranja Educativa Municipal\u201d es algo \u201cextraordinario\u201d. \u201cYo lo encuentro extraordinario tener una granja educativa, porque aqu\u00ed hay mucha gente que sabe y le gusta cultivar, pero hoy me gusta mucho mas esto, porque est\u00e1 haciendo hincapi\u00e9 y fomentando en los ni\u00f1os, tambi\u00e9n los adultos mayores. Ellos son lo de la experiencia, yo creo que esta mezcla va a resultar realmente bueno y espero que esta granja sea muy productiva y llegue gente de diversas edades\u201d.<\/p>\n<p style=\"text-align: justify;\">Para el Alcalde Ricardo Ibarra, la idea de este proyecto es que la comunidad pueda conocer experiencias, aprender los detalles de c\u00f3mo cultivar la tierra, que se puede sembrar y el proceso que hay que desarrollar, todo con el fin de volver a la \u00e9poca cuando las familias produc\u00edan sus propios alimentos sanos y org\u00e1nicos. Adem\u00e1s, una vez que se haya superado la pandemia, la idea es que ni\u00f1os y familias de distintos puntos de la comuna de Chile Chico visiten la granja educativa municipal, participen en talleres y en la cosecha de los productos tal como ocurri\u00f3 en esta oportunidad.<\/p>\n<\/div><\/section><\/div>\n<div  style='height:50px' class='hr hr-invisible   avia-builder-el-6  el_after_av_one_full  el_before_av_social_share '><span class='hr-inner ' ><span class='hr-inner-style'><\/span><\/span><\/div>\n<div  class='av-social-sharing-box  avia-builder-el-7  el_after_av_hr  el_before_av_hr  '><div class='av-share-box'><h5 class='av-share-link-description av-no-toc '>Compartir esta noticia<\/h5><ul class='av-share-box-list noLightbox'><li class='av-share-link av-social-link-facebook' ><a target=\"_blank\" aria-label=\"Compartir en Facebook\" href='https:\/\/www.facebook.com\/sharer.php?u=https:\/\/radiorevelacionfm.cl\/?p=2620&#038;t=Con%20Granja%20Educativa%20impulsan%20la%20soberan%C3%ADa%20alimentaria%20en%20Chile%20Chico' aria-hidden='false' data-av_icon='\ue8f3' data-av_iconfont='entypo-fontello' title='' data-avia-related-tooltip='Compartir en Facebook' rel=\"noopener\"><span class='avia_hidden_link_text'>Compartir en Facebook<\/span><\/a><\/li><li class='av-share-link av-social-link-twitter' ><a target=\"_blank\" aria-label=\"Compartir en Twitter\" href='https:\/\/twitter.com\/share?text=Con%20Granja%20Educativa%20impulsan%20la%20soberan%C3%ADa%20alimentaria%20en%20Chile%20Chico&#038;url=https:\/\/radiorevelacionfm.cl\/?p=2620' aria-hidden='false' data-av_icon='\ue8f1' data-av_iconfont='entypo-fontello' title='' data-avia-related-tooltip='Compartir en Twitter' rel=\"noopener\"><span class='avia_hidden_link_text'>Compartir en Twitter<\/span><\/a><\/li><li class='av-share-link av-social-link-whatsapp' ><a target=\"_blank\" aria-label=\"Compartir en Whatsapp\" href='https:\/\/api.whatsapp.com\/send?text=https:\/\/radiorevelacionfm.cl\/?p=2620' aria-hidden='false' data-av_icon='\uf232' data-av_iconfont='entypo-fontello' title='' data-avia-related-tooltip='Compartir en Whatsapp' rel=\"noopener\"><span class='avia_hidden_link_text'>Compartir en Whatsapp<\/span><\/a><\/li><li class='av-share-link av-social-link-linkedin' ><a target=\"_blank\" aria-label=\"Compartir en LinkedIn\" href='https:\/\/linkedin.com\/shareArticle?mini=true&#038;title=Con%20Granja%20Educativa%20impulsan%20la%20soberan%C3%ADa%20alimentaria%20en%20Chile%20Chico&#038;url=https:\/\/radiorevelacionfm.cl\/?p=2620' aria-hidden='false' data-av_icon='\ue8fc' data-av_iconfont='entypo-fontello' title='' data-avia-related-tooltip='Compartir en LinkedIn' rel=\"noopener\"><span class='avia_hidden_link_text'>Compartir en LinkedIn<\/span><\/a><\/li><li class='av-share-link av-social-link-mail' ><a  aria-label=\"Compartir por correo\" href='mailto:?subject=Con%20Granja%20Educativa%20impulsan%20la%20soberan%C3%ADa%20alimentaria%20en%20Chile%20Chico&#038;body=https:\/\/radiorevelacionfm.cl\/?p=2620' aria-hidden='false' data-av_icon='\ue805' data-av_iconfont='entypo-fontello' title='' data-avia-related-tooltip='Compartir por correo'><span class='avia_hidden_link_text'>Compartir por correo<\/span><\/a><\/li><\/ul><\/div><\/div>\n<div  style='height:50px' class='hr hr-invisible   avia-builder-el-8  el_after_av_social_share  el_before_av_comments_list '><span class='hr-inner ' ><span class='hr-inner-style'><\/span><\/span><\/div>\n<div  class='av-buildercomment  av-blog-meta-html-info-disabled av-blog-meta-tag-disabled  '><\/div>\n","protected":false},"excerpt":{"rendered":"","protected":false},"author":1,"featured_media":0,"comment_status":"open","ping_status":"open","sticky":false,"template":"","format":"standard","meta":{"footnotes":""},"categories":[38],"tags":[],"class_list":["post-2620","post","type-post","status-publish","format-standard","hentry","category-regional"],"jetpack_featured_media_url":"","_links":{"self":[{"href":"https:\/\/radiorevelacionfm.cl\/index.php?rest_route=\/wp\/v2\/posts\/2620","targetHints":{"allow":["GET"]}}],"collection":[{"href":"https:\/\/radiorevelacionfm.cl\/index.php?rest_route=\/wp\/v2\/posts"}],"about":[{"href":"https:\/\/radiorevelacionfm.cl\/index.php?rest_route=\/wp\/v2\/types\/post"}],"author":[{"embeddable":true,"href":"https:\/\/radiorevelacionfm.cl\/index.php?rest_route=\/wp\/v2\/users\/1"}],"replies":[{"embeddable":true,"href":"https:\/\/radiorevelacionfm.cl\/index.php?rest_route=%2Fwp%2Fv2%2Fcomments&post=2620"}],"version-history":[{"count":3,"href":"https:\/\/radiorevelacionfm.cl\/index.php?rest_route=\/wp\/v2\/posts\/2620\/revisions"}],"predecessor-version":[{"id":2683,"href":"https:\/\/radiorevelacionfm.cl\/index.php?rest_route=\/wp\/v2\/posts\/2620\/revisions\/2683"}],"wp:attachment":[{"href":"https:\/\/radiorevelacionfm.cl\/index.php?rest_route=%2Fwp%2Fv2%2Fmedia&parent=2620"}],"wp:term":[{"taxonomy":"category","embeddable":true,"href":"https:\/\/radiorevelacionfm.cl\/index.php?rest_route=%2Fwp%2Fv2%2Fcategories&post=2620"},{"taxonomy":"post_tag","embeddable":true,"href":"https:\/\/radiorevelacionfm.cl\/index.php?rest_route=%2Fwp%2Fv2%2Ftags&post=2620"}],"curies":[{"name":"wp","href":"https:\/\/api.w.org\/{rel}","templated":true}]}}