{"id":26198,"date":"2023-01-04T12:50:52","date_gmt":"2023-01-04T15:50:52","guid":{"rendered":"https:\/\/radiorevelacionfm.cl\/?p=26198"},"modified":"2023-01-04T12:50:52","modified_gmt":"2023-01-04T15:50:52","slug":"tras-planificacion-conjunta-con-alcaldes-consejo-del-gobierno-regional-aprueba-de-manera-unanime-presupuesto-2023","status":"publish","type":"post","link":"https:\/\/radiorevelacionfm.cl\/?p=26198","title":{"rendered":"Tras planificaci\u00f3n conjunta con alcaldes: Consejo del Gobierno Regional aprueba de manera un\u00e1nime Presupuesto 2023"},"content":{"rendered":"<div class=\"flex_column av_one_full  flex_column_div av-zero-column-padding first  avia-builder-el-0  el_before_av_one_full  avia-builder-el-first  \" style='border-radius:0px; '><div  class='avia-image-container  av-styling-    avia-builder-el-1  avia-builder-el-no-sibling  avia-align-center '  itemprop=\"image\" itemscope=\"itemscope\" itemtype=\"https:\/\/schema.org\/ImageObject\"  ><div class='avia-image-container-inner'><div class='avia-image-overlay-wrap'><img decoding=\"async\" class='wp-image-26199 avia-img-lazy-loading-not-26199 avia_image' src=\"https:\/\/radiorevelacionfm.cl\/wp-content\/uploads\/2023\/01\/plenario-archivo-2-1.jpeg\" alt='' title='plenario archivo 2 (1)' height=\"615\" width=\"1022\"  itemprop=\"thumbnailUrl\" srcset=\"https:\/\/radiorevelacionfm.cl\/wp-content\/uploads\/2023\/01\/plenario-archivo-2-1.jpeg 1022w, https:\/\/radiorevelacionfm.cl\/wp-content\/uploads\/2023\/01\/plenario-archivo-2-1-300x181.jpeg 300w, https:\/\/radiorevelacionfm.cl\/wp-content\/uploads\/2023\/01\/plenario-archivo-2-1-768x462.jpeg 768w, https:\/\/radiorevelacionfm.cl\/wp-content\/uploads\/2023\/01\/plenario-archivo-2-1-705x424.jpeg 705w, https:\/\/radiorevelacionfm.cl\/wp-content\/uploads\/2023\/01\/plenario-archivo-2-1-600x361.jpeg 600w\" sizes=\"(max-width: 1022px) 100vw, 1022px\" \/><\/div><\/div><\/div><\/div><div class=\"flex_column av_one_full  flex_column_div av-zero-column-padding first  avia-builder-el-2  el_after_av_one_full  el_before_av_one_full  column-top-margin\" style='border-radius:0px; '><section class=\"av_textblock_section \"  itemscope=\"itemscope\" itemtype=\"https:\/\/schema.org\/BlogPosting\" itemprop=\"blogPost\" ><div class='avia_textblock  '   itemprop=\"text\" ><p style=\"text-align: center;\"><strong><span style=\"font-size: 18pt;\">Tras planificaci\u00f3n conjunta con alcaldes: Consejo del Gobierno Regional aprueba de manera un\u00e1nime Presupuesto 2023<\/span><\/strong><\/p>\n<div id=\"gtx-trans\" style=\"position: absolute; left: -50px; top: 4.31534px;\">\n<div class=\"gtx-trans-icon\"><\/div>\n<\/div>\n<\/div><\/section><\/div><div class=\"flex_column av_one_full  flex_column_div av-zero-column-padding first  avia-builder-el-4  el_after_av_one_full  el_before_av_hr  column-top-margin\" style='border-radius:0px; '><section class=\"av_textblock_section \"  itemscope=\"itemscope\" itemtype=\"https:\/\/schema.org\/BlogPosting\" itemprop=\"blogPost\" ><div class='avia_textblock  '   itemprop=\"text\" ><p style=\"text-align: justify;\">En una sesi\u00f3n extraordinaria llevada a cabo de manera telem\u00e1tica, el Pleno del Consejo Regional de Ays\u00e9n aprob\u00f3 por la totalidad de sus miembros el presupuesto de inversi\u00f3n del Gobierno Regional para el pr\u00f3ximo a\u00f1o, por un monto que asciende a $M 70.734.142, un 2,8% m\u00e1s que el financiamiento otorgado para 2022 ($M 68.785.628).<\/p>\n<p style=\"text-align: justify;\">Esta adici\u00f3n a la capacidad de inversi\u00f3n se enmarca en una nueva estructura presupuestaria que mejora los procesos administrativos que desafiaron la ejecuci\u00f3n de los Gobiernos Regionales en a\u00f1os anteriores, reconociendo la autonom\u00eda pol\u00edtica e institucional del Ejecutivo de Ays\u00e9n.<\/p>\n<p style=\"text-align: justify;\">Sin embargo, el administrador regional, Erik Adio, precis\u00f3 que \u201csi bien nuestro presupuesto aumenta en un 2,8%, hemos decidido en el caso de los municipios ajustar en un 13,5%, correspondiente al IPC acumulado. Esto, en relaci\u00f3n a lo ejecutado en subsidios para \u00e1reas verdes, alcantarillado, gesti\u00f3n de residuos y electrificaci\u00f3n, entre otros. Entendemos que el costo de vida ha subido y este beneficio le llega directamente a las personas\u201d.<\/p>\n<p style=\"text-align: justify;\">Adem\u00e1s de lo anterior, el presupuesto de funcionamiento del Gobierno Regional tambi\u00e9n aument\u00f3 significativamente (23,07%). Este incremento permite a la instituci\u00f3n completar sus dotaciones y crecer en personal para enfrentar nuevas competencias y desaf\u00edos de la gesti\u00f3n.<\/p>\n<p style=\"text-align: justify;\">Aun cuando la cantidad de recursos destinados a los Gobiernos Regionales se determinan a nivel central, es la institucionalidad regional la que define un programa de inversi\u00f3n para el presupuesto anual. Es decir, dar un estimado cu\u00e1ndo y en qu\u00e9 se ocupar\u00e1n los fondos disponibles. Y es justamente esta planificaci\u00f3n la que debe ser aprobada por el Pleno del Consejo.<\/p>\n<p style=\"text-align: justify;\">\u201cNos sentimos muy contentos con la sensaci\u00f3n del deber cumplido, toda vez que se realiz\u00f3 un trabajo previo para poder avanzar en la aprobaci\u00f3n de nuestra regi\u00f3n para el a\u00f1o 2023, lo cu\u00e1l se consigui\u00f3 de manera un\u00e1nime gracias al voto favorable de las consejeras y consejeros. En ese sentido, quiero destacar el trabajo realizado por los equipos t\u00e9cnicos, pero tambi\u00e9n todo el trabajo participativo que se ha hecho con los municipios, y que ha permitido conducir hacia d\u00f3nde vamos a llevar la inversi\u00f3n este a\u00f1o, priorizando siempre las necesidades que se levantan desde los propios territorios\u201d, sostuvo la Gobernadora Regional de Ays\u00e9n, Andrea Mac\u00edas Palma.<\/p>\n<p style=\"text-align: justify;\">En efecto, durante el mes de diciembre los diez alcaldes de la regi\u00f3n fueron citados a las oficinas del Gobierno Regional para reunirse con el administrador regional, con miembros del equipo t\u00e9cnico del Gobierno Regional y con consejeros y consejeras de la Comisi\u00f3n de Presupuesto e Inversiones, con el objetivo de planificar una inversi\u00f3n para este a\u00f1o con un enfoque municipal.<\/p>\n<p style=\"text-align: justify;\">\u201cDesde el Consejo Regional de Ays\u00e9n estamos muy contentos y esperanzados porque aprobamos de forma un\u00e1nime el Presupuesto 2023, que tiene un foco importante en los municipios porque entendemos que son la puerta de entrada para vecinos y vecinas de esta regi\u00f3n que es tan extensa\u201d, explic\u00f3 Paula Acu\u00f1a, Consejera Regional de Coyhaique y presidenta de la Comisi\u00f3n de Presupuesto e Inversiones.<\/p>\n<\/div><\/section><\/div><div  style='height:50px' class='hr hr-invisible   avia-builder-el-6  el_after_av_one_full  el_before_av_social_share '><span class='hr-inner ' ><span class='hr-inner-style'><\/span><\/span><\/div><\/p>\n<div  class='av-social-sharing-box  avia-builder-el-7  el_after_av_hr  el_before_av_hr  '><div class='av-share-box'><h5 class='av-share-link-description av-no-toc '>Compartir esta noticia<\/h5><ul class='av-share-box-list noLightbox'><li class='av-share-link av-social-link-facebook' ><a target=\"_blank\" aria-label=\"Compartir en Facebook\" href='https:\/\/www.facebook.com\/sharer.php?u=https:\/\/radiorevelacionfm.cl\/?p=26198&#038;t=Tras%20planificaci%C3%B3n%20conjunta%20con%20alcaldes%3A%20Consejo%20del%20Gobierno%20Regional%20aprueba%20de%20manera%20un%C3%A1nime%20Presupuesto%202023' aria-hidden='false' data-av_icon='\ue8f3' data-av_iconfont='entypo-fontello' title='' data-avia-related-tooltip='Compartir en Facebook' rel=\"noopener\"><span class='avia_hidden_link_text'>Compartir en Facebook<\/span><\/a><\/li><li class='av-share-link av-social-link-twitter' ><a target=\"_blank\" aria-label=\"Compartir en Twitter\" href='https:\/\/twitter.com\/share?text=Tras%20planificaci%C3%B3n%20conjunta%20con%20alcaldes%3A%20Consejo%20del%20Gobierno%20Regional%20aprueba%20de%20manera%20un%C3%A1nime%20Presupuesto%202023&#038;url=https:\/\/radiorevelacionfm.cl\/?p=26198' aria-hidden='false' data-av_icon='\ue8f1' data-av_iconfont='entypo-fontello' title='' data-avia-related-tooltip='Compartir en Twitter' rel=\"noopener\"><span class='avia_hidden_link_text'>Compartir en Twitter<\/span><\/a><\/li><li class='av-share-link av-social-link-whatsapp' ><a target=\"_blank\" aria-label=\"Compartir en Whatsapp\" href='https:\/\/api.whatsapp.com\/send?text=https:\/\/radiorevelacionfm.cl\/?p=26198' aria-hidden='false' data-av_icon='\uf232' data-av_iconfont='entypo-fontello' title='' data-avia-related-tooltip='Compartir en Whatsapp' rel=\"noopener\"><span class='avia_hidden_link_text'>Compartir en Whatsapp<\/span><\/a><\/li><li class='av-share-link av-social-link-linkedin' ><a target=\"_blank\" aria-label=\"Compartir en LinkedIn\" href='https:\/\/linkedin.com\/shareArticle?mini=true&#038;title=Tras%20planificaci%C3%B3n%20conjunta%20con%20alcaldes%3A%20Consejo%20del%20Gobierno%20Regional%20aprueba%20de%20manera%20un%C3%A1nime%20Presupuesto%202023&#038;url=https:\/\/radiorevelacionfm.cl\/?p=26198' aria-hidden='false' data-av_icon='\ue8fc' data-av_iconfont='entypo-fontello' title='' data-avia-related-tooltip='Compartir en LinkedIn' rel=\"noopener\"><span class='avia_hidden_link_text'>Compartir en LinkedIn<\/span><\/a><\/li><li class='av-share-link av-social-link-mail' ><a  aria-label=\"Compartir por correo\" href='mailto:?subject=Tras%20planificaci%C3%B3n%20conjunta%20con%20alcaldes%3A%20Consejo%20del%20Gobierno%20Regional%20aprueba%20de%20manera%20un%C3%A1nime%20Presupuesto%202023&#038;body=https:\/\/radiorevelacionfm.cl\/?p=26198' aria-hidden='false' data-av_icon='\ue805' data-av_iconfont='entypo-fontello' title='' data-avia-related-tooltip='Compartir por correo'><span class='avia_hidden_link_text'>Compartir por correo<\/span><\/a><\/li><\/ul><\/div><\/div>\n<div  style='height:50px' class='hr hr-invisible   avia-builder-el-8  el_after_av_social_share  el_before_av_comments_list '><span class='hr-inner ' ><span class='hr-inner-style'><\/span><\/span><\/div>\n<div  class='av-buildercomment  av-blog-meta-html-info-disabled av-blog-meta-tag-disabled  '><\/div>\n","protected":false},"excerpt":{"rendered":"","protected":false},"author":1,"featured_media":26199,"comment_status":"open","ping_status":"open","sticky":false,"template":"","format":"standard","meta":{"footnotes":""},"categories":[38],"tags":[],"class_list":["post-26198","post","type-post","status-publish","format-standard","has-post-thumbnail","hentry","category-regional"],"jetpack_featured_media_url":"https:\/\/radiorevelacionfm.cl\/wp-content\/uploads\/2023\/01\/plenario-archivo-2-1.jpeg","_links":{"self":[{"href":"https:\/\/radiorevelacionfm.cl\/index.php?rest_route=\/wp\/v2\/posts\/26198","targetHints":{"allow":["GET"]}}],"collection":[{"href":"https:\/\/radiorevelacionfm.cl\/index.php?rest_route=\/wp\/v2\/posts"}],"about":[{"href":"https:\/\/radiorevelacionfm.cl\/index.php?rest_route=\/wp\/v2\/types\/post"}],"author":[{"embeddable":true,"href":"https:\/\/radiorevelacionfm.cl\/index.php?rest_route=\/wp\/v2\/users\/1"}],"replies":[{"embeddable":true,"href":"https:\/\/radiorevelacionfm.cl\/index.php?rest_route=%2Fwp%2Fv2%2Fcomments&post=26198"}],"version-history":[{"count":2,"href":"https:\/\/radiorevelacionfm.cl\/index.php?rest_route=\/wp\/v2\/posts\/26198\/revisions"}],"predecessor-version":[{"id":26201,"href":"https:\/\/radiorevelacionfm.cl\/index.php?rest_route=\/wp\/v2\/posts\/26198\/revisions\/26201"}],"wp:featuredmedia":[{"embeddable":true,"href":"https:\/\/radiorevelacionfm.cl\/index.php?rest_route=\/wp\/v2\/media\/26199"}],"wp:attachment":[{"href":"https:\/\/radiorevelacionfm.cl\/index.php?rest_route=%2Fwp%2Fv2%2Fmedia&parent=26198"}],"wp:term":[{"taxonomy":"category","embeddable":true,"href":"https:\/\/radiorevelacionfm.cl\/index.php?rest_route=%2Fwp%2Fv2%2Fcategories&post=26198"},{"taxonomy":"post_tag","embeddable":true,"href":"https:\/\/radiorevelacionfm.cl\/index.php?rest_route=%2Fwp%2Fv2%2Ftags&post=26198"}],"curies":[{"name":"wp","href":"https:\/\/api.w.org\/{rel}","templated":true}]}}