{"id":26194,"date":"2023-01-04T12:18:45","date_gmt":"2023-01-04T15:18:45","guid":{"rendered":"https:\/\/radiorevelacionfm.cl\/?p=26194"},"modified":"2023-01-04T12:18:45","modified_gmt":"2023-01-04T15:18:45","slug":"programa-pace-uaysen-realizo-jornada-con-comunidades-educativas-de-la-region","status":"publish","type":"post","link":"https:\/\/radiorevelacionfm.cl\/?p=26194","title":{"rendered":"Programa PACE UAys\u00e9n realiz\u00f3 jornada con comunidades educativas de la regi\u00f3n"},"content":{"rendered":"<div class=\"flex_column av_one_full  flex_column_div av-zero-column-padding first  avia-builder-el-0  el_before_av_one_full  avia-builder-el-first  \" style='border-radius:0px; '><div  class='avia-image-container  av-styling-    avia-builder-el-1  avia-builder-el-no-sibling  avia-align-center '  itemprop=\"image\" itemscope=\"itemscope\" itemtype=\"https:\/\/schema.org\/ImageObject\"  ><div class='avia-image-container-inner'><div class='avia-image-overlay-wrap'><img decoding=\"async\" class='wp-image-26195 avia-img-lazy-loading-not-26195 avia_image' src=\"https:\/\/radiorevelacionfm.cl\/wp-content\/uploads\/2023\/01\/img_8196-1_optimized-1.jpg\" alt='' title='img_8196-(1)_optimized (1)' height=\"600\" width=\"800\"  itemprop=\"thumbnailUrl\" srcset=\"https:\/\/radiorevelacionfm.cl\/wp-content\/uploads\/2023\/01\/img_8196-1_optimized-1.jpg 800w, https:\/\/radiorevelacionfm.cl\/wp-content\/uploads\/2023\/01\/img_8196-1_optimized-1-300x225.jpg 300w, https:\/\/radiorevelacionfm.cl\/wp-content\/uploads\/2023\/01\/img_8196-1_optimized-1-768x576.jpg 768w, https:\/\/radiorevelacionfm.cl\/wp-content\/uploads\/2023\/01\/img_8196-1_optimized-1-705x529.jpg 705w, https:\/\/radiorevelacionfm.cl\/wp-content\/uploads\/2023\/01\/img_8196-1_optimized-1-600x450.jpg 600w\" sizes=\"(max-width: 800px) 100vw, 800px\" \/><\/div><\/div><\/div><\/div><div class=\"flex_column av_one_full  flex_column_div av-zero-column-padding first  avia-builder-el-2  el_after_av_one_full  el_before_av_one_full  column-top-margin\" style='border-radius:0px; '><section class=\"av_textblock_section \"  itemscope=\"itemscope\" itemtype=\"https:\/\/schema.org\/BlogPosting\" itemprop=\"blogPost\" ><div class='avia_textblock  '   itemprop=\"text\" ><p style=\"text-align: center;\"><strong><span style=\"font-size: 18pt;\">Programa PACE UAys\u00e9n realiz\u00f3 jornada con comunidades educativas de la regi\u00f3n<\/span><\/strong><\/p>\n<div id=\"gtx-trans\" style=\"position: absolute; left: -50px; top: 4.31534px;\">\n<div class=\"gtx-trans-icon\"><\/div>\n<\/div>\n<\/div><\/section><\/div><div class=\"flex_column av_one_full  flex_column_div av-zero-column-padding first  avia-builder-el-4  el_after_av_one_full  el_before_av_hr  column-top-margin\" style='border-radius:0px; '><section class=\"av_textblock_section \"  itemscope=\"itemscope\" itemtype=\"https:\/\/schema.org\/BlogPosting\" itemprop=\"blogPost\" ><div class='avia_textblock  '   itemprop=\"text\" ><div>\n<p class=\"v1MsoNormal\" style=\"text-align: justify;\">Con la finalidad de dar a conocer a las comunidades educativas los resultados de la implementaci\u00f3n del programa PACE y los desaf\u00edos para el 2023, hace algunos d\u00edas el equipo del programa PACE UAys\u00e9n, realiz\u00f3 una jornada de cierre con los representantes de las comunidades educativas que son parte del programa.<\/p>\n<p class=\"v1MsoNormal\" style=\"text-align: justify;\">En la oportunidad se realizaron presentaciones sobre el reforzamiento de competencias, exploraci\u00f3n vocacional y apoyo a la postulaci\u00f3n adem\u00e1s de las exposiciones del Liceo Ra\u00fal Broussain Campino, el Liceo Bicentenario de la Patagonia y del equipo PEM PACE de la UChile.<\/p>\n<p class=\"v1MsoNormal\" style=\"text-align: justify;\">Seg\u00fan lo informado por\u00a0<span lang=\"ES\">Gustavo Campos, Coordinador Programa Ense\u00f1anza Media (PEM) del PACE UAys\u00e9n, \u00abel objetivo de la actividad fue compartir experiencias pedag\u00f3gicas con profesores que trabajan con el programa PACE en cada una de las comunas comunidades educativas en la que ellos pudieron demostrar los productos de sus aprendizajes basados en proyectos que ellos realizan con los estudiantes de sus respectivos cursos, ya sea tercero y cuarto medio, y a la vez mostrar los avances y desaf\u00edos del programa PACE para el 2023\u00bb explic\u00f3.<\/span><\/p>\n<p class=\"v1MsoNormal\" style=\"text-align: justify;\"><span lang=\"ES\">En la oportunidad, la docente M\u00f3nica Zwanzer, coordinadora especialidad agropecuaria Liceo Bicentenario Patagonia valor\u00f3 esta instancia. \u00abPorque nos permite conocer lo que est\u00e1n haciendo en otros colegios, donde en el fondo todos tenemos realidades muy parecidas pero estamos siempre inmersos en nuestro mundo, nuestros alumnos y nuestros colegas. No se generan mucho estas instancias que permiten conocer qu\u00e9 est\u00e1 haciendo el otro y poder tener esta consulta personal con los docentes y como ellos han ido solucionando las diversas problem\u00e1ticas en cada d\u00eda con los j\u00f3venes\u00bb, se\u00f1al\u00f3.<\/span><\/p>\n<p class=\"v1MsoNormal\" style=\"text-align: justify;\"><span lang=\"ES\">Por otra parte, la docente del Liceo Bicentenario Patagonia destac\u00f3 el trabajo conjunto desarrollado con el PACE UAys\u00e9n. \u00abEs un muy buen programa porque han abordado a lo que es la formaci\u00f3n de los docentes como tambi\u00e9n la actividad que desarrollan con los estudiantes. Yo fui profesora acompa\u00f1ante de cuarto medio, por ende, viv\u00ed muy directamente todas las actividades con los chicos, las visitas a las instituciones de educaci\u00f3n superior y el apoyo que se les g\u00e9nero, as\u00ed como las instancias de capacitaci\u00f3n que nos dieron a nosotros los docentes\u00bb destac\u00f3.<\/span><\/p>\n<p class=\"v1MsoNormal\" style=\"text-align: justify;\"><span lang=\"ES\">Por su parte, Claudia D\u00edaz, coordinadora de procesos pedag\u00f3gicos del PACE de la Universidad de Chile destac\u00f3 el trabajo que se ha llevado en conjunto con la UAys\u00e9n. \u00abPara nosotros el trabajo entre estas dos instituciones ha sido muy importante, recibir a los colegas del componente PEM del programa PACE de la Universidad de Ays\u00e9n enriqueci\u00f3 nuestro trabajo. Pudimos ver cu\u00e1les son los desaf\u00edos en com\u00fan que tenemos, pero tambi\u00e9n la forma en que los hemos ido abordando encontrando elementos que nos contribuyeron a mirar nuestros procesos y los suyos y as\u00ed encontrar los mejores elementos para seguir creciendo y acompa\u00f1ando de mejor manera a nuestros estudiantes y a nuestros profesores.<\/span><\/p>\n<p class=\"v1MsoNormal\" style=\"text-align: justify;\"><span lang=\"ES\">Finalmente, Gustavo Campos, Coordinador Programa Ense\u00f1anza Media (PEM) del PACE UAys\u00e9n, se\u00f1al\u00f3 que lo realizado el 2022 es considerado exitoso por el equipo. \u00abTenemos un balance bastante positivo, porque desde un comienzo nosotros propusimos, en primer lugar, posicionar el programa en las comunidades educativas y construir confianzas para poder trabajar con ellos. Eso ya lo hemos visto reflejado durante el transcurso del a\u00f1o con la aceptaci\u00f3n que hemos tenido dentro de las aulas, con el cari\u00f1o que nos han brindado ya sea invit\u00e1ndonos los consejos de profesores -instancias cerradas en las comunidades educativas- y las licenciaturas de cuarto medio, que tambi\u00e9n son momentos muy solemnes para las comunidades. Eso es una muestra de c\u00f3mo va el programa PACE y que se ha ido cada vez m\u00e1s insertando en la vida diaria de estas comunidades educativas\u00bb, puntualiz\u00f3.<\/span><\/p>\n<\/div>\n<div style=\"text-align: justify;\"><\/div>\n<div style=\"text-align: justify;\"><\/div>\n<\/div><\/section><\/div><div  style='height:50px' class='hr hr-invisible   avia-builder-el-6  el_after_av_one_full  el_before_av_social_share '><span class='hr-inner ' ><span class='hr-inner-style'><\/span><\/span><\/div><\/p>\n<div  class='av-social-sharing-box  avia-builder-el-7  el_after_av_hr  el_before_av_hr  '><div class='av-share-box'><h5 class='av-share-link-description av-no-toc '>Compartir esta noticia<\/h5><ul class='av-share-box-list noLightbox'><li class='av-share-link av-social-link-facebook' ><a target=\"_blank\" aria-label=\"Compartir en Facebook\" href='https:\/\/www.facebook.com\/sharer.php?u=https:\/\/radiorevelacionfm.cl\/?p=26194&#038;t=Programa%20PACE%20UAys%C3%A9n%20realiz%C3%B3%20jornada%20con%20comunidades%20educativas%20de%20la%20regi%C3%B3n' aria-hidden='false' data-av_icon='\ue8f3' data-av_iconfont='entypo-fontello' title='' data-avia-related-tooltip='Compartir en Facebook' rel=\"noopener\"><span class='avia_hidden_link_text'>Compartir en Facebook<\/span><\/a><\/li><li class='av-share-link av-social-link-twitter' ><a target=\"_blank\" aria-label=\"Compartir en Twitter\" href='https:\/\/twitter.com\/share?text=Programa%20PACE%20UAys%C3%A9n%20realiz%C3%B3%20jornada%20con%20comunidades%20educativas%20de%20la%20regi%C3%B3n&#038;url=https:\/\/radiorevelacionfm.cl\/?p=26194' aria-hidden='false' data-av_icon='\ue8f1' data-av_iconfont='entypo-fontello' title='' data-avia-related-tooltip='Compartir en Twitter' rel=\"noopener\"><span class='avia_hidden_link_text'>Compartir en Twitter<\/span><\/a><\/li><li class='av-share-link av-social-link-whatsapp' ><a target=\"_blank\" aria-label=\"Compartir en Whatsapp\" href='https:\/\/api.whatsapp.com\/send?text=https:\/\/radiorevelacionfm.cl\/?p=26194' aria-hidden='false' data-av_icon='\uf232' data-av_iconfont='entypo-fontello' title='' data-avia-related-tooltip='Compartir en Whatsapp' rel=\"noopener\"><span class='avia_hidden_link_text'>Compartir en Whatsapp<\/span><\/a><\/li><li class='av-share-link av-social-link-linkedin' ><a target=\"_blank\" aria-label=\"Compartir en LinkedIn\" href='https:\/\/linkedin.com\/shareArticle?mini=true&#038;title=Programa%20PACE%20UAys%C3%A9n%20realiz%C3%B3%20jornada%20con%20comunidades%20educativas%20de%20la%20regi%C3%B3n&#038;url=https:\/\/radiorevelacionfm.cl\/?p=26194' aria-hidden='false' data-av_icon='\ue8fc' data-av_iconfont='entypo-fontello' title='' data-avia-related-tooltip='Compartir en LinkedIn' rel=\"noopener\"><span class='avia_hidden_link_text'>Compartir en LinkedIn<\/span><\/a><\/li><li class='av-share-link av-social-link-mail' ><a  aria-label=\"Compartir por correo\" href='mailto:?subject=Programa%20PACE%20UAys%C3%A9n%20realiz%C3%B3%20jornada%20con%20comunidades%20educativas%20de%20la%20regi%C3%B3n&#038;body=https:\/\/radiorevelacionfm.cl\/?p=26194' aria-hidden='false' data-av_icon='\ue805' data-av_iconfont='entypo-fontello' title='' data-avia-related-tooltip='Compartir por correo'><span class='avia_hidden_link_text'>Compartir por correo<\/span><\/a><\/li><\/ul><\/div><\/div>\n<div  style='height:50px' class='hr hr-invisible   avia-builder-el-8  el_after_av_social_share  el_before_av_comments_list '><span class='hr-inner ' ><span class='hr-inner-style'><\/span><\/span><\/div>\n<div  class='av-buildercomment  av-blog-meta-html-info-disabled av-blog-meta-tag-disabled  '><\/div>\n","protected":false},"excerpt":{"rendered":"","protected":false},"author":1,"featured_media":26195,"comment_status":"open","ping_status":"open","sticky":false,"template":"","format":"standard","meta":{"footnotes":""},"categories":[49],"tags":[],"class_list":["post-26194","post","type-post","status-publish","format-standard","has-post-thumbnail","hentry","category-educacion"],"jetpack_featured_media_url":"https:\/\/radiorevelacionfm.cl\/wp-content\/uploads\/2023\/01\/img_8196-1_optimized-1.jpg","_links":{"self":[{"href":"https:\/\/radiorevelacionfm.cl\/index.php?rest_route=\/wp\/v2\/posts\/26194","targetHints":{"allow":["GET"]}}],"collection":[{"href":"https:\/\/radiorevelacionfm.cl\/index.php?rest_route=\/wp\/v2\/posts"}],"about":[{"href":"https:\/\/radiorevelacionfm.cl\/index.php?rest_route=\/wp\/v2\/types\/post"}],"author":[{"embeddable":true,"href":"https:\/\/radiorevelacionfm.cl\/index.php?rest_route=\/wp\/v2\/users\/1"}],"replies":[{"embeddable":true,"href":"https:\/\/radiorevelacionfm.cl\/index.php?rest_route=%2Fwp%2Fv2%2Fcomments&post=26194"}],"version-history":[{"count":2,"href":"https:\/\/radiorevelacionfm.cl\/index.php?rest_route=\/wp\/v2\/posts\/26194\/revisions"}],"predecessor-version":[{"id":26197,"href":"https:\/\/radiorevelacionfm.cl\/index.php?rest_route=\/wp\/v2\/posts\/26194\/revisions\/26197"}],"wp:featuredmedia":[{"embeddable":true,"href":"https:\/\/radiorevelacionfm.cl\/index.php?rest_route=\/wp\/v2\/media\/26195"}],"wp:attachment":[{"href":"https:\/\/radiorevelacionfm.cl\/index.php?rest_route=%2Fwp%2Fv2%2Fmedia&parent=26194"}],"wp:term":[{"taxonomy":"category","embeddable":true,"href":"https:\/\/radiorevelacionfm.cl\/index.php?rest_route=%2Fwp%2Fv2%2Fcategories&post=26194"},{"taxonomy":"post_tag","embeddable":true,"href":"https:\/\/radiorevelacionfm.cl\/index.php?rest_route=%2Fwp%2Fv2%2Ftags&post=26194"}],"curies":[{"name":"wp","href":"https:\/\/api.w.org\/{rel}","templated":true}]}}