{"id":26189,"date":"2023-01-04T10:34:01","date_gmt":"2023-01-04T13:34:01","guid":{"rendered":"https:\/\/radiorevelacionfm.cl\/?p=26189"},"modified":"2023-01-04T10:38:28","modified_gmt":"2023-01-04T13:38:28","slug":"salud-implementa-vacunatorio-contra-viruela-simica-en-hospital-regional-coyhaique","status":"publish","type":"post","link":"https:\/\/radiorevelacionfm.cl\/?p=26189","title":{"rendered":"Salud implementa vacunatorio contra Viruela S\u00edmica en Hospital Regional Coyhaique"},"content":{"rendered":"<div class=\"flex_column av_one_full  flex_column_div av-zero-column-padding first  avia-builder-el-0  el_before_av_one_full  avia-builder-el-first  \" style='border-radius:0px; '><div  class='avia-image-container  av-styling-    avia-builder-el-1  avia-builder-el-no-sibling  avia-align-center '  itemprop=\"image\" itemscope=\"itemscope\" itemtype=\"https:\/\/schema.org\/ImageObject\"  ><div class='avia-image-container-inner'><div class='avia-image-overlay-wrap'><img decoding=\"async\" class='wp-image-26190 avia-img-lazy-loading-not-26190 avia_image' src=\"https:\/\/radiorevelacionfm.cl\/wp-content\/uploads\/2023\/01\/box-vacunacion-VS-1-1.jpg\" alt='' title='box vacunaci\u00f3n VS (1) (1)' height=\"600\" width=\"885\"  itemprop=\"thumbnailUrl\" srcset=\"https:\/\/radiorevelacionfm.cl\/wp-content\/uploads\/2023\/01\/box-vacunacion-VS-1-1.jpg 885w, https:\/\/radiorevelacionfm.cl\/wp-content\/uploads\/2023\/01\/box-vacunacion-VS-1-1-300x203.jpg 300w, https:\/\/radiorevelacionfm.cl\/wp-content\/uploads\/2023\/01\/box-vacunacion-VS-1-1-768x521.jpg 768w, https:\/\/radiorevelacionfm.cl\/wp-content\/uploads\/2023\/01\/box-vacunacion-VS-1-1-705x478.jpg 705w, https:\/\/radiorevelacionfm.cl\/wp-content\/uploads\/2023\/01\/box-vacunacion-VS-1-1-600x407.jpg 600w\" sizes=\"(max-width: 885px) 100vw, 885px\" \/><\/div><\/div><\/div><\/div>\n<div class=\"flex_column av_one_full  flex_column_div av-zero-column-padding first  avia-builder-el-2  el_after_av_one_full  el_before_av_one_full  column-top-margin\" style='border-radius:0px; '><section class=\"av_textblock_section \"  itemscope=\"itemscope\" itemtype=\"https:\/\/schema.org\/BlogPosting\" itemprop=\"blogPost\" ><div class='avia_textblock  '   itemprop=\"text\" ><p style=\"text-align: center;\"><span style=\"font-size: 18pt;\"><strong>Salud implementa vacunatorio contra Viruela S\u00edmica en Hospital Regional Coyhaique<\/strong><\/span><\/p>\n<div id=\"gtx-trans\" style=\"position: absolute; left: -50px; top: 4.31534px;\">\n<div class=\"gtx-trans-icon\"><\/div>\n<\/div>\n<\/div><\/section><\/div>\n<div class=\"flex_column av_one_full  flex_column_div av-zero-column-padding first  avia-builder-el-4  el_after_av_one_full  el_before_av_hr  column-top-margin\" style='border-radius:0px; '><section class=\"av_textblock_section \"  itemscope=\"itemscope\" itemtype=\"https:\/\/schema.org\/BlogPosting\" itemprop=\"blogPost\" ><div class='avia_textblock  '   itemprop=\"text\" ><p style=\"text-align: justify;\">El punto de inmunizaci\u00f3n, el cual se encuentra ubicado en el sector de preparto del centro asistencial, frente a los ascensores, busca entregar privacidad al grupo objetivo de esta campa\u00f1a de vacunaci\u00f3n.<\/p>\n<p style=\"text-align: justify;\">Con la finalidad de facilitar el acceso a la vacuna contra la Viruela S\u00edmica, a nivel regional se habilit\u00f3 un lugar especial de inmunizaci\u00f3n en el Hospital Regional Coyhaique que cuenta con asesor\u00eda e informaci\u00f3n profesional; cuyas dependencias se encuentran aisladas de los puntos de alta afluencia de p\u00fablico, proporcionando la reserva de identidad y confidencialidad de los usuarios.<\/p>\n<p style=\"text-align: justify;\">La informaci\u00f3n la dio a conocer la Seremi de salud Ays\u00e9n, Carmen Monsalve, quien junto con hacer un llamado a los grupos objetivos de esta campa\u00f1a, recalc\u00f3 que esta instancia forma parte de un trabajo intersectorial en favor de proteger la salud de la comunidad. \u201cComo Gobierno, y como Ministerio de Salud, desde que se inicia esta alerta global por Viruela S\u00edmica, hemos estado redoblando los esfuerzos, donde tenemos un sistema de vigilancia importante con un protocolo de atenci\u00f3n instalados en las redes asistenciales, adem\u00e1s de una capacidad de diagn\u00f3stico oportuna instalada en el Hospital Regional Coyhaique, donde se ampl\u00eda el grupo etario a todas las personas que viven con Virus Inmunodeficiencia Humana (VIH), entre los 18 y 44 a\u00f1os de edad, este grupo est\u00e1 invitado a vacunarse de manera preventiva, y se agregan grupos de riesgo que ya est\u00e1n priorizados que son las personas viviendo con VIH y con un alg\u00fan grado de inmunosupresi\u00f3n, aquellas personas que son trabajadores o trabajadoras sexuales, gay, usuarios de prEP, transexuales, hombres que tienen sexo con hombres y que, en el \u00faltimo per\u00edodo de un mes, hayan sido diagnosticados o confirmados con alguna enfermedad de transmisi\u00f3n sexual\u201d.<\/p>\n<p style=\"text-align: justify;\">En esta oportunidad, el Director (s) del Servicio de Salud Ays\u00e9n, Mauricio Cort\u00e9s, reiter\u00f3 que la red asistencial ya se encuentra preparada para atender pacientes con esta enfermedad. \u201cEstas acciones son muy importantes para seguir protegiendo a la poblaci\u00f3n que esta priorizada para este tipo de vacunas, como red estamos preparados para seguir cuidando la salud de la comunidad, tenemos un laboratorio que esta procesando los diagn\u00f3sticos a trav\u00e9s de la t\u00e9cnica de PCR, lo que nos permite definir la mejor estrategia para atender a nuestros usuarios\u201d.<\/p>\n<p style=\"text-align: justify;\">En relaci\u00f3n a la implementaci\u00f3n de esta vacuna en la regi\u00f3n, la enfermera del Programa Nacional de Inmunizaci\u00f3n de la Seremi Salud Ays\u00e9n, Abigail Soto, indic\u00f3 \u201cnos encontramos realizando todas las coordinaciones para que, junto a la implementaci\u00f3n de vacunas en el Hospital Regional Coyhaique, igualmente abastecer a otros centros de salud, como hospitales p\u00fablicos distribuidos en la regi\u00f3n, para que toda la poblaci\u00f3n pueda tener acceso a la vacunaci\u00f3n contra la Viruela S\u00edmica\u201d.<\/p>\n<p style=\"text-align: justify;\">Finalmente, la enfermera de Inmunizaciones Hospital Regional Coyhaique, Elizabeth Guti\u00e9rrez, destac\u00f3 las caracter\u00edsticas de este punto de vacunaci\u00f3n. \u201cAqu\u00ed, los pacientes son derivados a trav\u00e9s del policl\u00ednico, llegando ac\u00e1 son atendidos en un lugar estrat\u00e9gico, sin tanta afluencia de p\u00fablico, son atendidos con la consejer\u00eda.\u00a0 Todos los datos son absolutamente confidenciales, todo lo que nosotros conversamos es absolutamente privado, la informaci\u00f3n es resguardada, por lo tanto, invito a todos los usuarios que puedan acudir con absoluta tranquilidad al proceso de vacunaci\u00f3n para que puedan ser inmunizados contra la Viruela S\u00edmica\u201d.<\/p>\n<p style=\"text-align: justify;\">Los horarios de atenci\u00f3n del vacunatorio del Hospital Regional Coyhaique, son de lunes a viernes de 09:30 a 12:00 y 14:00 a 16:00 horas.<\/p>\n<\/div><\/section><\/div><div  style='height:50px' class='hr hr-invisible   avia-builder-el-6  el_after_av_one_full  el_before_av_social_share '><span class='hr-inner ' ><span class='hr-inner-style'><\/span><\/span><\/div><\/p>\n<div  class='av-social-sharing-box  avia-builder-el-7  el_after_av_hr  el_before_av_hr  '><div class='av-share-box'><h5 class='av-share-link-description av-no-toc '>Compartir esta noticia<\/h5><ul class='av-share-box-list noLightbox'><li class='av-share-link av-social-link-facebook' ><a target=\"_blank\" aria-label=\"Compartir en Facebook\" href='https:\/\/www.facebook.com\/sharer.php?u=https:\/\/radiorevelacionfm.cl\/?p=26189&#038;t=Salud%20implementa%20vacunatorio%20contra%20Viruela%20S%C3%ADmica%20en%20Hospital%20Regional%20Coyhaique' aria-hidden='false' data-av_icon='\ue8f3' data-av_iconfont='entypo-fontello' title='' data-avia-related-tooltip='Compartir en Facebook' rel=\"noopener\"><span class='avia_hidden_link_text'>Compartir en Facebook<\/span><\/a><\/li><li class='av-share-link av-social-link-twitter' ><a target=\"_blank\" aria-label=\"Compartir en Twitter\" href='https:\/\/twitter.com\/share?text=Salud%20implementa%20vacunatorio%20contra%20Viruela%20S%C3%ADmica%20en%20Hospital%20Regional%20Coyhaique&#038;url=https:\/\/radiorevelacionfm.cl\/?p=26189' aria-hidden='false' data-av_icon='\ue8f1' data-av_iconfont='entypo-fontello' title='' data-avia-related-tooltip='Compartir en Twitter' rel=\"noopener\"><span class='avia_hidden_link_text'>Compartir en Twitter<\/span><\/a><\/li><li class='av-share-link av-social-link-whatsapp' ><a target=\"_blank\" aria-label=\"Compartir en Whatsapp\" href='https:\/\/api.whatsapp.com\/send?text=https:\/\/radiorevelacionfm.cl\/?p=26189' aria-hidden='false' data-av_icon='\uf232' data-av_iconfont='entypo-fontello' title='' data-avia-related-tooltip='Compartir en Whatsapp' rel=\"noopener\"><span class='avia_hidden_link_text'>Compartir en Whatsapp<\/span><\/a><\/li><li class='av-share-link av-social-link-linkedin' ><a target=\"_blank\" aria-label=\"Compartir en LinkedIn\" href='https:\/\/linkedin.com\/shareArticle?mini=true&#038;title=Salud%20implementa%20vacunatorio%20contra%20Viruela%20S%C3%ADmica%20en%20Hospital%20Regional%20Coyhaique&#038;url=https:\/\/radiorevelacionfm.cl\/?p=26189' aria-hidden='false' data-av_icon='\ue8fc' data-av_iconfont='entypo-fontello' title='' data-avia-related-tooltip='Compartir en LinkedIn' rel=\"noopener\"><span class='avia_hidden_link_text'>Compartir en LinkedIn<\/span><\/a><\/li><li class='av-share-link av-social-link-mail' ><a  aria-label=\"Compartir por correo\" href='mailto:?subject=Salud%20implementa%20vacunatorio%20contra%20Viruela%20S%C3%ADmica%20en%20Hospital%20Regional%20Coyhaique&#038;body=https:\/\/radiorevelacionfm.cl\/?p=26189' aria-hidden='false' data-av_icon='\ue805' data-av_iconfont='entypo-fontello' title='' data-avia-related-tooltip='Compartir por correo'><span class='avia_hidden_link_text'>Compartir por correo<\/span><\/a><\/li><\/ul><\/div><\/div>\n<div  style='height:50px' class='hr hr-invisible   avia-builder-el-8  el_after_av_social_share  el_before_av_comments_list '><span class='hr-inner ' ><span class='hr-inner-style'><\/span><\/span><\/div>\n<div  class='av-buildercomment  av-blog-meta-html-info-disabled av-blog-meta-tag-disabled  '><\/div>\n","protected":false},"excerpt":{"rendered":"","protected":false},"author":1,"featured_media":26190,"comment_status":"open","ping_status":"open","sticky":false,"template":"","format":"standard","meta":{"footnotes":""},"categories":[46],"tags":[],"class_list":["post-26189","post","type-post","status-publish","format-standard","has-post-thumbnail","hentry","category-salud"],"jetpack_featured_media_url":"https:\/\/radiorevelacionfm.cl\/wp-content\/uploads\/2023\/01\/box-vacunacion-VS-1-1.jpg","_links":{"self":[{"href":"https:\/\/radiorevelacionfm.cl\/index.php?rest_route=\/wp\/v2\/posts\/26189","targetHints":{"allow":["GET"]}}],"collection":[{"href":"https:\/\/radiorevelacionfm.cl\/index.php?rest_route=\/wp\/v2\/posts"}],"about":[{"href":"https:\/\/radiorevelacionfm.cl\/index.php?rest_route=\/wp\/v2\/types\/post"}],"author":[{"embeddable":true,"href":"https:\/\/radiorevelacionfm.cl\/index.php?rest_route=\/wp\/v2\/users\/1"}],"replies":[{"embeddable":true,"href":"https:\/\/radiorevelacionfm.cl\/index.php?rest_route=%2Fwp%2Fv2%2Fcomments&post=26189"}],"version-history":[{"count":3,"href":"https:\/\/radiorevelacionfm.cl\/index.php?rest_route=\/wp\/v2\/posts\/26189\/revisions"}],"predecessor-version":[{"id":26192,"href":"https:\/\/radiorevelacionfm.cl\/index.php?rest_route=\/wp\/v2\/posts\/26189\/revisions\/26192"}],"wp:featuredmedia":[{"embeddable":true,"href":"https:\/\/radiorevelacionfm.cl\/index.php?rest_route=\/wp\/v2\/media\/26190"}],"wp:attachment":[{"href":"https:\/\/radiorevelacionfm.cl\/index.php?rest_route=%2Fwp%2Fv2%2Fmedia&parent=26189"}],"wp:term":[{"taxonomy":"category","embeddable":true,"href":"https:\/\/radiorevelacionfm.cl\/index.php?rest_route=%2Fwp%2Fv2%2Fcategories&post=26189"},{"taxonomy":"post_tag","embeddable":true,"href":"https:\/\/radiorevelacionfm.cl\/index.php?rest_route=%2Fwp%2Fv2%2Ftags&post=26189"}],"curies":[{"name":"wp","href":"https:\/\/api.w.org\/{rel}","templated":true}]}}