{"id":26181,"date":"2023-01-03T20:20:10","date_gmt":"2023-01-03T23:20:10","guid":{"rendered":"https:\/\/radiorevelacionfm.cl\/?p=26181"},"modified":"2023-01-03T20:20:10","modified_gmt":"2023-01-03T23:20:10","slug":"gobierno-implementa-plan-verano-seguro-en-sectores-turisticos-de-la-region","status":"publish","type":"post","link":"https:\/\/radiorevelacionfm.cl\/?p=26181","title":{"rendered":"Gobierno implementa Plan Verano Seguro en sectores tur\u00edsticos de la regi\u00f3n"},"content":{"rendered":"<div class=\"flex_column av_one_full  flex_column_div av-zero-column-padding first  avia-builder-el-0  el_before_av_one_full  avia-builder-el-first  \" style='border-radius:0px; '><div  class='avia-image-container  av-styling-    avia-builder-el-1  avia-builder-el-no-sibling  avia-align-center '  itemprop=\"image\" itemscope=\"itemscope\" itemtype=\"https:\/\/schema.org\/ImageObject\"  ><div class='avia-image-container-inner'><div class='avia-image-overlay-wrap'><img decoding=\"async\" class='wp-image-26182 avia-img-lazy-loading-not-26182 avia_image' src=\"https:\/\/radiorevelacionfm.cl\/wp-content\/uploads\/2023\/01\/WhatsApp-Image-2023-01-03-at-18.31.50-1-1.jpeg\" alt='' title='WhatsApp Image 2023-01-03 at 18.31.50 (1) (1)' height=\"600\" width=\"960\"  itemprop=\"thumbnailUrl\" srcset=\"https:\/\/radiorevelacionfm.cl\/wp-content\/uploads\/2023\/01\/WhatsApp-Image-2023-01-03-at-18.31.50-1-1.jpeg 960w, https:\/\/radiorevelacionfm.cl\/wp-content\/uploads\/2023\/01\/WhatsApp-Image-2023-01-03-at-18.31.50-1-1-300x188.jpeg 300w, https:\/\/radiorevelacionfm.cl\/wp-content\/uploads\/2023\/01\/WhatsApp-Image-2023-01-03-at-18.31.50-1-1-768x480.jpeg 768w, https:\/\/radiorevelacionfm.cl\/wp-content\/uploads\/2023\/01\/WhatsApp-Image-2023-01-03-at-18.31.50-1-1-705x441.jpeg 705w, https:\/\/radiorevelacionfm.cl\/wp-content\/uploads\/2023\/01\/WhatsApp-Image-2023-01-03-at-18.31.50-1-1-600x375.jpeg 600w\" sizes=\"(max-width: 960px) 100vw, 960px\" \/><\/div><\/div><\/div><\/div>\n<div class=\"flex_column av_one_full  flex_column_div av-zero-column-padding first  avia-builder-el-2  el_after_av_one_full  el_before_av_one_full  column-top-margin\" style='border-radius:0px; '><section class=\"av_textblock_section \"  itemscope=\"itemscope\" itemtype=\"https:\/\/schema.org\/BlogPosting\" itemprop=\"blogPost\" ><div class='avia_textblock  '   itemprop=\"text\" ><p style=\"text-align: center;\"><span style=\"font-size: 18pt;\"><b><span lang=\"ES\">Gobierno implementa Plan Verano Seguro en sectores tur\u00edsticos de la regi\u00f3n<\/span><\/b><\/span><\/p>\n<div id=\"gtx-trans\" style=\"position: absolute; left: -50px; top: 4.31534px;\">\n<div class=\"gtx-trans-icon\"><\/div>\n<\/div>\n<\/div><\/section><\/div><div class=\"flex_column av_one_full  flex_column_div av-zero-column-padding first  avia-builder-el-4  el_after_av_one_full  el_before_av_hr  column-top-margin\" style='border-radius:0px; '><section class=\"av_textblock_section \"  itemscope=\"itemscope\" itemtype=\"https:\/\/schema.org\/BlogPosting\" itemprop=\"blogPost\" ><div class='avia_textblock  '   itemprop=\"text\" ><p style=\"font-weight: 400; text-align: justify;\">Plan Verano Seguro se denomina la estrategia implementada por el gobierno para reforzar la presencia policial y protecci\u00f3n a la ciudadan\u00eda en lugares tur\u00edsticos, durante la temporada estival.<\/p>\n<p style=\"font-weight: 400; text-align: justify;\">El Delegado Presidencial Regional, Rodrigo Araya, junto al Coordinador de Seguridad P\u00fablica, Crist\u00f3bal Barcel\u00f3, prefecto (s) de la XI Zona de Carabineros, Jean Paul Aravena y Prefecta de la Polic\u00eda de Investigaciones (PDI), Carolina Namor, encabezaron el lanzamiento de la iniciativa en la Regi\u00f3n de Ays\u00e9n.<\/p>\n<p style=\"font-weight: 400; text-align: justify;\">\u201cDurante estos meses, como Gobierno, seguiremos desplegados reforzando nuestro trabajo de articulaci\u00f3n para la protecci\u00f3n de actividades tan importantes como el turismo, la actividad comercial o el transporte, siempre protegiendo a las personas\u201d, se\u00f1al\u00f3 Rodrigo Araya.<\/p>\n<p style=\"font-weight: 400; text-align: justify;\">El plan incluye tambi\u00e9n la difusi\u00f3n de consejos de autocuidado como el uso de servicios formalizados y tambi\u00e9n acerca de la protecci\u00f3n de viviendas que quedan temporalmente sin moradores, a\u00f1adi\u00f3 Crist\u00f3bal Barcel\u00f3.<\/p>\n<p style=\"font-weight: 400; text-align: justify;\">\u201cEs importante que los turistas y la comunidad regional, utilicen medios formales legales, porque se exponen no solo a sanciones, multas, sino tambi\u00e9n pone en riesgo su salud e integridad al usar medios \u00a0autorizados para su comercializaci\u00f3n en el pa\u00eds\u201d, indic\u00f3.<\/p>\n<p style=\"font-weight: 400; text-align: justify;\">Junto al Gobierno, Carabineros ha planificado una serie de acciones que buscan entregar m\u00e1s seguridad a todas las personas y familias, en especial en los destinos m\u00e1s visitados entre enero y marzo, mediante una reasignaci\u00f3n de personal.<\/p>\n<p style=\"font-weight: 400; text-align: justify;\">El prefecto (s) de Carabineros, Jean Paul Aravena se\u00f1al\u00f3 en este sentido que \u201cel plan nos permite reasignar recursos como los que estaban asignados a los colegios o a los nudos que se producen en las entradas de establecimientos educacionales, para acciones propias del verano\u201d.<\/p>\n<p style=\"font-weight: 400; text-align: justify;\">En cuanto a movimientos migratorios, la Prefecta Namor indic\u00f3 que \u201cun pilar muy importante es el control migratorio. Durante este per\u00edodo de Verano Seguro reforzaremos los pasos fronterizos y durante los festivales de la Voz y de las Cerezas, igualmente reforzaremos nuestros controles. Sin embargo, es muy importante transmitir a la ciudadan\u00eda que para agilizar la movilidad de las personas, porten toda su documentaci\u00f3n. Eso permite que la ciudadan\u00eda se desplace con mayor agilidad y que el control sea expedito\u201d.<\/p>\n<p style=\"font-weight: 400; text-align: justify;\">Toda la gesti\u00f3n se enmarca en el eje de la Seguridad Ciudadana impulsado por el Gobierno, donde destacan los Planes Regionales de Seguridad P\u00fablica, el Fono Denuncia Seguro *4242 y la entrega de patrullas policiales para reforzar el trabajo preventivo en los territorios.<\/p>\n<\/div><\/section><\/div><\/p>\n<div  style='height:50px' class='hr hr-invisible   avia-builder-el-6  el_after_av_one_full  el_before_av_social_share '><span class='hr-inner ' ><span class='hr-inner-style'><\/span><\/span><\/div>\n<div  class='av-social-sharing-box  avia-builder-el-7  el_after_av_hr  el_before_av_hr  '><div class='av-share-box'><h5 class='av-share-link-description av-no-toc '>Compartir esta noticia<\/h5><ul class='av-share-box-list noLightbox'><li class='av-share-link av-social-link-facebook' ><a target=\"_blank\" aria-label=\"Compartir en Facebook\" href='https:\/\/www.facebook.com\/sharer.php?u=https:\/\/radiorevelacionfm.cl\/?p=26181&#038;t=Gobierno%20implementa%20Plan%20Verano%20Seguro%20en%20sectores%20tur%C3%ADsticos%20de%20la%20regi%C3%B3n' aria-hidden='false' data-av_icon='\ue8f3' data-av_iconfont='entypo-fontello' title='' data-avia-related-tooltip='Compartir en Facebook' rel=\"noopener\"><span class='avia_hidden_link_text'>Compartir en Facebook<\/span><\/a><\/li><li class='av-share-link av-social-link-twitter' ><a target=\"_blank\" aria-label=\"Compartir en Twitter\" href='https:\/\/twitter.com\/share?text=Gobierno%20implementa%20Plan%20Verano%20Seguro%20en%20sectores%20tur%C3%ADsticos%20de%20la%20regi%C3%B3n&#038;url=https:\/\/radiorevelacionfm.cl\/?p=26181' aria-hidden='false' data-av_icon='\ue8f1' data-av_iconfont='entypo-fontello' title='' data-avia-related-tooltip='Compartir en Twitter' rel=\"noopener\"><span class='avia_hidden_link_text'>Compartir en Twitter<\/span><\/a><\/li><li class='av-share-link av-social-link-whatsapp' ><a target=\"_blank\" aria-label=\"Compartir en Whatsapp\" href='https:\/\/api.whatsapp.com\/send?text=https:\/\/radiorevelacionfm.cl\/?p=26181' aria-hidden='false' data-av_icon='\uf232' data-av_iconfont='entypo-fontello' title='' data-avia-related-tooltip='Compartir en Whatsapp' rel=\"noopener\"><span class='avia_hidden_link_text'>Compartir en Whatsapp<\/span><\/a><\/li><li class='av-share-link av-social-link-linkedin' ><a target=\"_blank\" aria-label=\"Compartir en LinkedIn\" href='https:\/\/linkedin.com\/shareArticle?mini=true&#038;title=Gobierno%20implementa%20Plan%20Verano%20Seguro%20en%20sectores%20tur%C3%ADsticos%20de%20la%20regi%C3%B3n&#038;url=https:\/\/radiorevelacionfm.cl\/?p=26181' aria-hidden='false' data-av_icon='\ue8fc' data-av_iconfont='entypo-fontello' title='' data-avia-related-tooltip='Compartir en LinkedIn' rel=\"noopener\"><span class='avia_hidden_link_text'>Compartir en LinkedIn<\/span><\/a><\/li><li class='av-share-link av-social-link-mail' ><a  aria-label=\"Compartir por correo\" href='mailto:?subject=Gobierno%20implementa%20Plan%20Verano%20Seguro%20en%20sectores%20tur%C3%ADsticos%20de%20la%20regi%C3%B3n&#038;body=https:\/\/radiorevelacionfm.cl\/?p=26181' aria-hidden='false' data-av_icon='\ue805' data-av_iconfont='entypo-fontello' title='' data-avia-related-tooltip='Compartir por correo'><span class='avia_hidden_link_text'>Compartir por correo<\/span><\/a><\/li><\/ul><\/div><\/div>\n<div  style='height:50px' class='hr hr-invisible   avia-builder-el-8  el_after_av_social_share  el_before_av_comments_list '><span class='hr-inner ' ><span class='hr-inner-style'><\/span><\/span><\/div>\n<div  class='av-buildercomment  av-blog-meta-html-info-disabled av-blog-meta-tag-disabled  '><\/div>\n","protected":false},"excerpt":{"rendered":"","protected":false},"author":1,"featured_media":26182,"comment_status":"open","ping_status":"open","sticky":false,"template":"","format":"standard","meta":{"footnotes":""},"categories":[38],"tags":[],"class_list":["post-26181","post","type-post","status-publish","format-standard","has-post-thumbnail","hentry","category-regional"],"jetpack_featured_media_url":"https:\/\/radiorevelacionfm.cl\/wp-content\/uploads\/2023\/01\/WhatsApp-Image-2023-01-03-at-18.31.50-1-1.jpeg","_links":{"self":[{"href":"https:\/\/radiorevelacionfm.cl\/index.php?rest_route=\/wp\/v2\/posts\/26181","targetHints":{"allow":["GET"]}}],"collection":[{"href":"https:\/\/radiorevelacionfm.cl\/index.php?rest_route=\/wp\/v2\/posts"}],"about":[{"href":"https:\/\/radiorevelacionfm.cl\/index.php?rest_route=\/wp\/v2\/types\/post"}],"author":[{"embeddable":true,"href":"https:\/\/radiorevelacionfm.cl\/index.php?rest_route=\/wp\/v2\/users\/1"}],"replies":[{"embeddable":true,"href":"https:\/\/radiorevelacionfm.cl\/index.php?rest_route=%2Fwp%2Fv2%2Fcomments&post=26181"}],"version-history":[{"count":3,"href":"https:\/\/radiorevelacionfm.cl\/index.php?rest_route=\/wp\/v2\/posts\/26181\/revisions"}],"predecessor-version":[{"id":26185,"href":"https:\/\/radiorevelacionfm.cl\/index.php?rest_route=\/wp\/v2\/posts\/26181\/revisions\/26185"}],"wp:featuredmedia":[{"embeddable":true,"href":"https:\/\/radiorevelacionfm.cl\/index.php?rest_route=\/wp\/v2\/media\/26182"}],"wp:attachment":[{"href":"https:\/\/radiorevelacionfm.cl\/index.php?rest_route=%2Fwp%2Fv2%2Fmedia&parent=26181"}],"wp:term":[{"taxonomy":"category","embeddable":true,"href":"https:\/\/radiorevelacionfm.cl\/index.php?rest_route=%2Fwp%2Fv2%2Fcategories&post=26181"},{"taxonomy":"post_tag","embeddable":true,"href":"https:\/\/radiorevelacionfm.cl\/index.php?rest_route=%2Fwp%2Fv2%2Ftags&post=26181"}],"curies":[{"name":"wp","href":"https:\/\/api.w.org\/{rel}","templated":true}]}}