{"id":26177,"date":"2023-01-03T21:35:14","date_gmt":"2023-01-04T00:35:14","guid":{"rendered":"https:\/\/radiorevelacionfm.cl\/?p=26177"},"modified":"2023-01-03T21:35:14","modified_gmt":"2023-01-04T00:35:14","slug":"corte-suprema-se-refiere-a-declaraciones-del-presidente-de-la-republica-sobre-el-proceso-judicial-del-caso-mateluna","status":"publish","type":"post","link":"https:\/\/radiorevelacionfm.cl\/?p=26177","title":{"rendered":"Corte Suprema se refiere a declaraciones del Presidente de la Rep\u00fablica sobre el proceso judicial del caso Mateluna"},"content":{"rendered":"<div class=\"flex_column av_one_full  flex_column_div av-zero-column-padding first  avia-builder-el-0  el_before_av_one_full  avia-builder-el-first  \" style='border-radius:0px; '><div  class='avia-image-container  av-styling-    avia-builder-el-1  avia-builder-el-no-sibling  avia-align-center '  itemprop=\"image\" itemscope=\"itemscope\" itemtype=\"https:\/\/schema.org\/ImageObject\"  ><div class='avia-image-container-inner'><div class='avia-image-overlay-wrap'><img decoding=\"async\" class='wp-image-26178 avia-img-lazy-loading-not-26178 avia_image' src=\"https:\/\/radiorevelacionfm.cl\/wp-content\/uploads\/2023\/01\/Foto-Corte-Suprema-1-1-1.jpg\" alt='' title='Foto Corte Suprema (1) (1) (1)' height=\"600\" width=\"937\"  itemprop=\"thumbnailUrl\" srcset=\"https:\/\/radiorevelacionfm.cl\/wp-content\/uploads\/2023\/01\/Foto-Corte-Suprema-1-1-1.jpg 937w, https:\/\/radiorevelacionfm.cl\/wp-content\/uploads\/2023\/01\/Foto-Corte-Suprema-1-1-1-300x192.jpg 300w, https:\/\/radiorevelacionfm.cl\/wp-content\/uploads\/2023\/01\/Foto-Corte-Suprema-1-1-1-768x492.jpg 768w, https:\/\/radiorevelacionfm.cl\/wp-content\/uploads\/2023\/01\/Foto-Corte-Suprema-1-1-1-705x451.jpg 705w, https:\/\/radiorevelacionfm.cl\/wp-content\/uploads\/2023\/01\/Foto-Corte-Suprema-1-1-1-600x384.jpg 600w\" sizes=\"(max-width: 937px) 100vw, 937px\" \/><\/div><\/div><\/div><\/div><div class=\"flex_column av_one_full  flex_column_div av-zero-column-padding first  avia-builder-el-2  el_after_av_one_full  el_before_av_one_full  column-top-margin\" style='border-radius:0px; '><section class=\"av_textblock_section \"  itemscope=\"itemscope\" itemtype=\"https:\/\/schema.org\/BlogPosting\" itemprop=\"blogPost\" ><div class='avia_textblock  '   itemprop=\"text\" ><p style=\"text-align: center;\"><strong><span style=\"font-size: 18pt;\">Corte Suprema se refiere a declaraciones del Presidente de la Rep\u00fablica sobre el proceso judicial del caso Mateluna<\/span><\/strong><\/p>\n<div id=\"gtx-trans\" style=\"position: absolute; left: -50px; top: 4.31534px;\">\n<div class=\"gtx-trans-icon\"><\/div>\n<\/div>\n<\/div><\/section><\/div><div class=\"flex_column av_one_full  flex_column_div av-zero-column-padding first  avia-builder-el-4  el_after_av_one_full  el_before_av_hr  column-top-margin\" style='border-radius:0px; '><section class=\"av_textblock_section \"  itemscope=\"itemscope\" itemtype=\"https:\/\/schema.org\/BlogPosting\" itemprop=\"blogPost\" ><div class='avia_textblock  '   itemprop=\"text\" ><p style=\"text-align: justify;\">A C T A N\u00ba 1-2023<\/p>\n<p style=\"text-align: justify;\">En Santiago, a tres de enero de dos mil veintitr\u00e9s, se reuni\u00f3 extraordinariamente el Tribunal Pleno bajo la Presidencia de su titular se\u00f1or Juan Eduardo Fuentes Belmar y con la asistencia de los Ministros se\u00f1ores Brito y Blanco, se\u00f1ora Mu\u00f1oz S., se\u00f1ores Valderrama, Prado y Silva C., se\u00f1ora Repetto, se\u00f1ores Llanos, Carroza y Matus, se\u00f1ora Gajardo, se\u00f1or Simp\u00e9rtigue, se\u00f1ora Melo, y los Ministros suplentes se\u00f1ores Mu\u00f1oz P., Gonz\u00e1lez y se\u00f1ora Quezada.<\/p>\n<p style=\"text-align: justify;\">DECLARACI\u00d3N P\u00daBLICA<\/p>\n<p style=\"text-align: justify;\">Atendidas las expresiones efectuadas por el Presidente de la Rep\u00fablica, reproducidas en algunos medios de comunicaci\u00f3n los d\u00edas 1\u00b0 y 2 de enero del actual, en que cuestiona los fundamentos y la regularidad de un proceso judicial afinado (caso Mateluna), la Corte Suprema se ve en la necesidad de recordar lo dispuesto en el inciso 1\u00b0 del art\u00edculo 76 de la Constituci\u00f3n Pol\u00edtica de la Rep\u00fablica, que establece:<\/p>\n<p style=\"text-align: justify;\">\u201cLa facultad de conocer de las causas civiles y criminales, de resolverlas y de hacer ejecutar lo juzgado, pertenece exclusivamente a los tribunales establecidos por la ley. Ni el Presidente de la Rep\u00fablica ni el Congreso pueden, en caso alguno, ejercer funciones judiciales, avocarse a causas pendientes, revisar los fundamentos o contenido de sus resoluciones o hacer revivir procesos fenecidos\u201d.<\/p>\n<p style=\"text-align: justify;\">Se previene que el Ministro se\u00f1or Llanos estuvo por no emitir declaraci\u00f3n p\u00fablica, sin perjuicio de hacer presente en forma privada al Presidente de la Rep\u00fablica la inconveniencia de efectuar las expresiones que fueron reproducidas por los medios de prensa respecto de las actuaciones de este Poder del Estado.<\/p>\n<\/div><\/section><\/div><div  style='height:50px' class='hr hr-invisible   avia-builder-el-6  el_after_av_one_full  el_before_av_social_share '><span class='hr-inner ' ><span class='hr-inner-style'><\/span><\/span><\/div><\/p>\n<div  class='av-social-sharing-box  avia-builder-el-7  el_after_av_hr  el_before_av_hr  '><div class='av-share-box'><h5 class='av-share-link-description av-no-toc '>Compartir esta noticia<\/h5><ul class='av-share-box-list noLightbox'><li class='av-share-link av-social-link-facebook' ><a target=\"_blank\" aria-label=\"Compartir en Facebook\" href='https:\/\/www.facebook.com\/sharer.php?u=https:\/\/radiorevelacionfm.cl\/?p=26177&#038;t=Corte%20Suprema%20se%20refiere%20a%20declaraciones%20del%20Presidente%20de%20la%20Rep%C3%BAblica%20sobre%20el%20proceso%20judicial%20del%20caso%20Mateluna' aria-hidden='false' data-av_icon='\ue8f3' data-av_iconfont='entypo-fontello' title='' data-avia-related-tooltip='Compartir en Facebook' rel=\"noopener\"><span class='avia_hidden_link_text'>Compartir en Facebook<\/span><\/a><\/li><li class='av-share-link av-social-link-twitter' ><a target=\"_blank\" aria-label=\"Compartir en Twitter\" href='https:\/\/twitter.com\/share?text=Corte%20Suprema%20se%20refiere%20a%20declaraciones%20del%20Presidente%20de%20la%20Rep%C3%BAblica%20sobre%20el%20proceso%20judicial%20del%20caso%20Mateluna&#038;url=https:\/\/radiorevelacionfm.cl\/?p=26177' aria-hidden='false' data-av_icon='\ue8f1' data-av_iconfont='entypo-fontello' title='' data-avia-related-tooltip='Compartir en Twitter' rel=\"noopener\"><span class='avia_hidden_link_text'>Compartir en Twitter<\/span><\/a><\/li><li class='av-share-link av-social-link-whatsapp' ><a target=\"_blank\" aria-label=\"Compartir en Whatsapp\" href='https:\/\/api.whatsapp.com\/send?text=https:\/\/radiorevelacionfm.cl\/?p=26177' aria-hidden='false' data-av_icon='\uf232' data-av_iconfont='entypo-fontello' title='' data-avia-related-tooltip='Compartir en Whatsapp' rel=\"noopener\"><span class='avia_hidden_link_text'>Compartir en Whatsapp<\/span><\/a><\/li><li class='av-share-link av-social-link-linkedin' ><a target=\"_blank\" aria-label=\"Compartir en LinkedIn\" href='https:\/\/linkedin.com\/shareArticle?mini=true&#038;title=Corte%20Suprema%20se%20refiere%20a%20declaraciones%20del%20Presidente%20de%20la%20Rep%C3%BAblica%20sobre%20el%20proceso%20judicial%20del%20caso%20Mateluna&#038;url=https:\/\/radiorevelacionfm.cl\/?p=26177' aria-hidden='false' data-av_icon='\ue8fc' data-av_iconfont='entypo-fontello' title='' data-avia-related-tooltip='Compartir en LinkedIn' rel=\"noopener\"><span class='avia_hidden_link_text'>Compartir en LinkedIn<\/span><\/a><\/li><li class='av-share-link av-social-link-mail' ><a  aria-label=\"Compartir por correo\" href='mailto:?subject=Corte%20Suprema%20se%20refiere%20a%20declaraciones%20del%20Presidente%20de%20la%20Rep%C3%BAblica%20sobre%20el%20proceso%20judicial%20del%20caso%20Mateluna&#038;body=https:\/\/radiorevelacionfm.cl\/?p=26177' aria-hidden='false' data-av_icon='\ue805' data-av_iconfont='entypo-fontello' title='' data-avia-related-tooltip='Compartir por correo'><span class='avia_hidden_link_text'>Compartir por correo<\/span><\/a><\/li><\/ul><\/div><\/div>\n<div  style='height:50px' class='hr hr-invisible   avia-builder-el-8  el_after_av_social_share  el_before_av_comments_list '><span class='hr-inner ' ><span class='hr-inner-style'><\/span><\/span><\/div>\n<div  class='av-buildercomment  av-blog-meta-html-info-disabled av-blog-meta-tag-disabled  '><\/div>\n","protected":false},"excerpt":{"rendered":"","protected":false},"author":1,"featured_media":26178,"comment_status":"open","ping_status":"open","sticky":false,"template":"","format":"standard","meta":{"footnotes":""},"categories":[55],"tags":[],"class_list":["post-26177","post","type-post","status-publish","format-standard","has-post-thumbnail","hentry","category-justicia"],"jetpack_featured_media_url":"https:\/\/radiorevelacionfm.cl\/wp-content\/uploads\/2023\/01\/Foto-Corte-Suprema-1-1-1.jpg","_links":{"self":[{"href":"https:\/\/radiorevelacionfm.cl\/index.php?rest_route=\/wp\/v2\/posts\/26177","targetHints":{"allow":["GET"]}}],"collection":[{"href":"https:\/\/radiorevelacionfm.cl\/index.php?rest_route=\/wp\/v2\/posts"}],"about":[{"href":"https:\/\/radiorevelacionfm.cl\/index.php?rest_route=\/wp\/v2\/types\/post"}],"author":[{"embeddable":true,"href":"https:\/\/radiorevelacionfm.cl\/index.php?rest_route=\/wp\/v2\/users\/1"}],"replies":[{"embeddable":true,"href":"https:\/\/radiorevelacionfm.cl\/index.php?rest_route=%2Fwp%2Fv2%2Fcomments&post=26177"}],"version-history":[{"count":2,"href":"https:\/\/radiorevelacionfm.cl\/index.php?rest_route=\/wp\/v2\/posts\/26177\/revisions"}],"predecessor-version":[{"id":26186,"href":"https:\/\/radiorevelacionfm.cl\/index.php?rest_route=\/wp\/v2\/posts\/26177\/revisions\/26186"}],"wp:featuredmedia":[{"embeddable":true,"href":"https:\/\/radiorevelacionfm.cl\/index.php?rest_route=\/wp\/v2\/media\/26178"}],"wp:attachment":[{"href":"https:\/\/radiorevelacionfm.cl\/index.php?rest_route=%2Fwp%2Fv2%2Fmedia&parent=26177"}],"wp:term":[{"taxonomy":"category","embeddable":true,"href":"https:\/\/radiorevelacionfm.cl\/index.php?rest_route=%2Fwp%2Fv2%2Fcategories&post=26177"},{"taxonomy":"post_tag","embeddable":true,"href":"https:\/\/radiorevelacionfm.cl\/index.php?rest_route=%2Fwp%2Fv2%2Ftags&post=26177"}],"curies":[{"name":"wp","href":"https:\/\/api.w.org\/{rel}","templated":true}]}}