{"id":26173,"date":"2023-01-03T18:29:27","date_gmt":"2023-01-03T21:29:27","guid":{"rendered":"https:\/\/radiorevelacionfm.cl\/?p=26173"},"modified":"2023-01-03T18:29:27","modified_gmt":"2023-01-03T21:29:27","slug":"grupo-de-rescate-subacuatico-de-puerto-aysen-recibe-vehiculos-nuevos","status":"publish","type":"post","link":"https:\/\/radiorevelacionfm.cl\/?p=26173","title":{"rendered":"Grupo de rescate subacu\u00e1tico de Puerto Ays\u00e9n recibe veh\u00edculos nuevos"},"content":{"rendered":"<div class=\"flex_column av_one_full  flex_column_div av-zero-column-padding first  avia-builder-el-0  el_before_av_one_full  avia-builder-el-first  \" style='border-radius:0px; '><div  class='avia-image-container  av-styling-    avia-builder-el-1  avia-builder-el-no-sibling  avia-align-center '  itemprop=\"image\" itemscope=\"itemscope\" itemtype=\"https:\/\/schema.org\/ImageObject\"  ><div class='avia-image-container-inner'><div class='avia-image-overlay-wrap'><img decoding=\"async\" class='wp-image-26174 avia-img-lazy-loading-not-26174 avia_image' src=\"https:\/\/radiorevelacionfm.cl\/wp-content\/uploads\/2023\/01\/4-43-1-1.jpeg\" alt='' title='4 (43) (1) (1)' height=\"600\" width=\"900\"  itemprop=\"thumbnailUrl\" srcset=\"https:\/\/radiorevelacionfm.cl\/wp-content\/uploads\/2023\/01\/4-43-1-1.jpeg 900w, https:\/\/radiorevelacionfm.cl\/wp-content\/uploads\/2023\/01\/4-43-1-1-300x200.jpeg 300w, https:\/\/radiorevelacionfm.cl\/wp-content\/uploads\/2023\/01\/4-43-1-1-768x512.jpeg 768w, https:\/\/radiorevelacionfm.cl\/wp-content\/uploads\/2023\/01\/4-43-1-1-705x470.jpeg 705w, https:\/\/radiorevelacionfm.cl\/wp-content\/uploads\/2023\/01\/4-43-1-1-600x400.jpeg 600w\" sizes=\"(max-width: 900px) 100vw, 900px\" \/><\/div><\/div><\/div><\/div><div class=\"flex_column av_one_full  flex_column_div av-zero-column-padding first  avia-builder-el-2  el_after_av_one_full  el_before_av_one_full  column-top-margin\" style='border-radius:0px; '><section class=\"av_textblock_section \"  itemscope=\"itemscope\" itemtype=\"https:\/\/schema.org\/BlogPosting\" itemprop=\"blogPost\" ><div class='avia_textblock  '   itemprop=\"text\" ><p style=\"text-align: center;\"><strong><span style=\"font-size: 18pt;\">Grupo de rescate subacu\u00e1tico de Puerto Ays\u00e9n recibe veh\u00edculos nuevos <\/span><\/strong><\/p>\n<div id=\"gtx-trans\" style=\"position: absolute; left: -50px; top: 4.31534px;\">\n<div class=\"gtx-trans-icon\"><\/div>\n<\/div>\n<\/div><\/section><\/div><div class=\"flex_column av_one_full  flex_column_div av-zero-column-padding first  avia-builder-el-4  el_after_av_one_full  el_before_av_hr  column-top-margin\" style='border-radius:0px; '><section class=\"av_textblock_section \"  itemscope=\"itemscope\" itemtype=\"https:\/\/schema.org\/BlogPosting\" itemprop=\"blogPost\" ><div class='avia_textblock  '   itemprop=\"text\" ><p dir=\"ltr\" style=\"text-align: justify;\">En el marco de los lineamientos del plan del Gobierno Regional de Ays\u00e9n, donde uno de los puntos prioritarios es apoyar a organizaciones en la obtenci\u00f3n de maquinarias o equipos que requieran para su funcionamiento, la Gobernadora Regional Andrea Mac\u00edas Palma entreg\u00f3 a la Segunda Compa\u00f1\u00eda de Bomberos de Puerto Ays\u00e9n tres veh\u00edculos especializados para realizar rescates subacu\u00e1ticos.<\/p>\n<p dir=\"ltr\" style=\"text-align: justify;\">\u00abNosotros nos comprometimos con la Compa\u00f1\u00eda, porque entendemos que GERSA es un grupo de rescate subacu\u00e1tico que cada vez se ha ido especializando m\u00e1s en funci\u00f3n de lo que nosotros necesitamos como regi\u00f3n. La cantidad de emergencias que hay que atender bajo el agua cada vez se van incrementando. Es lamentable esta cifra pero, por lo mismo, tenemos que generar todas las condiciones para poder estar preparados de la mejor manera\u00bb, sostuvo la m\u00e1xima autoridad regional de Ays\u00e9n.<\/p>\n<p dir=\"ltr\" style=\"text-align: justify;\">Puntualmente, el equipamiento corresponde a: una camioneta acondicionada para estas labores de rescate, un bote inflable desmontable con motor fuera de borda, y una moto de agua con carro de arrastre, veh\u00edculos que fueron adquiridos por un monto total de $143 millones de pesos aproximadamente.<\/p>\n<p dir=\"ltr\" style=\"text-align: justify;\">\u00abEstamos muy felices porque es un equipamiento que nosotros necesit\u00e1bamos, y que por lo mismo se va a poner altiro en ejercicio, para cualquier emergencia que exista m\u00e1s adelante\u00bb, dijo al respecto el superintendente del Cuerpo de Bomberos de la Regi\u00f3n de Ays\u00e9n, Arturo Loaiza.<\/p>\n<p dir=\"ltr\" style=\"text-align: justify;\">Cabe mencionar que a fines del a\u00f1o 2022 el Gobierno Regional de Ays\u00e9n realiz\u00f3 una transferencia a Bomberos por $10.080 millones, siendo este el primero de los aportes directos de un acuerdo de financiamiento, cuyo monto final ascender\u00e1 a m\u00e1s de $19 mil millones, la suma m\u00e1s grande entregada a la instituci\u00f3n en la regi\u00f3n hasta la fecha.<\/p>\n<p dir=\"ltr\" style=\"text-align: justify;\">Sobre lo anterior, el Consejero Regional de la Provincia de Ays\u00e9n, Sergio Gonz\u00e1lez, precis\u00f3 que este \u00abes un proyecto que viene de 2018, para una instituci\u00f3n que lo necesitaba, que es muy importante dentro de lo que es el rescate subacu\u00e1tico. La verdad es que hoy nos sentimos muy contentos de que haya sido el Gobierno Regional el encargado de adquirir la maquinaria. Todav\u00eda faltan algunos equipamientos obviamente, pero hoy se ha entregado la parte m\u00e1s importante. Estamos respondiendo, y como Consejo Regional nos sentimos muy felices por eso y por los Bomberos de nuestra regi\u00f3n\u00bb.<\/p>\n<p dir=\"ltr\" style=\"text-align: justify;\"><strong>Camiones para Ays\u00e9n<\/strong><\/p>\n<p dir=\"ltr\" style=\"text-align: justify;\">Bajo la misma premisa de apoyar a las instituciones y municipios de la regi\u00f3n con la obtenci\u00f3n de equipamiento, la Gobernadora Regional tambi\u00e9n hizo entrega a la Municipalidad de Ays\u00e9n de dos camiones requeridos para la mantenci\u00f3n de espacios p\u00fablicos de la comuna.<\/p>\n<p dir=\"ltr\" style=\"text-align: justify;\">\u00abEntendemos que la primera respuesta que siempre tiene la ciudadan\u00eda es desde sus municipios, y por ende, para nosotros como Gobierno Regional y su Consejo es fundamental poder trabajar de manera coordinada y colaborativa con cada uno ellos. En el caso de la comuna de Ays\u00e9n, durante 2022 hemos realizado distintas y grandes inversiones\u00bb, recalc\u00f3 la Gobernadora Andrea Mac\u00edas Palma, haciendo referencia a proyectos como el de la reposici\u00f3n del cementerio de Puerto Ays\u00e9n, de la Escuela Diferencial Despertar y del puente Gran Pangal, entre otros.<\/p>\n<p dir=\"ltr\" style=\"text-align: justify;\">El aporte del Gobierno Regional en esta oportunidad consiste en un cami\u00f3n 3\/4 con doble cabina, que ser\u00e1 destinado para apoyar en la mantenci\u00f3n de las \u00e1reas verdes de Ays\u00e9n, y de un cami\u00f3n limpia fosas, veh\u00edculo que resulta necesario para una correcta eliminaci\u00f3n de los residuos dentro del radio urbano y tambi\u00e9n pensando en los lugares rurales o con menor conectividad que no tienen acceso a una red de alcantarillado.<\/p>\n<p dir=\"ltr\" style=\"text-align: justify;\">El alcalde de Ays\u00e9n, Julio Uribe, manifest\u00f3 que en el municipio est\u00e1n muy entusiastas por la adquisici\u00f3n de estas maquinarias que se incorporan a su flota. \u00abEstamos muy contentos y agradecidos del Gobierno Regional, ojal\u00e1 que podamos seguir trabajando en conjunto para poder seguir haciendo crecer a la comuna en las diferentes \u00e1reas\u00bb, indic\u00f3 la autoridad municipal.<\/p>\n<p dir=\"ltr\" style=\"text-align: justify;\">Esta iniciativa, cuyo objetivo es la creaci\u00f3n, mejoramiento y\/o mantenci\u00f3n de \u00e1reas verdes, equipamiento urbano, gesti\u00f3n de residuos s\u00f3lidos y de bienes nacionales de uso p\u00fablico, contempla en adici\u00f3n a los veh\u00edculos ya mencionados un cami\u00f3n barredor de calle industrial, que ser\u00e1 entregado pr\u00f3ximamente para completar un financiamiento total por un monto de $236 millones.<\/p>\n<p dir=\"ltr\" style=\"text-align: justify;\">Por \u00faltimo, el Consejero Regional de la Provincia de Ays\u00e9n, Marco Gillibrand, relev\u00f3 la gesti\u00f3n de la Gobernadora Regional y de su Consejo en este aporte que, seg\u00fan coment\u00f3, ayudar\u00e1 a favorecer la labor de funcionarios y funcionarias de la municipalidad. \u00abEran tremendamente necesarios estos camiones, m\u00e1s el que viene que es para limpiar las calles, as\u00ed que estoy muy contento de haber puesto tambi\u00e9n mi mano para apoyar estos tres nuevos elementos que tiene hoy la comuna de Ays\u00e9n. Felicitar tambi\u00e9n a la comuna, que va a tener pronto su implementaci\u00f3n, para que los trabajadores municipales puedan tener cada d\u00eda m\u00e1s bella nuestra ciudad\u00bb, concluy\u00f3.<\/p>\n<\/div><\/section><\/div><div  style='height:50px' class='hr hr-invisible   avia-builder-el-6  el_after_av_one_full  el_before_av_social_share '><span class='hr-inner ' ><span class='hr-inner-style'><\/span><\/span><\/div><\/p>\n<div  class='av-social-sharing-box  avia-builder-el-7  el_after_av_hr  el_before_av_hr  '><div class='av-share-box'><h5 class='av-share-link-description av-no-toc '>Compartir esta noticia<\/h5><ul class='av-share-box-list noLightbox'><li class='av-share-link av-social-link-facebook' ><a target=\"_blank\" aria-label=\"Compartir en Facebook\" href='https:\/\/www.facebook.com\/sharer.php?u=https:\/\/radiorevelacionfm.cl\/?p=26173&#038;t=Grupo%20de%20rescate%20subacu%C3%A1tico%20de%20Puerto%20Ays%C3%A9n%20recibe%20veh%C3%ADculos%20nuevos' aria-hidden='false' data-av_icon='\ue8f3' data-av_iconfont='entypo-fontello' title='' data-avia-related-tooltip='Compartir en Facebook' rel=\"noopener\"><span class='avia_hidden_link_text'>Compartir en Facebook<\/span><\/a><\/li><li class='av-share-link av-social-link-twitter' ><a target=\"_blank\" aria-label=\"Compartir en Twitter\" href='https:\/\/twitter.com\/share?text=Grupo%20de%20rescate%20subacu%C3%A1tico%20de%20Puerto%20Ays%C3%A9n%20recibe%20veh%C3%ADculos%20nuevos&#038;url=https:\/\/radiorevelacionfm.cl\/?p=26173' aria-hidden='false' data-av_icon='\ue8f1' data-av_iconfont='entypo-fontello' title='' data-avia-related-tooltip='Compartir en Twitter' rel=\"noopener\"><span class='avia_hidden_link_text'>Compartir en Twitter<\/span><\/a><\/li><li class='av-share-link av-social-link-whatsapp' ><a target=\"_blank\" aria-label=\"Compartir en Whatsapp\" href='https:\/\/api.whatsapp.com\/send?text=https:\/\/radiorevelacionfm.cl\/?p=26173' aria-hidden='false' data-av_icon='\uf232' data-av_iconfont='entypo-fontello' title='' data-avia-related-tooltip='Compartir en Whatsapp' rel=\"noopener\"><span class='avia_hidden_link_text'>Compartir en Whatsapp<\/span><\/a><\/li><li class='av-share-link av-social-link-linkedin' ><a target=\"_blank\" aria-label=\"Compartir en LinkedIn\" href='https:\/\/linkedin.com\/shareArticle?mini=true&#038;title=Grupo%20de%20rescate%20subacu%C3%A1tico%20de%20Puerto%20Ays%C3%A9n%20recibe%20veh%C3%ADculos%20nuevos&#038;url=https:\/\/radiorevelacionfm.cl\/?p=26173' aria-hidden='false' data-av_icon='\ue8fc' data-av_iconfont='entypo-fontello' title='' data-avia-related-tooltip='Compartir en LinkedIn' rel=\"noopener\"><span class='avia_hidden_link_text'>Compartir en LinkedIn<\/span><\/a><\/li><li class='av-share-link av-social-link-mail' ><a  aria-label=\"Compartir por correo\" href='mailto:?subject=Grupo%20de%20rescate%20subacu%C3%A1tico%20de%20Puerto%20Ays%C3%A9n%20recibe%20veh%C3%ADculos%20nuevos&#038;body=https:\/\/radiorevelacionfm.cl\/?p=26173' aria-hidden='false' data-av_icon='\ue805' data-av_iconfont='entypo-fontello' title='' data-avia-related-tooltip='Compartir por correo'><span class='avia_hidden_link_text'>Compartir por correo<\/span><\/a><\/li><\/ul><\/div><\/div>\n<div  style='height:50px' class='hr hr-invisible   avia-builder-el-8  el_after_av_social_share  el_before_av_comments_list '><span class='hr-inner ' ><span class='hr-inner-style'><\/span><\/span><\/div>\n<div  class='av-buildercomment  av-blog-meta-html-info-disabled av-blog-meta-tag-disabled  '><\/div>\n","protected":false},"excerpt":{"rendered":"","protected":false},"author":1,"featured_media":26174,"comment_status":"open","ping_status":"open","sticky":false,"template":"","format":"standard","meta":{"footnotes":""},"categories":[38],"tags":[],"class_list":["post-26173","post","type-post","status-publish","format-standard","has-post-thumbnail","hentry","category-regional"],"jetpack_featured_media_url":"https:\/\/radiorevelacionfm.cl\/wp-content\/uploads\/2023\/01\/4-43-1-1.jpeg","_links":{"self":[{"href":"https:\/\/radiorevelacionfm.cl\/index.php?rest_route=\/wp\/v2\/posts\/26173","targetHints":{"allow":["GET"]}}],"collection":[{"href":"https:\/\/radiorevelacionfm.cl\/index.php?rest_route=\/wp\/v2\/posts"}],"about":[{"href":"https:\/\/radiorevelacionfm.cl\/index.php?rest_route=\/wp\/v2\/types\/post"}],"author":[{"embeddable":true,"href":"https:\/\/radiorevelacionfm.cl\/index.php?rest_route=\/wp\/v2\/users\/1"}],"replies":[{"embeddable":true,"href":"https:\/\/radiorevelacionfm.cl\/index.php?rest_route=%2Fwp%2Fv2%2Fcomments&post=26173"}],"version-history":[{"count":2,"href":"https:\/\/radiorevelacionfm.cl\/index.php?rest_route=\/wp\/v2\/posts\/26173\/revisions"}],"predecessor-version":[{"id":26180,"href":"https:\/\/radiorevelacionfm.cl\/index.php?rest_route=\/wp\/v2\/posts\/26173\/revisions\/26180"}],"wp:featuredmedia":[{"embeddable":true,"href":"https:\/\/radiorevelacionfm.cl\/index.php?rest_route=\/wp\/v2\/media\/26174"}],"wp:attachment":[{"href":"https:\/\/radiorevelacionfm.cl\/index.php?rest_route=%2Fwp%2Fv2%2Fmedia&parent=26173"}],"wp:term":[{"taxonomy":"category","embeddable":true,"href":"https:\/\/radiorevelacionfm.cl\/index.php?rest_route=%2Fwp%2Fv2%2Fcategories&post=26173"},{"taxonomy":"post_tag","embeddable":true,"href":"https:\/\/radiorevelacionfm.cl\/index.php?rest_route=%2Fwp%2Fv2%2Ftags&post=26173"}],"curies":[{"name":"wp","href":"https:\/\/api.w.org\/{rel}","templated":true}]}}