{"id":2617,"date":"2021-02-15T14:49:09","date_gmt":"2021-02-15T17:49:09","guid":{"rendered":"https:\/\/radiorevelacionfm.cl\/?p=2617"},"modified":"2021-02-15T14:49:09","modified_gmt":"2021-02-15T17:49:09","slug":"con-diversos-talleres-inician-esta-semana-microresidencias-en-la-corporacion-cultural-de-coyhaique","status":"publish","type":"post","link":"https:\/\/radiorevelacionfm.cl\/?p=2617","title":{"rendered":"Con diversos talleres inician esta semana microresidencias en la Corporaci\u00f3n Cultural de Coyhaique"},"content":{"rendered":"<div class=\"flex_column av_one_full  flex_column_div av-zero-column-padding first  avia-builder-el-0  el_before_av_one_full  avia-builder-el-first  \" style='border-radius:0px; '><div  class='avia-image-container  av-styling-    avia-builder-el-1  avia-builder-el-no-sibling  avia-align-center '  itemprop=\"image\" itemscope=\"itemscope\" itemtype=\"https:\/\/schema.org\/ImageObject\"  ><div class='avia-image-container-inner'><div class='avia-image-overlay-wrap'><img decoding=\"async\" class='wp-image-0 avia-img-lazy-loading-not-0 avia_image' src=\"https:\/\/radiorevelacionfm.cl\/wp-content\/uploads\/2021\/02\/centro-cultural_optimized.jpg\" alt='' title=''   itemprop=\"thumbnailUrl\"  \/><\/div><\/div><\/div><\/div><div class=\"flex_column av_one_full  flex_column_div av-zero-column-padding first  avia-builder-el-2  el_after_av_one_full  el_before_av_one_full  column-top-margin\" style='border-radius:0px; '><section class=\"av_textblock_section \"  itemscope=\"itemscope\" itemtype=\"https:\/\/schema.org\/BlogPosting\" itemprop=\"blogPost\" ><div class='avia_textblock  '   itemprop=\"text\" ><p style=\"text-align: center;\"><span style=\"font-size: 18pt;\"><strong>Con diversos talleres inician esta semana microresidencias en la Corporaci\u00f3n Cultural de Coyhaique<\/strong><\/span><\/p>\n<div id=\"gtx-trans\" style=\"position: absolute; left: -50px; top: 4.31534px;\">\n<div class=\"gtx-trans-icon\"><\/div>\n<\/div>\n<\/div><\/section><\/div><div class=\"flex_column av_one_full  flex_column_div av-zero-column-padding first  avia-builder-el-4  el_after_av_one_full  el_before_av_hr  column-top-margin\" style='border-radius:0px; '><section class=\"av_textblock_section \"  itemscope=\"itemscope\" itemtype=\"https:\/\/schema.org\/BlogPosting\" itemprop=\"blogPost\" ><div class='avia_textblock  '   itemprop=\"text\" ><p style=\"text-align: justify;\"><em>La idea es parte de un esfuerzo por generar espacios de co-creaci\u00f3n entre p\u00fablico, artistas e instituciones adem\u00e1s de mantener una oferta cultural y art\u00edstica a la comunidad. <\/em><\/p>\n<p style=\"text-align: justify;\">Las micro-residencias que comenzar\u00e1n esta semana se sit\u00faan dentro de un dise\u00f1o de gesti\u00f3n de la Corporaci\u00f3n Cultural Municipal de Coyhaique que busca fomentar un plan de desarrollo de p\u00fablicos que va desde los y las habituales hasta la comunidad en general, adem\u00e1s de propiciar la creaci\u00f3n e identidad cultural propia de la comuna, una iniciativa que es cofinanciada por el Ministerio de las Culturas, las Artes y el Patrimonio y que considera una inversi\u00f3n que asciende a los $15 millones y se desarrollar\u00e1 durante el primer semestre de este 2021.<\/p>\n<p style=\"text-align: justify;\">Ver\u00f3nica D\u00edaz, Seremi de las Culturas las Artes y el Patrimonio, explic\u00f3 que \u00abcuando comenz\u00f3 la pandemia, como Ministerio de las Culturas no vimos enfrentados a varios desaf\u00edos, entre ellos y uno de los m\u00e1s relevantes fue entregar financiamiento a los espacios culturales para que puedan seguir con programaci\u00f3n, la que va en directo beneficio de creadoras y creadores, as\u00ed naci\u00f3 este fondo de desarrollo de p\u00fablicos, que en esta oportunidad permitir\u00e1 al Centro Cultural Coyhaique, realizar sesiones virtuales en cinco disciplinas art\u00edsticas, lo que favorecer\u00e1 no solo al espacio en s\u00ed, sino que tambi\u00e9n a los ejecutores y a la comunidad en general\u00bb, mencion\u00f3 la autoridad regional.<\/p>\n<p style=\"text-align: justify;\">Seg\u00fan Camilo Guti\u00e9rrez, director (I) de la Corporaci\u00f3n Cultural Municipal de Coyhaique, esta iniciativa contempla talleres en danza, arte urbano, ilustraci\u00f3n, teatro y fotograf\u00eda que han sido adaptadas a la situaci\u00f3n sanitaria que vive nuestra comuna y que se complementan a otras iniciativas abiertas a la comunidad tendientes a un Plan de Desarrollo de P\u00fablicos. \u201cImpulsar iniciativas que fomenten la co-creaci\u00f3n art\u00edstica con las personas que habitualmente participan de actividades de la corporaci\u00f3n o vincularnos directamente con la comunidad a trav\u00e9s de las organizaciones territoriales, es entender la cultura como un derecho que no s\u00f3lo implica facilitar el acceso sino tambi\u00e9n generar las condiciones para que la ciudadan\u00eda sea parte de procesos creativos\u201d, dijo el funcionario de la corporaci\u00f3n cultural.<\/p>\n<p style=\"text-align: justify;\">La iniciativa que busca crear \u00a0oportunidades de creaci\u00f3n y reflexi\u00f3n en torno al quehacer art\u00edstico y desarrollar un v\u00ednculo con los diferentes p\u00fablicos que tiene el centro cultural a trav\u00e9s de estas actividades pr\u00e1cticas y formativas que contemplan el visionado de obras de teatro y micro-residencias o espacios de creaci\u00f3n en diferentes \u00e1mbitos como los son las danza, teatro, ilustraci\u00f3n, fotograf\u00eda y arte urbano ser\u00e1n guiados por \u00fanicamente por mujeres, artistas especializadas y de renombre como Beatriz Pino, Francisca D\u00edaz, Cristina Coliboro, \u00cdngrid Santamar\u00eda y Denisse Hern\u00e1ndez respectivamente.<\/p>\n<\/div><\/section><\/div><div  style='height:50px' class='hr hr-invisible   avia-builder-el-6  el_after_av_one_full  el_before_av_social_share '><span class='hr-inner ' ><span class='hr-inner-style'><\/span><\/span><\/div><\/p>\n<div  class='av-social-sharing-box  avia-builder-el-7  el_after_av_hr  el_before_av_hr  '><div class='av-share-box'><h5 class='av-share-link-description av-no-toc '>Compartir esta noticia<\/h5><ul class='av-share-box-list noLightbox'><li class='av-share-link av-social-link-facebook' ><a target=\"_blank\" aria-label=\"Compartir en Facebook\" href='https:\/\/www.facebook.com\/sharer.php?u=https:\/\/radiorevelacionfm.cl\/?p=2617&#038;t=Con%20diversos%20talleres%20inician%20esta%20semana%20microresidencias%20en%20la%20Corporaci%C3%B3n%20Cultural%20de%20Coyhaique' aria-hidden='false' data-av_icon='\ue8f3' data-av_iconfont='entypo-fontello' title='' data-avia-related-tooltip='Compartir en Facebook' rel=\"noopener\"><span class='avia_hidden_link_text'>Compartir en Facebook<\/span><\/a><\/li><li class='av-share-link av-social-link-twitter' ><a target=\"_blank\" aria-label=\"Compartir en Twitter\" href='https:\/\/twitter.com\/share?text=Con%20diversos%20talleres%20inician%20esta%20semana%20microresidencias%20en%20la%20Corporaci%C3%B3n%20Cultural%20de%20Coyhaique&#038;url=https:\/\/radiorevelacionfm.cl\/?p=2617' aria-hidden='false' data-av_icon='\ue8f1' data-av_iconfont='entypo-fontello' title='' data-avia-related-tooltip='Compartir en Twitter' rel=\"noopener\"><span class='avia_hidden_link_text'>Compartir en Twitter<\/span><\/a><\/li><li class='av-share-link av-social-link-whatsapp' ><a target=\"_blank\" aria-label=\"Compartir en Whatsapp\" href='https:\/\/api.whatsapp.com\/send?text=https:\/\/radiorevelacionfm.cl\/?p=2617' aria-hidden='false' data-av_icon='\uf232' data-av_iconfont='entypo-fontello' title='' data-avia-related-tooltip='Compartir en Whatsapp' rel=\"noopener\"><span class='avia_hidden_link_text'>Compartir en Whatsapp<\/span><\/a><\/li><li class='av-share-link av-social-link-linkedin' ><a target=\"_blank\" aria-label=\"Compartir en LinkedIn\" href='https:\/\/linkedin.com\/shareArticle?mini=true&#038;title=Con%20diversos%20talleres%20inician%20esta%20semana%20microresidencias%20en%20la%20Corporaci%C3%B3n%20Cultural%20de%20Coyhaique&#038;url=https:\/\/radiorevelacionfm.cl\/?p=2617' aria-hidden='false' data-av_icon='\ue8fc' data-av_iconfont='entypo-fontello' title='' data-avia-related-tooltip='Compartir en LinkedIn' rel=\"noopener\"><span class='avia_hidden_link_text'>Compartir en LinkedIn<\/span><\/a><\/li><li class='av-share-link av-social-link-mail' ><a  aria-label=\"Compartir por correo\" href='mailto:?subject=Con%20diversos%20talleres%20inician%20esta%20semana%20microresidencias%20en%20la%20Corporaci%C3%B3n%20Cultural%20de%20Coyhaique&#038;body=https:\/\/radiorevelacionfm.cl\/?p=2617' aria-hidden='false' data-av_icon='\ue805' data-av_iconfont='entypo-fontello' title='' data-avia-related-tooltip='Compartir por correo'><span class='avia_hidden_link_text'>Compartir por correo<\/span><\/a><\/li><\/ul><\/div><\/div>\n<div  style='height:50px' class='hr hr-invisible   avia-builder-el-8  el_after_av_social_share  el_before_av_comments_list '><span class='hr-inner ' ><span class='hr-inner-style'><\/span><\/span><\/div>\n<div  class='av-buildercomment  av-blog-meta-html-info-disabled av-blog-meta-tag-disabled  '><\/div>\n","protected":false},"excerpt":{"rendered":"","protected":false},"author":1,"featured_media":0,"comment_status":"open","ping_status":"open","sticky":false,"template":"","format":"standard","meta":{"footnotes":""},"categories":[52],"tags":[],"class_list":["post-2617","post","type-post","status-publish","format-standard","hentry","category-cultura"],"jetpack_featured_media_url":"","_links":{"self":[{"href":"https:\/\/radiorevelacionfm.cl\/index.php?rest_route=\/wp\/v2\/posts\/2617","targetHints":{"allow":["GET"]}}],"collection":[{"href":"https:\/\/radiorevelacionfm.cl\/index.php?rest_route=\/wp\/v2\/posts"}],"about":[{"href":"https:\/\/radiorevelacionfm.cl\/index.php?rest_route=\/wp\/v2\/types\/post"}],"author":[{"embeddable":true,"href":"https:\/\/radiorevelacionfm.cl\/index.php?rest_route=\/wp\/v2\/users\/1"}],"replies":[{"embeddable":true,"href":"https:\/\/radiorevelacionfm.cl\/index.php?rest_route=%2Fwp%2Fv2%2Fcomments&post=2617"}],"version-history":[{"count":1,"href":"https:\/\/radiorevelacionfm.cl\/index.php?rest_route=\/wp\/v2\/posts\/2617\/revisions"}],"predecessor-version":[{"id":2619,"href":"https:\/\/radiorevelacionfm.cl\/index.php?rest_route=\/wp\/v2\/posts\/2617\/revisions\/2619"}],"wp:attachment":[{"href":"https:\/\/radiorevelacionfm.cl\/index.php?rest_route=%2Fwp%2Fv2%2Fmedia&parent=2617"}],"wp:term":[{"taxonomy":"category","embeddable":true,"href":"https:\/\/radiorevelacionfm.cl\/index.php?rest_route=%2Fwp%2Fv2%2Fcategories&post=2617"},{"taxonomy":"post_tag","embeddable":true,"href":"https:\/\/radiorevelacionfm.cl\/index.php?rest_route=%2Fwp%2Fv2%2Ftags&post=2617"}],"curies":[{"name":"wp","href":"https:\/\/api.w.org\/{rel}","templated":true}]}}