{"id":26166,"date":"2023-01-04T09:33:54","date_gmt":"2023-01-04T12:33:54","guid":{"rendered":"https:\/\/radiorevelacionfm.cl\/?p=26166"},"modified":"2023-01-04T09:33:54","modified_gmt":"2023-01-04T12:33:54","slug":"municipio-de-aysen-obtiene-nueva-maquinaria-para-la-direccion-de-aseo-ornato-y-medioambiente","status":"publish","type":"post","link":"https:\/\/radiorevelacionfm.cl\/?p=26166","title":{"rendered":"Municipio de Ays\u00e9n obtiene nueva maquinaria para la Direcci\u00f3n de Aseo, Ornato y Medioambiente"},"content":{"rendered":"<div class=\"flex_column av_one_full  flex_column_div av-zero-column-padding first  avia-builder-el-0  el_before_av_one_full  avia-builder-el-first  \" style='border-radius:0px; '><div  class='avia-image-container  av-styling-    avia-builder-el-1  avia-builder-el-no-sibling  avia-align-center '  itemprop=\"image\" itemscope=\"itemscope\" itemtype=\"https:\/\/schema.org\/ImageObject\"  ><div class='avia-image-container-inner'><div class='avia-image-overlay-wrap'><img decoding=\"async\" class='wp-image-26167 avia-img-lazy-loading-not-26167 avia_image' src=\"https:\/\/radiorevelacionfm.cl\/wp-content\/uploads\/2023\/01\/DSC_0074-1.jpg\" alt='' title='DSC_0074 (1)' height=\"600\" width=\"900\"  itemprop=\"thumbnailUrl\" srcset=\"https:\/\/radiorevelacionfm.cl\/wp-content\/uploads\/2023\/01\/DSC_0074-1.jpg 900w, https:\/\/radiorevelacionfm.cl\/wp-content\/uploads\/2023\/01\/DSC_0074-1-300x200.jpg 300w, https:\/\/radiorevelacionfm.cl\/wp-content\/uploads\/2023\/01\/DSC_0074-1-768x512.jpg 768w, https:\/\/radiorevelacionfm.cl\/wp-content\/uploads\/2023\/01\/DSC_0074-1-705x470.jpg 705w, https:\/\/radiorevelacionfm.cl\/wp-content\/uploads\/2023\/01\/DSC_0074-1-600x400.jpg 600w\" sizes=\"(max-width: 900px) 100vw, 900px\" \/><\/div><\/div><\/div><\/div><div class=\"flex_column av_one_full  flex_column_div av-zero-column-padding first  avia-builder-el-2  el_after_av_one_full  el_before_av_one_full  column-top-margin\" style='border-radius:0px; '><section class=\"av_textblock_section \"  itemscope=\"itemscope\" itemtype=\"https:\/\/schema.org\/BlogPosting\" itemprop=\"blogPost\" ><div class='avia_textblock  '   itemprop=\"text\" ><p style=\"text-align: center;\"><span style=\"font-size: 18pt;\"><strong>Municipio de Ays\u00e9n obtiene nueva maquinaria para la Direcci\u00f3n de Aseo, Ornato y Medioambiente<\/strong><\/span><\/p>\n<div id=\"gtx-trans\" style=\"position: absolute; left: -50px; top: 4.31534px;\">\n<div class=\"gtx-trans-icon\"><\/div>\n<\/div>\n<\/div><\/section><\/div><div class=\"flex_column av_one_full  flex_column_div av-zero-column-padding first  avia-builder-el-4  el_after_av_one_full  el_before_av_hr  column-top-margin\" style='border-radius:0px; '><section class=\"av_textblock_section \"  itemscope=\"itemscope\" itemtype=\"https:\/\/schema.org\/BlogPosting\" itemprop=\"blogPost\" ><div class='avia_textblock  '   itemprop=\"text\" ><p style=\"text-align: justify;\">La Ilustre Municipalidad de Ays\u00e9n finaliz\u00f3 el 2022 con excelentes noticias para su comunidad. La instituci\u00f3n a trav\u00e9s de su Secretar\u00eda Comunal de Planificaci\u00f3n, desarroll\u00f3 el proyecto \u201cAdquisici\u00f3n de veh\u00edculos para la mantenci\u00f3n de espacios p\u00fablicos y \u00e1reas verdes\u201d para la comuna de Ays\u00e9n.<\/p>\n<p style=\"text-align: justify;\">Este proyecto busc\u00f3 adquirir maquinaria para la mantenci\u00f3n de espacios p\u00fablicos, \u00e1rea que se encarga la Direcci\u00f3n de Aseo, Ornato y Medioambiente, el cual fue presentado al Gobierno Regional de Ays\u00e9n para su financiamiento.<\/p>\n<p style=\"text-align: justify;\">La Secretar\u00eda Comunal de Planificaci\u00f3n de la Ilustre Municipalidad de Ays\u00e9n, desarroll\u00f3 este proyecto el cual contempla un valor de doscientos millones pesos. \u201cA trav\u00e9s de este proyecto se adquiri\u00f3 un cami\u00f3n \u00be, que es un barrecalles industrial, y un cami\u00f3n limpia fosas, maquinaria que viene en directo apoyo a la Direcci\u00f3n de Aseo, Ornato y Medioambiente para el trabajo de mantenci\u00f3n en distintos espacios p\u00fablicos\u201d, especific\u00f3 Roc\u00edo B\u00f3rquez Jorquera, directora de la Secretar\u00eda Comunal de Planificaci\u00f3n. Directo apoyo que desde la Unidad de Aseo y Ornato valoran; \u201ces fundamental contar con maquinaria para cuando sea necesaria, ya que nos facilita las labores diarias\u201d, especifica Ricardo Wahl, jefe de Aseo y Ornato.<\/p>\n<p style=\"text-align: justify;\">Asimismo, el pasado viernes 30 de diciembre, ya finalizando el 2022, fue la ceremonia de entrega de la maquinaria en la Plaza de Armas de Puerto Ays\u00e9n, instancia en la que estuvo presente la Gobernadora Regional, Andrea Mac\u00edas Palma, el alcalde de la comuna, Julio Uribe Alvarado, el delegado presidencial, Jorge Salfate Aguayo, y los concejeros regionales, Sergio Gonz\u00e1lez B\u00f3rquez, Mar\u00eda Loreta Villegas y Marco Gillibrand Mar\u00edn. Tambi\u00e9n estuvieron presentes las concejalas, Rosa Gonz\u00e1lez B\u00f3rquez, Tatiana Villarroel Arancibia y Silvia Klagges Cristi, junto al concejal, Jorge Figueroa Jara.<\/p>\n<p style=\"text-align: justify;\">\u201cEstamos finalizando el a\u00f1o muy contentos de estar en Ays\u00e9n, asistiendo al cumplimiento de este compromiso que asumimos con el Municipio, con la comunidad, de poder proveer maquinarias que faciliten el trabajo. Sin duda, este es un gran aporte para una comuna en la que todav\u00eda hay localidades alejadas y sectores rurales, que no cuentan con un sistema de alcantarillado. En este sentido, esta maquinaria viene apoyar al Municipio para que pueda cumplir sus funciones ya que entendemos que la primera respuesta de la ciudadan\u00eda es desde su Municipio, por ende, para nosotros como Gobierno Regional y su Concejo, es fundamental para poder trabajar de manera coordinada y colaborativa con cada uno de los municipios de nuestra regi\u00f3n\u201d, asegura Andrea Mac\u00edas Palma, gobernadora regional.<\/p>\n<p style=\"text-align: justify;\">Para el alcalde de la comuna, Julio Uribe Alvarado, la entrega de esta maquinaria fue un excelente cierre de a\u00f1o para la comuna, \u201cnos hemos adjudicado muchos proyectos, de los cuales este era uno muy esperado ya que los camiones vienen a complementar nuestra flota de maquinaria que son de mucha necesidad. En el caso del cami\u00f3n limpia fosas, es un cami\u00f3n que trabaja en emergencias, que trabaja con personas que est\u00e1n abnegadas y que hoy vamos a poder responder de mejor forma a nuestros vecinos. Este cami\u00f3n llega a \u00e1reas verdes para que pueda cumplir de mejor forma su trabajo\u201d, finaliza el edil.<\/p>\n<\/div><\/section><\/div><div  style='height:50px' class='hr hr-invisible   avia-builder-el-6  el_after_av_one_full  el_before_av_social_share '><span class='hr-inner ' ><span class='hr-inner-style'><\/span><\/span><\/div><\/p>\n<div  class='av-social-sharing-box  avia-builder-el-7  el_after_av_hr  el_before_av_hr  '><div class='av-share-box'><h5 class='av-share-link-description av-no-toc '>Compartir esta noticia<\/h5><ul class='av-share-box-list noLightbox'><li class='av-share-link av-social-link-facebook' ><a target=\"_blank\" aria-label=\"Compartir en Facebook\" href='https:\/\/www.facebook.com\/sharer.php?u=https:\/\/radiorevelacionfm.cl\/?p=26166&#038;t=Municipio%20de%20Ays%C3%A9n%20obtiene%20nueva%20maquinaria%20para%20la%20Direcci%C3%B3n%20de%20Aseo%2C%20Ornato%20y%20Medioambiente' aria-hidden='false' data-av_icon='\ue8f3' data-av_iconfont='entypo-fontello' title='' data-avia-related-tooltip='Compartir en Facebook' rel=\"noopener\"><span class='avia_hidden_link_text'>Compartir en Facebook<\/span><\/a><\/li><li class='av-share-link av-social-link-twitter' ><a target=\"_blank\" aria-label=\"Compartir en Twitter\" href='https:\/\/twitter.com\/share?text=Municipio%20de%20Ays%C3%A9n%20obtiene%20nueva%20maquinaria%20para%20la%20Direcci%C3%B3n%20de%20Aseo%2C%20Ornato%20y%20Medioambiente&#038;url=https:\/\/radiorevelacionfm.cl\/?p=26166' aria-hidden='false' data-av_icon='\ue8f1' data-av_iconfont='entypo-fontello' title='' data-avia-related-tooltip='Compartir en Twitter' rel=\"noopener\"><span class='avia_hidden_link_text'>Compartir en Twitter<\/span><\/a><\/li><li class='av-share-link av-social-link-whatsapp' ><a target=\"_blank\" aria-label=\"Compartir en Whatsapp\" href='https:\/\/api.whatsapp.com\/send?text=https:\/\/radiorevelacionfm.cl\/?p=26166' aria-hidden='false' data-av_icon='\uf232' data-av_iconfont='entypo-fontello' title='' data-avia-related-tooltip='Compartir en Whatsapp' rel=\"noopener\"><span class='avia_hidden_link_text'>Compartir en Whatsapp<\/span><\/a><\/li><li class='av-share-link av-social-link-linkedin' ><a target=\"_blank\" aria-label=\"Compartir en LinkedIn\" href='https:\/\/linkedin.com\/shareArticle?mini=true&#038;title=Municipio%20de%20Ays%C3%A9n%20obtiene%20nueva%20maquinaria%20para%20la%20Direcci%C3%B3n%20de%20Aseo%2C%20Ornato%20y%20Medioambiente&#038;url=https:\/\/radiorevelacionfm.cl\/?p=26166' aria-hidden='false' data-av_icon='\ue8fc' data-av_iconfont='entypo-fontello' title='' data-avia-related-tooltip='Compartir en LinkedIn' rel=\"noopener\"><span class='avia_hidden_link_text'>Compartir en LinkedIn<\/span><\/a><\/li><li class='av-share-link av-social-link-mail' ><a  aria-label=\"Compartir por correo\" href='mailto:?subject=Municipio%20de%20Ays%C3%A9n%20obtiene%20nueva%20maquinaria%20para%20la%20Direcci%C3%B3n%20de%20Aseo%2C%20Ornato%20y%20Medioambiente&#038;body=https:\/\/radiorevelacionfm.cl\/?p=26166' aria-hidden='false' data-av_icon='\ue805' data-av_iconfont='entypo-fontello' title='' data-avia-related-tooltip='Compartir por correo'><span class='avia_hidden_link_text'>Compartir por correo<\/span><\/a><\/li><\/ul><\/div><\/div>\n<div  style='height:50px' class='hr hr-invisible   avia-builder-el-8  el_after_av_social_share  el_before_av_comments_list '><span class='hr-inner ' ><span class='hr-inner-style'><\/span><\/span><\/div>\n<div  class='av-buildercomment  av-blog-meta-html-info-disabled av-blog-meta-tag-disabled  '><\/div>\n","protected":false},"excerpt":{"rendered":"","protected":false},"author":1,"featured_media":26167,"comment_status":"open","ping_status":"open","sticky":false,"template":"","format":"standard","meta":{"footnotes":""},"categories":[38],"tags":[],"class_list":["post-26166","post","type-post","status-publish","format-standard","has-post-thumbnail","hentry","category-regional"],"jetpack_featured_media_url":"https:\/\/radiorevelacionfm.cl\/wp-content\/uploads\/2023\/01\/DSC_0074-1.jpg","_links":{"self":[{"href":"https:\/\/radiorevelacionfm.cl\/index.php?rest_route=\/wp\/v2\/posts\/26166","targetHints":{"allow":["GET"]}}],"collection":[{"href":"https:\/\/radiorevelacionfm.cl\/index.php?rest_route=\/wp\/v2\/posts"}],"about":[{"href":"https:\/\/radiorevelacionfm.cl\/index.php?rest_route=\/wp\/v2\/types\/post"}],"author":[{"embeddable":true,"href":"https:\/\/radiorevelacionfm.cl\/index.php?rest_route=\/wp\/v2\/users\/1"}],"replies":[{"embeddable":true,"href":"https:\/\/radiorevelacionfm.cl\/index.php?rest_route=%2Fwp%2Fv2%2Fcomments&post=26166"}],"version-history":[{"count":2,"href":"https:\/\/radiorevelacionfm.cl\/index.php?rest_route=\/wp\/v2\/posts\/26166\/revisions"}],"predecessor-version":[{"id":26187,"href":"https:\/\/radiorevelacionfm.cl\/index.php?rest_route=\/wp\/v2\/posts\/26166\/revisions\/26187"}],"wp:featuredmedia":[{"embeddable":true,"href":"https:\/\/radiorevelacionfm.cl\/index.php?rest_route=\/wp\/v2\/media\/26167"}],"wp:attachment":[{"href":"https:\/\/radiorevelacionfm.cl\/index.php?rest_route=%2Fwp%2Fv2%2Fmedia&parent=26166"}],"wp:term":[{"taxonomy":"category","embeddable":true,"href":"https:\/\/radiorevelacionfm.cl\/index.php?rest_route=%2Fwp%2Fv2%2Fcategories&post=26166"},{"taxonomy":"post_tag","embeddable":true,"href":"https:\/\/radiorevelacionfm.cl\/index.php?rest_route=%2Fwp%2Fv2%2Ftags&post=26166"}],"curies":[{"name":"wp","href":"https:\/\/api.w.org\/{rel}","templated":true}]}}