{"id":26163,"date":"2023-01-03T16:56:50","date_gmt":"2023-01-03T19:56:50","guid":{"rendered":"https:\/\/radiorevelacionfm.cl\/?p=26163"},"modified":"2023-01-03T16:56:50","modified_gmt":"2023-01-03T19:56:50","slug":"tribunal-condena-a-5-anos-y-un-dia-de-presidio-a-autor-de-trafico-de-drogas-perpetrado-en-puerto-cisnes","status":"publish","type":"post","link":"https:\/\/radiorevelacionfm.cl\/?p=26163","title":{"rendered":"Tribunal condena a 5 a\u00f1os y un d\u00eda de presidio a autor de tr\u00e1fico de drogas perpetrado en Puerto Cisnes"},"content":{"rendered":"<div class=\"flex_column av_one_full  flex_column_div av-zero-column-padding first  avia-builder-el-0  el_before_av_one_full  avia-builder-el-first  \" style='border-radius:0px; '><div  class='avia-image-container  av-styling-    avia-builder-el-1  avia-builder-el-no-sibling  avia-align-center '  itemprop=\"image\" itemscope=\"itemscope\" itemtype=\"https:\/\/schema.org\/ImageObject\"  ><div class='avia-image-container-inner'><div class='avia-image-overlay-wrap'><img decoding=\"async\" class='wp-image-24329 avia-img-lazy-loading-not-24329 avia_image' src=\"https:\/\/radiorevelacionfm.cl\/wp-content\/uploads\/2022\/11\/top-2-1-1.jpeg\" alt='' title='top 2 (1) (1)' height=\"600\" width=\"1297\"  itemprop=\"thumbnailUrl\" srcset=\"https:\/\/radiorevelacionfm.cl\/wp-content\/uploads\/2022\/11\/top-2-1-1.jpeg 1297w, https:\/\/radiorevelacionfm.cl\/wp-content\/uploads\/2022\/11\/top-2-1-1-300x139.jpeg 300w, https:\/\/radiorevelacionfm.cl\/wp-content\/uploads\/2022\/11\/top-2-1-1-1030x476.jpeg 1030w, https:\/\/radiorevelacionfm.cl\/wp-content\/uploads\/2022\/11\/top-2-1-1-768x355.jpeg 768w, https:\/\/radiorevelacionfm.cl\/wp-content\/uploads\/2022\/11\/top-2-1-1-705x326.jpeg 705w, https:\/\/radiorevelacionfm.cl\/wp-content\/uploads\/2022\/11\/top-2-1-1-600x278.jpeg 600w\" sizes=\"(max-width: 1297px) 100vw, 1297px\" \/><\/div><\/div><\/div><\/div><div class=\"flex_column av_one_full  flex_column_div av-zero-column-padding first  avia-builder-el-2  el_after_av_one_full  el_before_av_one_full  column-top-margin\" style='border-radius:0px; '><section class=\"av_textblock_section \"  itemscope=\"itemscope\" itemtype=\"https:\/\/schema.org\/BlogPosting\" itemprop=\"blogPost\" ><div class='avia_textblock  '   itemprop=\"text\" ><p style=\"text-align: center;\"><strong><span style=\"font-size: 18pt;\">Tribunal condena a 5 a\u00f1os y un d\u00eda de presidio a autor de tr\u00e1fico de drogas perpetrado en Puerto Cisnes <\/span><\/strong><\/p>\n<div id=\"gtx-trans\" style=\"position: absolute; left: -50px; top: 4.31534px;\">\n<div class=\"gtx-trans-icon\"><\/div>\n<\/div>\n<\/div><\/section><\/div><div class=\"flex_column av_one_full  flex_column_div av-zero-column-padding first  avia-builder-el-4  el_after_av_one_full  el_before_av_hr  column-top-margin\" style='border-radius:0px; '><section class=\"av_textblock_section \"  itemscope=\"itemscope\" itemtype=\"https:\/\/schema.org\/BlogPosting\" itemprop=\"blogPost\" ><div class='avia_textblock  '   itemprop=\"text\" ><p class=\"v1MsoNormal\" style=\"text-align: justify;\">El Tribunal de Juicio Oral en lo Penal de Coyhaique conden\u00f3 a Rodrigo Fernando Ortega Ibaceta a la pena de 5 a\u00f1os y un d\u00eda de presidio efectivo, en calidad de autor del delito consumado de tr\u00e1fico de drogas. Il\u00edcito perpetrado en abril del a\u00f1o pasado, en la comuna de Cisnes.<\/p>\n<p class=\"v1MsoNormal\" style=\"text-align: justify;\">En fallo un\u00e1nime (causa rol 78-2022), el tribunal \u2013integrado por los magistrados Rosal\u00eda Mansilla Quiroz (presidenta), M\u00f3nica Coloma Pulgar y Pablo Freire Gavil\u00e1n (redactor)\u2013 aplic\u00f3, adem\u00e1s, a Ortega Ibaceta las accesorias legales de inhabilitaci\u00f3n absoluta perpetua para cargos y oficios p\u00fablicos y derechos pol\u00edticos\u00a0y la\u00a0inhabilitaci\u00f3n absoluta para profesiones titulares mientras dure la condena; m\u00e1s el pago de una multa a beneficio fiscal de 24 UTM.<\/p>\n<p class=\"v1MsoNormal\" style=\"text-align: justify;\">En tanto, Jhoselyn Alexandra Bastidas Illanes fue condenada a la pena de 5 a\u00f1os de presidio, con el beneficio de la libertad vigilada intensiva por igual lapso, accesorias de inhabilitaci\u00f3n absoluta perpetua para derechos pol\u00edticos\u00a0y la\u00a0inhabilitaci\u00f3n absoluta para cargos y oficios p\u00fablicos durante el tiempo de la condena; m\u00e1s el pago una multa de 12 UTM, en calidad de coautora del delito.<\/p>\n<p class=\"v1MsoNormal\" style=\"text-align: justify;\">En el cumplimiento de la pena sustitutiva, Bastidas Illanes deber\u00e1 fijar residencia y sujetarse a la vigilancia y orientaci\u00f3n permanente de un delegado; adem\u00e1s de ejercer alguna profesi\u00f3n u oficio, que determine el plan de intervenci\u00f3n.<\/p>\n<p class=\"v1MsoNormal\" style=\"text-align: justify;\">Una vez que el fallo quede ejecutoriado, el tribunal dispuso que se proceda a la toma de muestras biol\u00f3gicas de los sentenciados para determinar sus respectivas huellas gen\u00e9ticas e incorporaci\u00f3n en el registro nacional de ADN de condenados. Adem\u00e1s, se decret\u00f3 el comiso de las especies y dinero incautados en el procedimiento.<\/p>\n<p class=\"v1MsoNormal\" style=\"text-align: justify;\">El tribunal dio por acreditado, m\u00e1s all\u00e1 de toda duda razonable, que en marzo de 2022, Ortega Ibaceta y Bastidas Illanes coordinaron con un tercero, el envi\u00f3 de droga desde la ciudad de Vi\u00f1a del Mar hasta Puerto Cisnes, v\u00eda encomienda.<\/p>\n<p class=\"v1MsoNormal\" style=\"text-align: justify;\">En dicho contexto, el\u00a06\u00a0de abril de 2022, \u00ab(&#8230;) la encomienda lleg\u00f3 a la sucursal de la empresa Starken, ubicada en calle Magallanes n\u00ba 303 de la comuna de Coyhaique. En dicho lugar, la encomienda fue identificada por un can detector de drogas, y previa autorizaci\u00f3n, personal de OS7 procedi\u00f3 a su apertura, sustituci\u00f3n y entrega vigilada. El env\u00edo conten\u00eda en su interior las siguientes especies: Dos bolsas transparentes contenedoras de 35,8 y 10,45 gramos netos coca\u00edna clorhidrato, a 13% y 14% respectivamente; una bolsa con 27,87 gramos netos de hierba del g\u00e9nero cannabis, un envase met\u00e1lico con la leyenda Nescaf\u00e9 con dos contenedores envueltos en cinta adhesiva en cuyo interior hab\u00eda 28,7 y 25,7 gramos netos de hierba del g\u00e9nero cannabis; un envase met\u00e1lico con la leyenda Nescaf\u00e9 con dos contenedores envueltos en cinta adhesiva en cuyo interior hab\u00eda 29,95 y 19,27 gramos netos de hierba del g\u00e9nero cannabis\u00bb.<\/p>\n<p class=\"v1MsoNormal\" style=\"text-align: justify;\">Posteriormente, el\u00a08\u00a0de abril de 2022, \u00ab(&#8230;) la encomienda fue trasladada hasta la localidad de Puerto Cisnes. A eso de las 20:40 horas, los imputados retiraron la encomienda para transportarla hasta su veh\u00edculo, instantes en los cuales son sorprendidos por funcionarios de OS7 en posesi\u00f3n de dicha caja que ten\u00eda en su interior la droga previamente sustituida y que era objeto de entrega vigilada. Posteriormente, funcionarios de OS7 se dirigieron hasta el domicilio de calle Arturo Alessandri s\/n de Puerto Cisnes, lugar donde el imputado Rodrigo Fernando Ortega Ibaceta pose\u00eda en diversas partes del inmueble las siguientes especies: Un envase de vidrio contenedor de 5,65 gramos netos de hierba del g\u00e9nero cannabis; un monedero contenedor de 6 bolsas que en total pesaron 5,55 gramos netos de hierba del g\u00e9nero cannabis, una balanza digital; una bolsa contenedora de 5,99 gramos netos de ketamina, $110.000 producto de esta actividad il\u00edcita. Adem\u00e1s cada uno de los imputados pose\u00edan tel\u00e9fonos celulares a trav\u00e9s del cual coordinaban esta actividad il\u00edcita\u00bb.<\/p>\n<\/div><\/section><\/div><div  style='height:50px' class='hr hr-invisible   avia-builder-el-6  el_after_av_one_full  el_before_av_social_share '><span class='hr-inner ' ><span class='hr-inner-style'><\/span><\/span><\/div><\/p>\n<div  class='av-social-sharing-box  avia-builder-el-7  el_after_av_hr  el_before_av_hr  '><div class='av-share-box'><h5 class='av-share-link-description av-no-toc '>Compartir esta noticia<\/h5><ul class='av-share-box-list noLightbox'><li class='av-share-link av-social-link-facebook' ><a target=\"_blank\" aria-label=\"Compartir en Facebook\" href='https:\/\/www.facebook.com\/sharer.php?u=https:\/\/radiorevelacionfm.cl\/?p=26163&#038;t=Tribunal%20condena%20a%205%20a%C3%B1os%20y%20un%20d%C3%ADa%20de%20presidio%20a%20autor%20de%20tr%C3%A1fico%20de%20drogas%20perpetrado%20en%20Puerto%20Cisnes' aria-hidden='false' data-av_icon='\ue8f3' data-av_iconfont='entypo-fontello' title='' data-avia-related-tooltip='Compartir en Facebook' rel=\"noopener\"><span class='avia_hidden_link_text'>Compartir en Facebook<\/span><\/a><\/li><li class='av-share-link av-social-link-twitter' ><a target=\"_blank\" aria-label=\"Compartir en Twitter\" href='https:\/\/twitter.com\/share?text=Tribunal%20condena%20a%205%20a%C3%B1os%20y%20un%20d%C3%ADa%20de%20presidio%20a%20autor%20de%20tr%C3%A1fico%20de%20drogas%20perpetrado%20en%20Puerto%20Cisnes&#038;url=https:\/\/radiorevelacionfm.cl\/?p=26163' aria-hidden='false' data-av_icon='\ue8f1' data-av_iconfont='entypo-fontello' title='' data-avia-related-tooltip='Compartir en Twitter' rel=\"noopener\"><span class='avia_hidden_link_text'>Compartir en Twitter<\/span><\/a><\/li><li class='av-share-link av-social-link-whatsapp' ><a target=\"_blank\" aria-label=\"Compartir en Whatsapp\" href='https:\/\/api.whatsapp.com\/send?text=https:\/\/radiorevelacionfm.cl\/?p=26163' aria-hidden='false' data-av_icon='\uf232' data-av_iconfont='entypo-fontello' title='' data-avia-related-tooltip='Compartir en Whatsapp' rel=\"noopener\"><span class='avia_hidden_link_text'>Compartir en Whatsapp<\/span><\/a><\/li><li class='av-share-link av-social-link-linkedin' ><a target=\"_blank\" aria-label=\"Compartir en LinkedIn\" href='https:\/\/linkedin.com\/shareArticle?mini=true&#038;title=Tribunal%20condena%20a%205%20a%C3%B1os%20y%20un%20d%C3%ADa%20de%20presidio%20a%20autor%20de%20tr%C3%A1fico%20de%20drogas%20perpetrado%20en%20Puerto%20Cisnes&#038;url=https:\/\/radiorevelacionfm.cl\/?p=26163' aria-hidden='false' data-av_icon='\ue8fc' data-av_iconfont='entypo-fontello' title='' data-avia-related-tooltip='Compartir en LinkedIn' rel=\"noopener\"><span class='avia_hidden_link_text'>Compartir en LinkedIn<\/span><\/a><\/li><li class='av-share-link av-social-link-mail' ><a  aria-label=\"Compartir por correo\" href='mailto:?subject=Tribunal%20condena%20a%205%20a%C3%B1os%20y%20un%20d%C3%ADa%20de%20presidio%20a%20autor%20de%20tr%C3%A1fico%20de%20drogas%20perpetrado%20en%20Puerto%20Cisnes&#038;body=https:\/\/radiorevelacionfm.cl\/?p=26163' aria-hidden='false' data-av_icon='\ue805' data-av_iconfont='entypo-fontello' title='' data-avia-related-tooltip='Compartir por correo'><span class='avia_hidden_link_text'>Compartir por correo<\/span><\/a><\/li><\/ul><\/div><\/div>\n<div  style='height:50px' class='hr hr-invisible   avia-builder-el-8  el_after_av_social_share  el_before_av_comments_list '><span class='hr-inner ' ><span class='hr-inner-style'><\/span><\/span><\/div>\n<div  class='av-buildercomment  av-blog-meta-html-info-disabled av-blog-meta-tag-disabled  '><\/div>\n","protected":false},"excerpt":{"rendered":"","protected":false},"author":1,"featured_media":24329,"comment_status":"open","ping_status":"open","sticky":false,"template":"","format":"standard","meta":{"footnotes":""},"categories":[55],"tags":[],"class_list":["post-26163","post","type-post","status-publish","format-standard","has-post-thumbnail","hentry","category-justicia"],"jetpack_featured_media_url":"https:\/\/radiorevelacionfm.cl\/wp-content\/uploads\/2022\/11\/top-2-1-1.jpeg","_links":{"self":[{"href":"https:\/\/radiorevelacionfm.cl\/index.php?rest_route=\/wp\/v2\/posts\/26163","targetHints":{"allow":["GET"]}}],"collection":[{"href":"https:\/\/radiorevelacionfm.cl\/index.php?rest_route=\/wp\/v2\/posts"}],"about":[{"href":"https:\/\/radiorevelacionfm.cl\/index.php?rest_route=\/wp\/v2\/types\/post"}],"author":[{"embeddable":true,"href":"https:\/\/radiorevelacionfm.cl\/index.php?rest_route=\/wp\/v2\/users\/1"}],"replies":[{"embeddable":true,"href":"https:\/\/radiorevelacionfm.cl\/index.php?rest_route=%2Fwp%2Fv2%2Fcomments&post=26163"}],"version-history":[{"count":2,"href":"https:\/\/radiorevelacionfm.cl\/index.php?rest_route=\/wp\/v2\/posts\/26163\/revisions"}],"predecessor-version":[{"id":26165,"href":"https:\/\/radiorevelacionfm.cl\/index.php?rest_route=\/wp\/v2\/posts\/26163\/revisions\/26165"}],"wp:featuredmedia":[{"embeddable":true,"href":"https:\/\/radiorevelacionfm.cl\/index.php?rest_route=\/wp\/v2\/media\/24329"}],"wp:attachment":[{"href":"https:\/\/radiorevelacionfm.cl\/index.php?rest_route=%2Fwp%2Fv2%2Fmedia&parent=26163"}],"wp:term":[{"taxonomy":"category","embeddable":true,"href":"https:\/\/radiorevelacionfm.cl\/index.php?rest_route=%2Fwp%2Fv2%2Fcategories&post=26163"},{"taxonomy":"post_tag","embeddable":true,"href":"https:\/\/radiorevelacionfm.cl\/index.php?rest_route=%2Fwp%2Fv2%2Ftags&post=26163"}],"curies":[{"name":"wp","href":"https:\/\/api.w.org\/{rel}","templated":true}]}}